{"id":24729,"date":"2025-07-07T18:41:21","date_gmt":"2025-07-07T23:41:21","guid":{"rendered":"https:\/\/www.elamazonico.com\/portal\/?p=24729"},"modified":"2025-07-07T18:43:23","modified_gmt":"2025-07-07T23:43:23","slug":"presidente-daniel-noboa-designa-a-pastor-valverde-como-delegado-para-presidir-el-consejo-de-planificacion-de-la-amazonia","status":"publish","type":"post","link":"https:\/\/www.elamazonico.com\/portal\/presidente-daniel-noboa-designa-a-pastor-valverde-como-delegado-para-presidir-el-consejo-de-planificacion-de-la-amazonia\/","title":{"rendered":"Oswaldo Valverde L\u00f3pez es el nuevo delegado para presidir el Consejo de Planificaci\u00f3n de la Amazon\u00eda"},"content":{"rendered":"<p data-start=\"281\" data-end=\"659\">Mediante Decreto Ejecutivo No. 045, el presidente de la Rep\u00fablica, Daniel Noboa Az\u00edn, oficializ\u00f3 la designaci\u00f3n del <strong data-start=\"397\" data-end=\"430\">Oswaldo Valverde L\u00f3pez<\/strong> como su delegado para presidir el <strong data-start=\"465\" data-end=\"508\">Consejo de Planificaci\u00f3n de la Amazon\u00eda<\/strong>. Esta decisi\u00f3n se enmarca en el compromiso gubernamental de fortalecer los procesos de planificaci\u00f3n y desarrollo sostenible en la regi\u00f3n amaz\u00f3nica.<\/p>\n<p data-start=\"661\" data-end=\"1134\">El delegado presidencial, Oswaldo Valverde, es un profesional con una reconocida trayectoria en el \u00e1mbito productivo y social. Entre sus cargos m\u00e1s destacados se encuentra su gesti\u00f3n como <strong data-start=\"848\" data-end=\"886\">Director de Desarrollo Sustentable<\/strong> en el Gobierno Provincial de Pastaza, durante la administraci\u00f3n del prefecto Antonio Kubes, donde lider\u00f3 iniciativas orientadas al manejo responsable de los recursos naturales y el impulso de proyectos comunitarios con enfoque de sostenibilidad.<\/p>\n<p data-start=\"1136\" data-end=\"1566\">El Consejo de Planificaci\u00f3n de la Amazon\u00eda es un \u00f3rgano clave para la articulaci\u00f3n de pol\u00edticas p\u00fablicas que garanticen el desarrollo integral de esta regi\u00f3n estrat\u00e9gica del pa\u00eds. Con la designaci\u00f3n de Valverde L\u00f3pez, el Ejecutivo busca fortalecer la coordinaci\u00f3n interinstitucional y promover acciones que equilibren el progreso econ\u00f3mico con la conservaci\u00f3n ambiental y el respeto a los derechos de las comunidades amaz\u00f3nicas.<\/p>\n<p data-start=\"1568\" data-end=\"1855\">El nuevo delegado asume el reto de liderar un espacio de di\u00e1logo y planificaci\u00f3n que atienda las necesidades hist\u00f3ricas de la Amazon\u00eda, velando por un desarrollo inclusivo y sostenible en concordancia con los objetivos nacionales y los compromisos internacionales en materia ambiental.<\/p>\n","protected":false},"excerpt":{"rendered":"<p>Mediante Decreto Ejecutivo No. 045, el presidente de la Rep\u00fablica, Daniel Noboa Az\u00edn, oficializ\u00f3 la designaci\u00f3n del Oswaldo Valverde L\u00f3pez como su delegado para presidir el Consejo de Planificaci\u00f3n de la Amazon\u00eda. Esta decisi\u00f3n se enmarca en el compromiso gubernamental de fortalecer los procesos de planificaci\u00f3n y desarrollo sostenible en la regi\u00f3n amaz\u00f3nica. El delegado presidencial, Oswaldo Valverde, es un profesional con una reconocida trayectoria en el \u00e1mbito productivo y social. Entre sus cargos m\u00e1s destacados se encuentra su gesti\u00f3n como Director de Desarrollo Sustentable en el Gobierno Provincial de Pastaza, durante la administraci\u00f3n del prefecto Antonio Kubes, donde lider\u00f3 iniciativas orientadas al manejo responsable de los recursos naturales y el impulso de proyectos comunitarios con enfoque de sostenibilidad. El Consejo de Planificaci\u00f3n de la Amazon\u00eda es un \u00f3rgano clave para la articulaci\u00f3n de pol\u00edticas p\u00fablicas que garanticen el desarrollo integral de esta regi\u00f3n estrat\u00e9gica del pa\u00eds. Con la designaci\u00f3n de Valverde L\u00f3pez, el Ejecutivo busca fortalecer la coordinaci\u00f3n interinstitucional y promover acciones que equilibren el progreso econ\u00f3mico con la conservaci\u00f3n ambiental y el respeto a los derechos de las comunidades amaz\u00f3nicas. El nuevo delegado asume el reto de liderar un espacio de di\u00e1logo y planificaci\u00f3n que atienda las necesidades hist\u00f3ricas de la Amazon\u00eda, velando por un desarrollo inclusivo y sostenible en concordancia con los objetivos nacionales y los compromisos internacionales en materia ambiental.<\/p>\n","protected":false},"author":1,"featured_media":24731,"comment_status":"open","ping_status":"open","sticky":false,"template":"","format":"standard","meta":{"footnotes":""},"categories":[243],"tags":[],"class_list":["post-24729","post","type-post","status-publish","format-standard","has-post-thumbnail","hentry","category-noticias-zamora"],"_links":{"self":[{"href":"https:\/\/www.elamazonico.com\/portal\/wp-json\/wp\/v2\/posts\/24729","targetHints":{"allow":["GET"]}}],"collection":[{"href":"https:\/\/www.elamazonico.com\/portal\/wp-json\/wp\/v2\/posts"}],"about":[{"href":"https:\/\/www.elamazonico.com\/portal\/wp-json\/wp\/v2\/types\/post"}],"author":[{"embeddable":true,"href":"https:\/\/www.elamazonico.com\/portal\/wp-json\/wp\/v2\/users\/1"}],"replies":[{"embeddable":true,"href":"https:\/\/www.elamazonico.com\/portal\/wp-json\/wp\/v2\/comments?post=24729"}],"version-history":[{"count":2,"href":"https:\/\/www.elamazonico.com\/portal\/wp-json\/wp\/v2\/posts\/24729\/revisions"}],"predecessor-version":[{"id":24733,"href":"https:\/\/www.elamazonico.com\/portal\/wp-json\/wp\/v2\/posts\/24729\/revisions\/24733"}],"wp:featuredmedia":[{"embeddable":true,"href":"https:\/\/www.elamazonico.com\/portal\/wp-json\/wp\/v2\/media\/24731"}],"wp:attachment":[{"href":"https:\/\/www.elamazonico.com\/portal\/wp-json\/wp\/v2\/media?parent=24729"}],"wp:term":[{"taxonomy":"category","embeddable":true,"href":"https:\/\/www.elamazonico.com\/portal\/wp-json\/wp\/v2\/categories?post=24729"},{"taxonomy":"post_tag","embeddable":true,"href":"https:\/\/www.elamazonico.com\/portal\/wp-json\/wp\/v2\/tags?post=24729"}],"curies":[{"name":"wp","href":"https:\/\/api.w.org\/{rel}","templated":true}]}}