{"id":24726,"date":"2025-07-07T17:20:26","date_gmt":"2025-07-07T22:20:26","guid":{"rendered":"https:\/\/www.elamazonico.com\/portal\/?p=24726"},"modified":"2025-07-07T17:20:26","modified_gmt":"2025-07-07T22:20:26","slug":"el-sistema-judicial-esta-en-estado-critico-dice-la-judicatura-para-justificar-declaratoria-de-emergencia","status":"publish","type":"post","link":"https:\/\/www.elamazonico.com\/portal\/el-sistema-judicial-esta-en-estado-critico-dice-la-judicatura-para-justificar-declaratoria-de-emergencia\/","title":{"rendered":"El sistema judicial est\u00e1 en \u00abestado cr\u00edtico\u00bb dice la Judicatura para justificar declaratoria de emergencia"},"content":{"rendered":"<p>Hasta finales de julio o inicios de agosto la justicia en el pa\u00eds podr\u00eda entrar en estado de emergencia. El Consejo de la Judicatura (CJ) recopila informaci\u00f3n y elabora los informes para justificar la inminente declaratoria.<\/p>\n<p>El presidente del organismo, Mario Godoy, estuvo en la Asamblea este 7 de julio informando del \u00abestado cr\u00edtico\u00bb que presenta el sistema judicial en la actualidad. Esta vez ante la Comisi\u00f3n de Justicia y Estructura del Estado.<\/p>\n<p>Aunque no especific\u00f3 una fecha, Godoy dijo que su expectativa es que en dos semanas el Pleno del Consejo de la Judicatura conozca los informes situacionales, paso previo para decidir la declaratoria de emergencia.<\/p>\n<p>\u00abComo presidencia y las \u00e1reas t\u00e9cnicas hemos levantado la informaci\u00f3n preliminar, consideramos que los datos de ajuste en el \u00e1mbito t\u00e9cnico, jur\u00eddico y, sobre todo, financiero, se est\u00e1n haciendo y esperamos tenerlos para que conozca el pleno\u00bb, se\u00f1al\u00f3 el titular del CJ.<\/p>\n<p>Seg\u00fan la Ley de Integridad P\u00fablica, vigente desde el 26 de junio, es el presidente de la Judicatura el competente para declarar la emergencia, previa aprobaci\u00f3n del resto de integrantes del organismo.<\/p>\n<p>Sin embargo, Godoy ratific\u00f3 ante la Asamblea que esta figura no es nueva y que reci\u00e9n se podr\u00e1 aplicar con la vigencia de la nueva normativa. De hecho, aclar\u00f3 que en los \u00faltimos a\u00f1os ha habido casi una decena de declaratorias de este tipo.<\/p>\n<p>Adem\u00e1s, est\u00e1n a la espera de la informaci\u00f3n y los requerimientos que tienen otras instancias del sistema de justicia. Godoy reconoci\u00f3 que con la Corte Nacional de Justicia (CNJ) existe un di\u00e1logo constante y \u00abfluido\u00bb, lo que facilita el intercambio de datos.<\/p>\n<p>En tanto que pedir\u00e1 en estos d\u00edas que el fiscal General, Wilson Toainga, env\u00ede por escrito sus aportes y buscar\u00e1 una cita con el defensor p\u00fablico, Ricardo Morales.<\/p>\n<p><strong>Evaluaci\u00f3n paralela<\/strong><br \/>\nLa declaratoria de emergencia vendr\u00eda acompa\u00f1ada con el inicio de un proceso de evaluaci\u00f3n para todos los funcionarios que son parte del sistema de justicia.<\/p>\n<p>El presidente de la Judicatura asegur\u00f3 que los par\u00e1metros y el borrador de la normativa de evaluaci\u00f3n est\u00e1n hechos y se los ha definido de manera t\u00e9cnica.<\/p>\n<p>El objetivo es que, por ejemplo, los jueces especializados en materia Penal tengan una examinaci\u00f3n distinta a los que tratan Civil o de la Ni\u00f1ez.<\/p>\n<p>Godoy hizo un llamado a la calma de los funcionarios judiciales, porque asegur\u00f3 que este tr\u00e1mite no ser\u00e1 motivo ni de persecuci\u00f3n o de \u00abcacer\u00eda de brujas\u00bb.<\/p>\n<blockquote><p>\u00abEl servidor judicial que debe estar preocupado es el que tiene cuatro carros de alta gama, casas sobrevaloradas en lugares exclusivos cuando su capacidad econ\u00f3mica no le da para eso. Ellos son los que deben estar preocupad\u00edsimos. Mario Godoy, presidente del CJ<\/p><\/blockquote>\n<p><strong>Fuente: Primicias<\/strong><\/p>\n","protected":false},"excerpt":{"rendered":"<p>Hasta finales de julio o inicios de agosto la justicia en el pa\u00eds podr\u00eda entrar en estado de emergencia. El Consejo de la Judicatura (CJ) recopila informaci\u00f3n y elabora los informes para justificar la inminente declaratoria. El presidente del organismo, Mario Godoy, estuvo en la Asamblea este 7 de julio informando del \u00abestado cr\u00edtico\u00bb que presenta el sistema judicial en la actualidad. Esta vez ante la Comisi\u00f3n de Justicia y Estructura del Estado. Aunque no especific\u00f3 una fecha, Godoy dijo que su expectativa es que en dos semanas el Pleno del Consejo de la Judicatura conozca los informes situacionales, paso previo para decidir la declaratoria de emergencia. \u00abComo presidencia y las \u00e1reas t\u00e9cnicas hemos levantado la informaci\u00f3n preliminar, consideramos que los datos de ajuste en el \u00e1mbito t\u00e9cnico, jur\u00eddico y, sobre todo, financiero, se est\u00e1n haciendo y esperamos tenerlos para que conozca el pleno\u00bb, se\u00f1al\u00f3 el titular del CJ. Seg\u00fan la Ley de Integridad P\u00fablica, vigente desde el 26 de junio, es el presidente de la Judicatura el competente para declarar la emergencia, previa aprobaci\u00f3n del resto de integrantes del organismo. Sin embargo, Godoy ratific\u00f3 ante la Asamblea que esta figura no es nueva y que reci\u00e9n se podr\u00e1 aplicar con la vigencia de la nueva normativa. De hecho, aclar\u00f3 que en los \u00faltimos a\u00f1os ha habido casi una decena de declaratorias de este tipo. Adem\u00e1s, est\u00e1n a la espera de la informaci\u00f3n y los requerimientos que tienen otras instancias del sistema de justicia. Godoy reconoci\u00f3 que con la Corte Nacional de Justicia (CNJ) existe un di\u00e1logo constante y \u00abfluido\u00bb, lo que facilita el intercambio de datos. En tanto que pedir\u00e1 en estos d\u00edas que el fiscal General, Wilson Toainga, env\u00ede por escrito sus aportes y buscar\u00e1 una cita con el defensor p\u00fablico, Ricardo Morales. Evaluaci\u00f3n paralela La declaratoria de emergencia vendr\u00eda acompa\u00f1ada con el inicio de un proceso de evaluaci\u00f3n para todos los funcionarios que son parte del sistema de justicia. El presidente de la Judicatura asegur\u00f3 que los par\u00e1metros y el borrador de la normativa de evaluaci\u00f3n est\u00e1n hechos y se los ha definido de manera t\u00e9cnica. El objetivo es que, por ejemplo, los jueces especializados en materia Penal tengan una examinaci\u00f3n distinta a los que tratan Civil o de la Ni\u00f1ez. Godoy hizo un llamado a la calma de los funcionarios judiciales, porque asegur\u00f3 que este tr\u00e1mite no ser\u00e1 motivo ni de persecuci\u00f3n o de \u00abcacer\u00eda de brujas\u00bb. \u00abEl servidor judicial que debe estar preocupado es el que tiene cuatro carros de alta gama, casas sobrevaloradas en lugares exclusivos cuando su capacidad econ\u00f3mica no le da para eso. Ellos son los que deben estar preocupad\u00edsimos. Mario Godoy, presidente del CJ Fuente: Primicias<\/p>\n","protected":false},"author":1,"featured_media":24727,"comment_status":"open","ping_status":"open","sticky":false,"template":"","format":"standard","meta":{"footnotes":""},"categories":[268],"tags":[],"class_list":["post-24726","post","type-post","status-publish","format-standard","has-post-thumbnail","hentry","category-nacionales"],"_links":{"self":[{"href":"https:\/\/www.elamazonico.com\/portal\/wp-json\/wp\/v2\/posts\/24726","targetHints":{"allow":["GET"]}}],"collection":[{"href":"https:\/\/www.elamazonico.com\/portal\/wp-json\/wp\/v2\/posts"}],"about":[{"href":"https:\/\/www.elamazonico.com\/portal\/wp-json\/wp\/v2\/types\/post"}],"author":[{"embeddable":true,"href":"https:\/\/www.elamazonico.com\/portal\/wp-json\/wp\/v2\/users\/1"}],"replies":[{"embeddable":true,"href":"https:\/\/www.elamazonico.com\/portal\/wp-json\/wp\/v2\/comments?post=24726"}],"version-history":[{"count":1,"href":"https:\/\/www.elamazonico.com\/portal\/wp-json\/wp\/v2\/posts\/24726\/revisions"}],"predecessor-version":[{"id":24728,"href":"https:\/\/www.elamazonico.com\/portal\/wp-json\/wp\/v2\/posts\/24726\/revisions\/24728"}],"wp:featuredmedia":[{"embeddable":true,"href":"https:\/\/www.elamazonico.com\/portal\/wp-json\/wp\/v2\/media\/24727"}],"wp:attachment":[{"href":"https:\/\/www.elamazonico.com\/portal\/wp-json\/wp\/v2\/media?parent=24726"}],"wp:term":[{"taxonomy":"category","embeddable":true,"href":"https:\/\/www.elamazonico.com\/portal\/wp-json\/wp\/v2\/categories?post=24726"},{"taxonomy":"post_tag","embeddable":true,"href":"https:\/\/www.elamazonico.com\/portal\/wp-json\/wp\/v2\/tags?post=24726"}],"curies":[{"name":"wp","href":"https:\/\/api.w.org\/{rel}","templated":true}]}}