{"id":24700,"date":"2025-07-07T06:10:51","date_gmt":"2025-07-07T11:10:51","guid":{"rendered":"https:\/\/www.elamazonico.com\/portal\/?p=24700"},"modified":"2025-07-07T06:10:51","modified_gmt":"2025-07-07T11:10:51","slug":"presidente-de-la-comuna-de-chongon-responde-a-las-acusaciones-de-aquiles-alvarez-luego-de-intento-de-agresion","status":"publish","type":"post","link":"https:\/\/www.elamazonico.com\/portal\/presidente-de-la-comuna-de-chongon-responde-a-las-acusaciones-de-aquiles-alvarez-luego-de-intento-de-agresion\/","title":{"rendered":"Presidente de la comuna de Chong\u00f3n responde a las acusaciones de Aquiles Alvarez luego de intento de agresi\u00f3n"},"content":{"rendered":"<div class=\"paragraph texto\">\n<p class=\"p_0\"><b>El alcalde de la ciudad de Guayaquil,\u00a0<a href=\"https:\/\/www.vistazo.com\/cronologia\/-\/meta\/aquiles-alvarez\">Aquiles Alvarez<\/a>, protagoniz\u00f3, durante una visita de obra, un incidente con el presidente de la comuna de Chong\u00f3n, Danny Torres, al que luego tild\u00f3 de \u00abdelincuente\u00bb.<\/b><\/p>\n<p class=\"p_2\">Este s\u00e1bado circul\u00f3 un video en el que se aprecia a Alvarez, Torres y otras personas en un di\u00e1logo, cuyo contexto no se entiende en el video, tras el cual comienza un<b>\u00a0cruce de palabras<\/b>, el alcalde se molesta e<b>\u00a0intenta agredir a Torres<\/b>, pero la gente que los rodea<b>\u00a0impide que la situaci\u00f3n escale.<\/b><\/p>\n<p class=\"p_3\">\u00abTremendo\u00a0<b>delincuente<\/b>, presidente de la comuna Chong\u00f3n, se\u00f1or\u00a0<b>Danny Torres<\/b>, pretende\u00a0<b>extorsionar<\/b>\u00a0a la Autoridad Aeroportuaria de Guayaquil, cobr\u00e1ndole\u00a0<b>$70,000 por un terreno comunal<\/b>, donde por pedido de la comuna, mediante oficio, hicimos dos parques maravillosos que acabamos de inaugurar\u00bb, escribi\u00f3 este s\u00e1bado Alvarez en su cuenta de X.<\/p>\n<div>\n<div class=\"trv-player-container\">\n<div class=\"trv-wrapper\">\n<div id=\"br_video_player_0bb47cca11c320d5df56b14019c3ad5a7a4d6079\" class=\"trvd_video_player trvdfloater trv-right\">\n<div class=\"media-player\">\n<div class=\"trv-video\">\n<div id=\"truvid_ima_container85786\" class=\"truvid_ima_container\">\n<div>Y agreg\u00f3: \u00abEst\u00e1 <b>grabado en c\u00e1mara y audio<\/b>, en las mismas oficinas de la Autoridad Aeroportuaria de Guayaquil\u00bb.<\/div>\n<\/div>\n<\/div>\n<\/div>\n<\/div>\n<\/div>\n<\/div>\n<\/div>\n<\/div>\n<div class=\"html_text\">\n<div class=\"twitter-tweet twitter-tweet-rendered\">\u00abAc\u00e1 no nos intimida ning\u00fan delincuente, enfrentaremos a quien sea, como sea, en cualquier terreno. Cero temor.<b>\u00a0El Guayaquil del amarre se acab\u00f3<\/b>, el Guayaquil donde delincuentes, presidentes de comunas viv\u00edan\u00a0<b>extorsionando\u00a0<\/b>y\u00a0<b>chantajeando<\/b>, se acab\u00f3\u00bb, indic\u00f3 el burgomaestre.<\/div>\n<\/div>\n<div class=\"paragraph texto\">\n<p class=\"p_7\">Alvarez avanz\u00f3 que el Municipio\u00a0<b>\u00abir\u00e1 hasta las \u00faltimas consecuencias penales contra este ladr\u00f3n\u00bb.<\/b><\/p>\n<\/div>\n<h2 class=\"h2vistazo\">Danny Torres responde a los se\u00f1alamientos del alcalde<\/h2>\n<div class=\"paragraph texto\">\n<p class=\"p_8\">\u00abT\u00fa (Aquiles \u00c1lvarez) tienes un\u00a0<b>grillete<\/b>, yo no.\u00a0<b>Y a m\u00ed no me digas delincuente, porque aqu\u00ed quien tiene esa mala imagen eres t\u00fa<\/b>\u201d, dijo Torres en un video difundido este domingo.<\/p>\n<p class=\"p_9\">De acuerdo a Torres, nunca pidi\u00f3 un monto espec\u00edfico, sino que elev\u00f3 la posibilidad de que el Municipio otorgue\u00a0<b>\u201cdonaci\u00f3n a la comuna\u201d\u00a0<\/b>por la utilizaci\u00f3n de un conjunto de terrenos en los que\u00a0<b>se seguir\u00e1 desarrollando el proyecto de construcci\u00f3n del nuevo aeropuerto.<\/b><\/p>\n<p class=\"p_10\">\u201cQu\u00e9 mejor oportunidad que el Muy Ilustre Municipio de Guayaquil le done algo a favor de la comuna San Pedro de Chong\u00f3n para toda la comuna. No estoy diciendo a nombre personal de Danny Torres, sino para mi comuna San Pedro de Chong\u00f3n, a la cual represento, para la\u00a0<b>administraci\u00f3n comuna<\/b>l\u201d, declar\u00f3 el dirigente, quien mencion\u00f3 que se propuso un\u00a0<b>20-25% del aval\u00fao comercial de estos. Fuente: Vistazo<\/b><\/p>\n<\/div>\n","protected":false},"excerpt":{"rendered":"<p>El alcalde de la ciudad de Guayaquil,\u00a0Aquiles Alvarez, protagoniz\u00f3, durante una visita de obra, un incidente con el presidente de la comuna de Chong\u00f3n, Danny Torres, al que luego tild\u00f3 de \u00abdelincuente\u00bb. Este s\u00e1bado circul\u00f3 un video en el que se aprecia a Alvarez, Torres y otras personas en un di\u00e1logo, cuyo contexto no se entiende en el video, tras el cual comienza un\u00a0cruce de palabras, el alcalde se molesta e\u00a0intenta agredir a Torres, pero la gente que los rodea\u00a0impide que la situaci\u00f3n escale. \u00abTremendo\u00a0delincuente, presidente de la comuna Chong\u00f3n, se\u00f1or\u00a0Danny Torres, pretende\u00a0extorsionar\u00a0a la Autoridad Aeroportuaria de Guayaquil, cobr\u00e1ndole\u00a0$70,000 por un terreno comunal, donde por pedido de la comuna, mediante oficio, hicimos dos parques maravillosos que acabamos de inaugurar\u00bb, escribi\u00f3 este s\u00e1bado Alvarez en su cuenta de X. Y agreg\u00f3: \u00abEst\u00e1 grabado en c\u00e1mara y audio, en las mismas oficinas de la Autoridad Aeroportuaria de Guayaquil\u00bb. \u00abAc\u00e1 no nos intimida ning\u00fan delincuente, enfrentaremos a quien sea, como sea, en cualquier terreno. Cero temor.\u00a0El Guayaquil del amarre se acab\u00f3, el Guayaquil donde delincuentes, presidentes de comunas viv\u00edan\u00a0extorsionando\u00a0y\u00a0chantajeando, se acab\u00f3\u00bb, indic\u00f3 el burgomaestre. Alvarez avanz\u00f3 que el Municipio\u00a0\u00abir\u00e1 hasta las \u00faltimas consecuencias penales contra este ladr\u00f3n\u00bb. Danny Torres responde a los se\u00f1alamientos del alcalde \u00abT\u00fa (Aquiles \u00c1lvarez) tienes un\u00a0grillete, yo no.\u00a0Y a m\u00ed no me digas delincuente, porque aqu\u00ed quien tiene esa mala imagen eres t\u00fa\u201d, dijo Torres en un video difundido este domingo. De acuerdo a Torres, nunca pidi\u00f3 un monto espec\u00edfico, sino que elev\u00f3 la posibilidad de que el Municipio otorgue\u00a0\u201cdonaci\u00f3n a la comuna\u201d\u00a0por la utilizaci\u00f3n de un conjunto de terrenos en los que\u00a0se seguir\u00e1 desarrollando el proyecto de construcci\u00f3n del nuevo aeropuerto. \u201cQu\u00e9 mejor oportunidad que el Muy Ilustre Municipio de Guayaquil le done algo a favor de la comuna San Pedro de Chong\u00f3n para toda la comuna. No estoy diciendo a nombre personal de Danny Torres, sino para mi comuna San Pedro de Chong\u00f3n, a la cual represento, para la\u00a0administraci\u00f3n comunal\u201d, declar\u00f3 el dirigente, quien mencion\u00f3 que se propuso un\u00a020-25% del aval\u00fao comercial de estos. Fuente: Vistazo<\/p>\n","protected":false},"author":1,"featured_media":24701,"comment_status":"open","ping_status":"open","sticky":false,"template":"","format":"standard","meta":{"footnotes":""},"categories":[268],"tags":[],"class_list":["post-24700","post","type-post","status-publish","format-standard","has-post-thumbnail","hentry","category-nacionales"],"_links":{"self":[{"href":"https:\/\/www.elamazonico.com\/portal\/wp-json\/wp\/v2\/posts\/24700","targetHints":{"allow":["GET"]}}],"collection":[{"href":"https:\/\/www.elamazonico.com\/portal\/wp-json\/wp\/v2\/posts"}],"about":[{"href":"https:\/\/www.elamazonico.com\/portal\/wp-json\/wp\/v2\/types\/post"}],"author":[{"embeddable":true,"href":"https:\/\/www.elamazonico.com\/portal\/wp-json\/wp\/v2\/users\/1"}],"replies":[{"embeddable":true,"href":"https:\/\/www.elamazonico.com\/portal\/wp-json\/wp\/v2\/comments?post=24700"}],"version-history":[{"count":1,"href":"https:\/\/www.elamazonico.com\/portal\/wp-json\/wp\/v2\/posts\/24700\/revisions"}],"predecessor-version":[{"id":24702,"href":"https:\/\/www.elamazonico.com\/portal\/wp-json\/wp\/v2\/posts\/24700\/revisions\/24702"}],"wp:featuredmedia":[{"embeddable":true,"href":"https:\/\/www.elamazonico.com\/portal\/wp-json\/wp\/v2\/media\/24701"}],"wp:attachment":[{"href":"https:\/\/www.elamazonico.com\/portal\/wp-json\/wp\/v2\/media?parent=24700"}],"wp:term":[{"taxonomy":"category","embeddable":true,"href":"https:\/\/www.elamazonico.com\/portal\/wp-json\/wp\/v2\/categories?post=24700"},{"taxonomy":"post_tag","embeddable":true,"href":"https:\/\/www.elamazonico.com\/portal\/wp-json\/wp\/v2\/tags?post=24700"}],"curies":[{"name":"wp","href":"https:\/\/api.w.org\/{rel}","templated":true}]}}