{"id":24694,"date":"2025-07-07T06:05:59","date_gmt":"2025-07-07T11:05:59","guid":{"rendered":"https:\/\/www.elamazonico.com\/portal\/?p=24694"},"modified":"2025-07-07T06:05:59","modified_gmt":"2025-07-07T11:05:59","slug":"alfonso-espinosa-de-los-monteros-se-rompio-el-femur-debido-a-una-caida","status":"publish","type":"post","link":"https:\/\/www.elamazonico.com\/portal\/alfonso-espinosa-de-los-monteros-se-rompio-el-femur-debido-a-una-caida\/","title":{"rendered":"Alfonso Espinosa de los Monteros se rompi\u00f3 el f\u00e9mur debido a una ca\u00edda"},"content":{"rendered":"<div class=\"paragraph texto\">\n<p class=\"p_0\"><b>El periodista ecuatoriano\u00a0<a href=\"https:\/\/www.vistazo.com\/periodistas\/-\/meta\/alfonso-espinosa-de-los-monteros\">Alfonso Espinosa de los Monteros<\/a>, quien ostenta el r\u00e9cord Guinness de ser el presentador de noticias con m\u00e1s tiempo en el aire del mundo, se rompi\u00f3 el f\u00e9mur de la pierna derecha tras sufrir una ca\u00edda.<\/b><\/p>\n<p class=\"p_2\">As\u00ed lo inform\u00f3<b>\u00a0el propio Espinosa de los Monteros, de 83 a\u00f1os,<\/b>\u00a0este domingo en un video en sus redes sociales grabado en su vivienda.<\/p>\n<p class=\"p_3\">\u00abEn los \u00faltimos d\u00edas sufr\u00ed un\u00a0<b>accidente<\/b>, lamentable desde todo punto de vista, pues\u00a0<b>por una ca\u00edda me romp\u00ed el f\u00e9mur de la pierna derech<\/b>a, lo cual constituye una lesi\u00f3n ciertamente grave, que me llev\u00f3 al quir\u00f3fano en cuesti\u00f3n de minutos\u00bb, indic\u00f3.<\/p>\n<div>\n<div class=\"trv-player-container\">\n<div class=\"trv-wrapper\">\n<div id=\"br_video_player_7a999359a8209144b913b14019c3ad5a7a4d6079\" class=\"trvd_video_player trvdinstream\">\n<div class=\"media-player\">\n<div class=\"trv-video\">\n<div id=\"truvid_ima_container36437\" class=\"truvid_ima_container trv-ima-container-hidden\">\n<div>A\u00f1adi\u00f3 que<b>\u00a0\u00abno fue, felizmente, una rotura de cadera\u00bb\u00a0<\/b>y que ahora se encuentra en un proceso de recuperaci\u00f3n que<b>\u00a0\u00abes tremendamente exigente\u00bb.<\/b><\/div>\n<\/div>\n<\/div>\n<\/div>\n<\/div>\n<\/div>\n<\/div>\n<\/div>\n<p class=\"p_5\">Agradeci\u00f3 al personal m\u00e9dico que lo ha atendido, as\u00ed como a sus familiares y a quienes han tratado de comunicarse con \u00e9l, pero que no los ha podido atender por estar<b>\u00a0\u00abmuy apartado del tel\u00e9fono celular\u00bb.<\/b><\/p>\n<p class=\"p_6\">\u00abUn mal paso cualquiera da en la vida, dec\u00eda Gardel. Pues, como que\u00a0<b>me toc\u00f3 a m\u00ed esta vez dar ese mal paso<\/b>\u00a0y pasar por esta dolencia\u00bb, dijo al finalizar el v\u00eddeo.<\/p>\n<\/div>\n<h2 class=\"h2vistazo\">56 a\u00f1os de trayectoria<\/h2>\n<div class=\"paragraph texto\">\n<p class=\"p_7\">Espinosa de los Monteros, popularmente conocido como\u00a0<b>\u00abDon Alfonso\u00bb<\/b>, se\u00a0<b>retir\u00f3\u00a0<\/b>de las pantallas el 1 de mayo de 2023, luego de 56 a\u00f1os de trayectoria.<\/p>\n<p class=\"p_8\">\u00abDon Alfonso\u00bb apareci\u00f3 en pantalla el\u00a0<b>1 de marzo de 1967<\/b>, pero antes estuvo unos<b>\u00a08 a\u00f1os en radio<\/b>, y tuvo una\u00a0<b>temprana incursi\u00f3n en la prensa escrita a los 11 a\u00f1os<\/b>, casi por azar cuando un peri\u00f3dico public\u00f3 una tarea de escuela, sobre su experiencia en un paseo al monte Imbabura.<\/p>\n<p class=\"p_9\">Poco despu\u00e9s de haberse retirado de la pantalla en los noticieros de la televisi\u00f3n Ecuavisa, recibi\u00f3 la\u00a0<b>Condecoraci\u00f3n de la Orden Nacional al M\u00e9rito en el grado de Comendador<\/b>\u00a0de manos del entonces presidente Guillermo Lasso, en una ceremonia celebrada en el Sal\u00f3n Dorado del Palacio de Carondelet, sede del poder ejecutivo.<\/p>\n<p class=\"p_10\">El periodista, de 83 a\u00f1os, obtuvo esa distinci\u00f3n precisamente en el\u00a0<b>D\u00eda Mundial de la Libertad de Prensa.<\/b><\/p>\n<p class=\"p_11\"><b>Lea tambi\u00e9n |\u00a0<a href=\"https:\/\/www.vistazo.com\/actualidad\/nacional\/2025-07-06-asi-luce-buque-hospital-comfort-gran-navio-estadounidense-manta-CB9663756\">As\u00ed luce por dentro el buque hospital Comfort, el gran nav\u00edo estadounidense que brinda atenci\u00f3n m\u00e9dica en Manta<\/a><\/b><\/p>\n<p class=\"p_12\">Durante el acto, Lasso insisti\u00f3 en la importancia de velar por la\u00a0<b>libertad de expresi\u00f3n<\/b>\u00a0como una\u00a0<b>herramienta\u00a0<\/b>para \u00abdetener el autoritarismo, la corrupci\u00f3n y la violencia que ejercen los gobiernos desp\u00f3ticos y populistas a los que la prensa libre tanto incomoda\u00bb.<\/p>\n<p class=\"p_13\">En 2014, la organizaci\u00f3n de los Guinness certific\u00f3 el r\u00e9cord de \u00abDon Alfonso\u00bb como<b>\u00a0presentador de noticias en la televisi\u00f3n durante 47 a\u00f1os y 83 d\u00edas.<\/b><\/p>\n<\/div>\n","protected":false},"excerpt":{"rendered":"<p>El periodista ecuatoriano\u00a0Alfonso Espinosa de los Monteros, quien ostenta el r\u00e9cord Guinness de ser el presentador de noticias con m\u00e1s tiempo en el aire del mundo, se rompi\u00f3 el f\u00e9mur de la pierna derecha tras sufrir una ca\u00edda. As\u00ed lo inform\u00f3\u00a0el propio Espinosa de los Monteros, de 83 a\u00f1os,\u00a0este domingo en un video en sus redes sociales grabado en su vivienda. \u00abEn los \u00faltimos d\u00edas sufr\u00ed un\u00a0accidente, lamentable desde todo punto de vista, pues\u00a0por una ca\u00edda me romp\u00ed el f\u00e9mur de la pierna derecha, lo cual constituye una lesi\u00f3n ciertamente grave, que me llev\u00f3 al quir\u00f3fano en cuesti\u00f3n de minutos\u00bb, indic\u00f3. A\u00f1adi\u00f3 que\u00a0\u00abno fue, felizmente, una rotura de cadera\u00bb\u00a0y que ahora se encuentra en un proceso de recuperaci\u00f3n que\u00a0\u00abes tremendamente exigente\u00bb. Agradeci\u00f3 al personal m\u00e9dico que lo ha atendido, as\u00ed como a sus familiares y a quienes han tratado de comunicarse con \u00e9l, pero que no los ha podido atender por estar\u00a0\u00abmuy apartado del tel\u00e9fono celular\u00bb. \u00abUn mal paso cualquiera da en la vida, dec\u00eda Gardel. Pues, como que\u00a0me toc\u00f3 a m\u00ed esta vez dar ese mal paso\u00a0y pasar por esta dolencia\u00bb, dijo al finalizar el v\u00eddeo. 56 a\u00f1os de trayectoria Espinosa de los Monteros, popularmente conocido como\u00a0\u00abDon Alfonso\u00bb, se\u00a0retir\u00f3\u00a0de las pantallas el 1 de mayo de 2023, luego de 56 a\u00f1os de trayectoria. \u00abDon Alfonso\u00bb apareci\u00f3 en pantalla el\u00a01 de marzo de 1967, pero antes estuvo unos\u00a08 a\u00f1os en radio, y tuvo una\u00a0temprana incursi\u00f3n en la prensa escrita a los 11 a\u00f1os, casi por azar cuando un peri\u00f3dico public\u00f3 una tarea de escuela, sobre su experiencia en un paseo al monte Imbabura. Poco despu\u00e9s de haberse retirado de la pantalla en los noticieros de la televisi\u00f3n Ecuavisa, recibi\u00f3 la\u00a0Condecoraci\u00f3n de la Orden Nacional al M\u00e9rito en el grado de Comendador\u00a0de manos del entonces presidente Guillermo Lasso, en una ceremonia celebrada en el Sal\u00f3n Dorado del Palacio de Carondelet, sede del poder ejecutivo. El periodista, de 83 a\u00f1os, obtuvo esa distinci\u00f3n precisamente en el\u00a0D\u00eda Mundial de la Libertad de Prensa. Lea tambi\u00e9n |\u00a0As\u00ed luce por dentro el buque hospital Comfort, el gran nav\u00edo estadounidense que brinda atenci\u00f3n m\u00e9dica en Manta Durante el acto, Lasso insisti\u00f3 en la importancia de velar por la\u00a0libertad de expresi\u00f3n\u00a0como una\u00a0herramienta\u00a0para \u00abdetener el autoritarismo, la corrupci\u00f3n y la violencia que ejercen los gobiernos desp\u00f3ticos y populistas a los que la prensa libre tanto incomoda\u00bb. En 2014, la organizaci\u00f3n de los Guinness certific\u00f3 el r\u00e9cord de \u00abDon Alfonso\u00bb como\u00a0presentador de noticias en la televisi\u00f3n durante 47 a\u00f1os y 83 d\u00edas.<\/p>\n","protected":false},"author":1,"featured_media":24695,"comment_status":"open","ping_status":"open","sticky":false,"template":"","format":"standard","meta":{"footnotes":""},"categories":[268],"tags":[],"class_list":["post-24694","post","type-post","status-publish","format-standard","has-post-thumbnail","hentry","category-nacionales"],"_links":{"self":[{"href":"https:\/\/www.elamazonico.com\/portal\/wp-json\/wp\/v2\/posts\/24694","targetHints":{"allow":["GET"]}}],"collection":[{"href":"https:\/\/www.elamazonico.com\/portal\/wp-json\/wp\/v2\/posts"}],"about":[{"href":"https:\/\/www.elamazonico.com\/portal\/wp-json\/wp\/v2\/types\/post"}],"author":[{"embeddable":true,"href":"https:\/\/www.elamazonico.com\/portal\/wp-json\/wp\/v2\/users\/1"}],"replies":[{"embeddable":true,"href":"https:\/\/www.elamazonico.com\/portal\/wp-json\/wp\/v2\/comments?post=24694"}],"version-history":[{"count":1,"href":"https:\/\/www.elamazonico.com\/portal\/wp-json\/wp\/v2\/posts\/24694\/revisions"}],"predecessor-version":[{"id":24696,"href":"https:\/\/www.elamazonico.com\/portal\/wp-json\/wp\/v2\/posts\/24694\/revisions\/24696"}],"wp:featuredmedia":[{"embeddable":true,"href":"https:\/\/www.elamazonico.com\/portal\/wp-json\/wp\/v2\/media\/24695"}],"wp:attachment":[{"href":"https:\/\/www.elamazonico.com\/portal\/wp-json\/wp\/v2\/media?parent=24694"}],"wp:term":[{"taxonomy":"category","embeddable":true,"href":"https:\/\/www.elamazonico.com\/portal\/wp-json\/wp\/v2\/categories?post=24694"},{"taxonomy":"post_tag","embeddable":true,"href":"https:\/\/www.elamazonico.com\/portal\/wp-json\/wp\/v2\/tags?post=24694"}],"curies":[{"name":"wp","href":"https:\/\/api.w.org\/{rel}","templated":true}]}}