{"id":24685,"date":"2025-07-04T13:11:01","date_gmt":"2025-07-04T18:11:01","guid":{"rendered":"https:\/\/www.elamazonico.com\/portal\/?p=24685"},"modified":"2025-07-04T13:11:01","modified_gmt":"2025-07-04T18:11:01","slug":"barrios-de-zamora-enfrenta-desabastecimiento-de-agua-y-solicitan-convocar-a-una-minga","status":"publish","type":"post","link":"https:\/\/www.elamazonico.com\/portal\/barrios-de-zamora-enfrenta-desabastecimiento-de-agua-y-solicitan-convocar-a-una-minga\/","title":{"rendered":"Barrios de Zamora enfrenta desabastecimiento de agua y solicitan convocar a una minga"},"content":{"rendered":"<p data-start=\"236\" data-end=\"562\">Los habitantes de los barrios Santa Elena, San Jos\u00e9, El I\u00f1aco, Alonso de Mercadillo, Centro de Ciudad Infantil, Bonbuscaro y La Pen\u00ednsula enfrentan una severa afectaci\u00f3n en el servicio de agua potable tras el colapso de la tuber\u00eda principal, destruida por un derrumbe ocurrido en las inmediaciones del barrio Jorge Mosquera.<\/p>\n<p data-start=\"564\" data-end=\"1029\">Seg\u00fan informaci\u00f3n oficial emitida por la Empresa Municipal de Agua Potable y Alcantarillado de Zamora (EMAPAZ), el restablecimiento del servicio depender\u00e1 de la limpieza de los escombros en la zona afectada, una tarea que podr\u00eda prolongarse debido a la magnitud del deslizamiento. Mientras tanto, se ha dispuesto la provisi\u00f3n de agua mediante los Bomberos de la ciudad, aunque en horarios no establecidos, lo que genera incertidumbre en las comunidades afectadas.<\/p>\n<p data-start=\"1031\" data-end=\"1574\">La poblaci\u00f3n, visiblemente preocupada, ha manifestado su inconformidad con la situaci\u00f3n. \u201cEs mejor que convoquen a una minga para entre todos trabajar y remediar el problema. Nadie convoca al pueblo y as\u00ed no se avanza\u201d, se\u00f1alaron moradores, quienes demandan una respuesta m\u00e1s efectiva y articulada de las autoridades locales. Tambi\u00e9n cuestionan la falta de planificaci\u00f3n frente a un servicio b\u00e1sico indispensable, recordando que el acceso al agua potable es un derecho fundamental que debe ser garantizado incluso en contextos de emergencia.<\/p>\n<p data-start=\"1576\" data-end=\"1970\">La ciudadan\u00eda reclama un cambio en el enfoque institucional: menos declaraciones y fotograf\u00edas, y m\u00e1s acciones concretas que prioricen el bienestar de los sectores afectados.<\/p>\n<p data-start=\"1972\" data-end=\"2238\">El llamado es claro: la articulaci\u00f3n entre autoridades locales, provinciales y la comunidad organizada es urgente para garantizar un acceso seguro y sostenible al agua potable en Zamora, evitando que estas crisis se conviertan en una constante para sus habitantes.<\/p>\n","protected":false},"excerpt":{"rendered":"<p>Los habitantes de los barrios Santa Elena, San Jos\u00e9, El I\u00f1aco, Alonso de Mercadillo, Centro de Ciudad Infantil, Bonbuscaro y La Pen\u00ednsula enfrentan una severa afectaci\u00f3n en el servicio de agua potable tras el colapso de la tuber\u00eda principal, destruida por un derrumbe ocurrido en las inmediaciones del barrio Jorge Mosquera. Seg\u00fan informaci\u00f3n oficial emitida por la Empresa Municipal de Agua Potable y Alcantarillado de Zamora (EMAPAZ), el restablecimiento del servicio depender\u00e1 de la limpieza de los escombros en la zona afectada, una tarea que podr\u00eda prolongarse debido a la magnitud del deslizamiento. Mientras tanto, se ha dispuesto la provisi\u00f3n de agua mediante los Bomberos de la ciudad, aunque en horarios no establecidos, lo que genera incertidumbre en las comunidades afectadas. La poblaci\u00f3n, visiblemente preocupada, ha manifestado su inconformidad con la situaci\u00f3n. \u201cEs mejor que convoquen a una minga para entre todos trabajar y remediar el problema. Nadie convoca al pueblo y as\u00ed no se avanza\u201d, se\u00f1alaron moradores, quienes demandan una respuesta m\u00e1s efectiva y articulada de las autoridades locales. Tambi\u00e9n cuestionan la falta de planificaci\u00f3n frente a un servicio b\u00e1sico indispensable, recordando que el acceso al agua potable es un derecho fundamental que debe ser garantizado incluso en contextos de emergencia. La ciudadan\u00eda reclama un cambio en el enfoque institucional: menos declaraciones y fotograf\u00edas, y m\u00e1s acciones concretas que prioricen el bienestar de los sectores afectados. El llamado es claro: la articulaci\u00f3n entre autoridades locales, provinciales y la comunidad organizada es urgente para garantizar un acceso seguro y sostenible al agua potable en Zamora, evitando que estas crisis se conviertan en una constante para sus habitantes.<\/p>\n","protected":false},"author":1,"featured_media":24686,"comment_status":"open","ping_status":"open","sticky":false,"template":"","format":"standard","meta":{"footnotes":""},"categories":[243],"tags":[],"class_list":["post-24685","post","type-post","status-publish","format-standard","has-post-thumbnail","hentry","category-noticias-zamora"],"_links":{"self":[{"href":"https:\/\/www.elamazonico.com\/portal\/wp-json\/wp\/v2\/posts\/24685","targetHints":{"allow":["GET"]}}],"collection":[{"href":"https:\/\/www.elamazonico.com\/portal\/wp-json\/wp\/v2\/posts"}],"about":[{"href":"https:\/\/www.elamazonico.com\/portal\/wp-json\/wp\/v2\/types\/post"}],"author":[{"embeddable":true,"href":"https:\/\/www.elamazonico.com\/portal\/wp-json\/wp\/v2\/users\/1"}],"replies":[{"embeddable":true,"href":"https:\/\/www.elamazonico.com\/portal\/wp-json\/wp\/v2\/comments?post=24685"}],"version-history":[{"count":1,"href":"https:\/\/www.elamazonico.com\/portal\/wp-json\/wp\/v2\/posts\/24685\/revisions"}],"predecessor-version":[{"id":24687,"href":"https:\/\/www.elamazonico.com\/portal\/wp-json\/wp\/v2\/posts\/24685\/revisions\/24687"}],"wp:featuredmedia":[{"embeddable":true,"href":"https:\/\/www.elamazonico.com\/portal\/wp-json\/wp\/v2\/media\/24686"}],"wp:attachment":[{"href":"https:\/\/www.elamazonico.com\/portal\/wp-json\/wp\/v2\/media?parent=24685"}],"wp:term":[{"taxonomy":"category","embeddable":true,"href":"https:\/\/www.elamazonico.com\/portal\/wp-json\/wp\/v2\/categories?post=24685"},{"taxonomy":"post_tag","embeddable":true,"href":"https:\/\/www.elamazonico.com\/portal\/wp-json\/wp\/v2\/tags?post=24685"}],"curies":[{"name":"wp","href":"https:\/\/api.w.org\/{rel}","templated":true}]}}