{"id":24672,"date":"2025-07-04T04:51:19","date_gmt":"2025-07-04T09:51:19","guid":{"rendered":"https:\/\/www.elamazonico.com\/portal\/?p=24672"},"modified":"2025-07-03T20:02:03","modified_gmt":"2025-07-04T01:02:03","slug":"silencio-institucional-agrava-la-crisis-ambiental-en-la-provincia","status":"publish","type":"post","link":"https:\/\/www.elamazonico.com\/portal\/silencio-institucional-agrava-la-crisis-ambiental-en-la-provincia\/","title":{"rendered":"\u201cSilencio institucional agrava la crisis ambiental en la provincia\u201d"},"content":{"rendered":"<p>En un contexto de creciente afectaci\u00f3n ambiental, destrucci\u00f3n de infraestructura vial y desprotecci\u00f3n ciudadana, el exasamble\u00edsta Salvador Quishpe realiz\u00f3 un pronunciamiento p\u00fablico de alto contenido cr\u00edtico y reflexivo en el programa Frente a Frente, donde abord\u00f3 de forma integral las causas estructurales de las recientes emergencias por lluvias e inundaciones en la provincia de Zamora Chinchipe.<\/p>\n<p>Durante la entrevista, Quishpe hizo un llamado urgente a la conciencia ciudadana y al accionar firme de las instituciones frente a una problem\u00e1tica que combina factores naturales con una intervenci\u00f3n humana descontrolada, en particular por las pr\u00e1cticas extractivas de la miner\u00eda y la deforestaci\u00f3n en zonas de alto riesgo.<\/p>\n<p>Quishpe inici\u00f3 su intervenci\u00f3n reconociendo que los ciudadanos de la provincia est\u00e1n plenamente conscientes de las causas de las afectaciones: \u201cDesde siempre lo dijimos y seguimos diciendo, talar los bosques hasta la orilla de los r\u00edos es un error\u201d. Insisti\u00f3 en que la provincia, rica en recursos h\u00eddricos, requiere una gesti\u00f3n ambiental coherente, pues las lluvias intensas propias del clima amaz\u00f3nico agravan los efectos de la deforestaci\u00f3n y la miner\u00eda mal planificada.<\/p>\n<p>En este sentido, critic\u00f3 duramente la inacci\u00f3n de las autoridades ante la evidente vulnerabilidad de las cuencas h\u00eddricas. \u201cAqu\u00ed no hay institucionalidad que se haya puesto a ejercer la gesti\u00f3n para prevenir todos estos problemas. Lamentablemente, Zamora Chinchipe es tierra de nadie\u201d, sentenci\u00f3.<\/p>\n<p>Asimismo, lament\u00f3 que funcionarios p\u00fablicos guarden silencio frente a estos hechos, bajo el argumento de que reciben amenazas. Para Quishpe, ese silencio es inaceptable: <strong>\u201cSi est\u00e1n con miedo, renuncien<\/strong>. Que alguien venga con el valor de decir las cosas como son. Nadie est\u00e1 en contra de las actividades productivas, pero no podemos callar frente al da\u00f1o evidente\u201d.<\/p>\n<p>El exlegislador evidenci\u00f3 con ejemplos concretos c\u00f3mo la miner\u00eda, especialmente en sectores como Chamico, ha alterado gravemente el entorno natural, desviando cauces de r\u00edos, removiendo material de forma irresponsable y comprometiendo carreteras y puentes. Record\u00f3 que ya en 2021 denunci\u00f3 formalmente ante la Fiscal\u00eda la afectaci\u00f3n a bienes p\u00fablicos producto de actividades mineras, pero el caso fue archivado inicialmente, y s\u00f3lo reabierto en 2024 tras insistencia.<\/p>\n<p><strong>\u201c\u00bfQu\u00e9 pasa con los bienes p\u00fablicos? \u00bfD\u00f3nde est\u00e1 la Fiscal\u00eda? \u00bfD\u00f3nde est\u00e1 el Ministerio del Ambiente? \u00bfD\u00f3nde est\u00e1 ARCOM?\u201d<\/strong>, cuestion\u00f3 Quishpe, exigiendo que las autoridades competentes asuman sus responsabilidades legales conforme lo establece el C\u00f3digo Org\u00e1nico Integral Penal (COIP), en especial el art\u00edculo 450, que faculta a la Fiscal\u00eda a iniciar investigaciones de oficio cuando los delitos ambientales son de conocimiento p\u00fablico.<\/p>\n<p>Adicionalmente, denunci\u00f3 casos de amenazas por parte de personas vinculadas a la miner\u00eda contra moradores que han alzado su voz. \u201cCon l\u00e1grimas en sus ojos, una ciudadana relat\u00f3 c\u00f3mo la amenazaban para desalojarla de su vivienda con el fin de realizar actividades mineras\u201d.<\/p>\n<p><strong>Vialzachin, s\u00edmbolo de abandono<\/strong><br \/>\nOtro punto abordado con preocupaci\u00f3n fue la situaci\u00f3n de la empresa p\u00fablica Vialzachin, actualmente debilitada econ\u00f3micamente. Seg\u00fan Quishpe, esta herramienta fue creada por la provincia con visi\u00f3n de desarrollo, y hoy se encuentra amenazada de desaparecer. \u201cNos dicen que necesitan alrededor de un mill\u00f3n de d\u00f3lares para volver a operar adecuadamente. Hay rumores de quiebra. <strong>\u00bfQu\u00e9 va a pasar con los trabajadores con diez o doce a\u00f1os de servicio?\u201d<\/strong>, pregunt\u00f3.<br \/>\nSubray\u00f3 que Vialzachin no es un regalo, sino el resultado de decisiones tomadas en asambleas provinciales, y por tanto debe ser defendida. Tambi\u00e9n critic\u00f3 que los alcaldes \u2014quienes fungen como consejeros provinciales y tienen competencias sobre el uso del suelo\u2014 no hayan presentado posturas claras ante el deterioro vial ni frente al crecimiento de la actividad minera.<\/p>\n<p><strong>Doble moral institucional<\/strong><br \/>\nQuishpe record\u00f3 que cuando en protestas ciudadanas se afect\u00f3 un metro cuadrado de asfalto, se iniciaron procesos penales con celeridad contra los manifestantes, mientras que en los casos de destrucci\u00f3n de tramos enteros de v\u00edas por actividades extractivas ilegales, no hay ninguna acci\u00f3n judicial. \u201cEso es doble moral. Al campesino se lo persigue con rigor, pero a los responsables del desv\u00edo de r\u00edos y destrucci\u00f3n de carreteras no se los toca\u201d, denunci\u00f3.<\/p>\n<p>En un tono constructivo, Quishpe enfatiz\u00f3 la necesidad de di\u00e1logo y planificaci\u00f3n, se\u00f1alando que la miner\u00eda no es intr\u00ednsecamente negativa, pero debe realizarse en lugares y condiciones adecuadas. \u201cLa miner\u00eda, como el cuchillo, puede ser \u00fatil o letal dependiendo de c\u00f3mo se use. Si se hace bien, con respeto a la provincia, puede ser una oportunidad, pero no podemos permitir amenazas ni destrucci\u00f3n\u201d, afirm\u00f3.<\/p>\n<p>Adem\u00e1s, record\u00f3 que la Constituci\u00f3n del Ecuador, en su art\u00edculo 279, establece la obligaci\u00f3n de formular planes de ordenamiento territorial, instrumento que permitir\u00eda definir zonas de actividad econ\u00f3mica y \u00e1reas de protecci\u00f3n. \u201cNecesitamos una Asamblea Provincial donde nos pongamos de acuerdo: autoridades, mineros, campesinos, ciudadanos\u201d, propuso.<\/p>\n<p>En otro tema, elev\u00f3 un llamado directo a la Contralor\u00eda General del Estado para que audite la gesti\u00f3n de entidades como la Prefectura, la Fiscal\u00eda, el Ministerio del Ambiente y ARCOM, por su falta de acci\u00f3n oportuna ante delitos ambientales y p\u00e9rdida de bienes p\u00fablicos. \u201cNo basta con hablar bonito. Se necesita resultados. <strong>\u00bfD\u00f3nde est\u00e1n los responsables de que se haya perdido un puente nuevo por omisi\u00f3n institucional?\u201d<\/strong>, cuestion\u00f3.<\/p>\n<p>Salvador Quishpe cerr\u00f3 su intervenci\u00f3n con un llamado al pueblo de Zamora Chinchipe a mantenerse vigilante, a exigir transparencia y a construir un futuro responsable para las nuevas generaciones. \u201cNo vengo aqu\u00ed contra nadie. Pero no podemos seguir aceptando este silencio institucional. La provincia merece respeto. Las decisiones que tomemos hoy marcar\u00e1n el destino de nuestros hijos y nietos\u201d, concluy\u00f3.<\/p>\n","protected":false},"excerpt":{"rendered":"<p>En un contexto de creciente afectaci\u00f3n ambiental, destrucci\u00f3n de infraestructura vial y desprotecci\u00f3n ciudadana, el exasamble\u00edsta Salvador Quishpe realiz\u00f3 un pronunciamiento p\u00fablico de alto contenido cr\u00edtico y reflexivo en el programa Frente a Frente, donde abord\u00f3 de forma integral las causas estructurales de las recientes emergencias por lluvias e inundaciones en la provincia de Zamora Chinchipe. Durante la entrevista, Quishpe hizo un llamado urgente a la conciencia ciudadana y al accionar firme de las instituciones frente a una problem\u00e1tica que combina factores naturales con una intervenci\u00f3n humana descontrolada, en particular por las pr\u00e1cticas extractivas de la miner\u00eda y la deforestaci\u00f3n en zonas de alto riesgo. Quishpe inici\u00f3 su intervenci\u00f3n reconociendo que los ciudadanos de la provincia est\u00e1n plenamente conscientes de las causas de las afectaciones: \u201cDesde siempre lo dijimos y seguimos diciendo, talar los bosques hasta la orilla de los r\u00edos es un error\u201d. Insisti\u00f3 en que la provincia, rica en recursos h\u00eddricos, requiere una gesti\u00f3n ambiental coherente, pues las lluvias intensas propias del clima amaz\u00f3nico agravan los efectos de la deforestaci\u00f3n y la miner\u00eda mal planificada. En este sentido, critic\u00f3 duramente la inacci\u00f3n de las autoridades ante la evidente vulnerabilidad de las cuencas h\u00eddricas. \u201cAqu\u00ed no hay institucionalidad que se haya puesto a ejercer la gesti\u00f3n para prevenir todos estos problemas. Lamentablemente, Zamora Chinchipe es tierra de nadie\u201d, sentenci\u00f3. Asimismo, lament\u00f3 que funcionarios p\u00fablicos guarden silencio frente a estos hechos, bajo el argumento de que reciben amenazas. Para Quishpe, ese silencio es inaceptable: \u201cSi est\u00e1n con miedo, renuncien. Que alguien venga con el valor de decir las cosas como son. Nadie est\u00e1 en contra de las actividades productivas, pero no podemos callar frente al da\u00f1o evidente\u201d. El exlegislador evidenci\u00f3 con ejemplos concretos c\u00f3mo la miner\u00eda, especialmente en sectores como Chamico, ha alterado gravemente el entorno natural, desviando cauces de r\u00edos, removiendo material de forma irresponsable y comprometiendo carreteras y puentes. Record\u00f3 que ya en 2021 denunci\u00f3 formalmente ante la Fiscal\u00eda la afectaci\u00f3n a bienes p\u00fablicos producto de actividades mineras, pero el caso fue archivado inicialmente, y s\u00f3lo reabierto en 2024 tras insistencia. \u201c\u00bfQu\u00e9 pasa con los bienes p\u00fablicos? \u00bfD\u00f3nde est\u00e1 la Fiscal\u00eda? \u00bfD\u00f3nde est\u00e1 el Ministerio del Ambiente? \u00bfD\u00f3nde est\u00e1 ARCOM?\u201d, cuestion\u00f3 Quishpe, exigiendo que las autoridades competentes asuman sus responsabilidades legales conforme lo establece el C\u00f3digo Org\u00e1nico Integral Penal (COIP), en especial el art\u00edculo 450, que faculta a la Fiscal\u00eda a iniciar investigaciones de oficio cuando los delitos ambientales son de conocimiento p\u00fablico. Adicionalmente, denunci\u00f3 casos de amenazas por parte de personas vinculadas a la miner\u00eda contra moradores que han alzado su voz. \u201cCon l\u00e1grimas en sus ojos, una ciudadana relat\u00f3 c\u00f3mo la amenazaban para desalojarla de su vivienda con el fin de realizar actividades mineras\u201d. Vialzachin, s\u00edmbolo de abandono Otro punto abordado con preocupaci\u00f3n fue la situaci\u00f3n de la empresa p\u00fablica Vialzachin, actualmente debilitada econ\u00f3micamente. Seg\u00fan Quishpe, esta herramienta fue creada por la provincia con visi\u00f3n de desarrollo, y hoy se encuentra amenazada de desaparecer. \u201cNos dicen que necesitan alrededor de un mill\u00f3n de d\u00f3lares para volver a operar adecuadamente. Hay rumores de quiebra. \u00bfQu\u00e9 va a pasar con los trabajadores con diez o doce a\u00f1os de servicio?\u201d, pregunt\u00f3. Subray\u00f3 que Vialzachin no es un regalo, sino el resultado de decisiones tomadas en asambleas provinciales, y por tanto debe ser defendida. Tambi\u00e9n critic\u00f3 que los alcaldes \u2014quienes fungen como consejeros provinciales y tienen competencias sobre el uso del suelo\u2014 no hayan presentado posturas claras ante el deterioro vial ni frente al crecimiento de la actividad minera. Doble moral institucional Quishpe record\u00f3 que cuando en protestas ciudadanas se afect\u00f3 un metro cuadrado de asfalto, se iniciaron procesos penales con celeridad contra los manifestantes, mientras que en los casos de destrucci\u00f3n de tramos enteros de v\u00edas por actividades extractivas ilegales, no hay ninguna acci\u00f3n judicial. \u201cEso es doble moral. Al campesino se lo persigue con rigor, pero a los responsables del desv\u00edo de r\u00edos y destrucci\u00f3n de carreteras no se los toca\u201d, denunci\u00f3. En un tono constructivo, Quishpe enfatiz\u00f3 la necesidad de di\u00e1logo y planificaci\u00f3n, se\u00f1alando que la miner\u00eda no es intr\u00ednsecamente negativa, pero debe realizarse en lugares y condiciones adecuadas. \u201cLa miner\u00eda, como el cuchillo, puede ser \u00fatil o letal dependiendo de c\u00f3mo se use. Si se hace bien, con respeto a la provincia, puede ser una oportunidad, pero no podemos permitir amenazas ni destrucci\u00f3n\u201d, afirm\u00f3. Adem\u00e1s, record\u00f3 que la Constituci\u00f3n del Ecuador, en su art\u00edculo 279, establece la obligaci\u00f3n de formular planes de ordenamiento territorial, instrumento que permitir\u00eda definir zonas de actividad econ\u00f3mica y \u00e1reas de protecci\u00f3n. \u201cNecesitamos una Asamblea Provincial donde nos pongamos de acuerdo: autoridades, mineros, campesinos, ciudadanos\u201d, propuso. En otro tema, elev\u00f3 un llamado directo a la Contralor\u00eda General del Estado para que audite la gesti\u00f3n de entidades como la Prefectura, la Fiscal\u00eda, el Ministerio del Ambiente y ARCOM, por su falta de acci\u00f3n oportuna ante delitos ambientales y p\u00e9rdida de bienes p\u00fablicos. \u201cNo basta con hablar bonito. Se necesita resultados. \u00bfD\u00f3nde est\u00e1n los responsables de que se haya perdido un puente nuevo por omisi\u00f3n institucional?\u201d, cuestion\u00f3. Salvador Quishpe cerr\u00f3 su intervenci\u00f3n con un llamado al pueblo de Zamora Chinchipe a mantenerse vigilante, a exigir transparencia y a construir un futuro responsable para las nuevas generaciones. \u201cNo vengo aqu\u00ed contra nadie. Pero no podemos seguir aceptando este silencio institucional. La provincia merece respeto. Las decisiones que tomemos hoy marcar\u00e1n el destino de nuestros hijos y nietos\u201d, concluy\u00f3.<\/p>\n","protected":false},"author":1,"featured_media":24673,"comment_status":"open","ping_status":"open","sticky":false,"template":"","format":"standard","meta":{"footnotes":""},"categories":[243],"tags":[],"class_list":["post-24672","post","type-post","status-publish","format-standard","has-post-thumbnail","hentry","category-noticias-zamora"],"_links":{"self":[{"href":"https:\/\/www.elamazonico.com\/portal\/wp-json\/wp\/v2\/posts\/24672","targetHints":{"allow":["GET"]}}],"collection":[{"href":"https:\/\/www.elamazonico.com\/portal\/wp-json\/wp\/v2\/posts"}],"about":[{"href":"https:\/\/www.elamazonico.com\/portal\/wp-json\/wp\/v2\/types\/post"}],"author":[{"embeddable":true,"href":"https:\/\/www.elamazonico.com\/portal\/wp-json\/wp\/v2\/users\/1"}],"replies":[{"embeddable":true,"href":"https:\/\/www.elamazonico.com\/portal\/wp-json\/wp\/v2\/comments?post=24672"}],"version-history":[{"count":1,"href":"https:\/\/www.elamazonico.com\/portal\/wp-json\/wp\/v2\/posts\/24672\/revisions"}],"predecessor-version":[{"id":24674,"href":"https:\/\/www.elamazonico.com\/portal\/wp-json\/wp\/v2\/posts\/24672\/revisions\/24674"}],"wp:featuredmedia":[{"embeddable":true,"href":"https:\/\/www.elamazonico.com\/portal\/wp-json\/wp\/v2\/media\/24673"}],"wp:attachment":[{"href":"https:\/\/www.elamazonico.com\/portal\/wp-json\/wp\/v2\/media?parent=24672"}],"wp:term":[{"taxonomy":"category","embeddable":true,"href":"https:\/\/www.elamazonico.com\/portal\/wp-json\/wp\/v2\/categories?post=24672"},{"taxonomy":"post_tag","embeddable":true,"href":"https:\/\/www.elamazonico.com\/portal\/wp-json\/wp\/v2\/tags?post=24672"}],"curies":[{"name":"wp","href":"https:\/\/api.w.org\/{rel}","templated":true}]}}