{"id":24666,"date":"2025-07-03T19:47:59","date_gmt":"2025-07-04T00:47:59","guid":{"rendered":"https:\/\/www.elamazonico.com\/portal\/?p=24666"},"modified":"2025-07-03T19:47:59","modified_gmt":"2025-07-04T00:47:59","slug":"ministerio-de-energia-descarta-cortes-de-luz-en-ecuador-pese-a-paralizacion-de-ocho-hidroelectricas","status":"publish","type":"post","link":"https:\/\/www.elamazonico.com\/portal\/ministerio-de-energia-descarta-cortes-de-luz-en-ecuador-pese-a-paralizacion-de-ocho-hidroelectricas\/","title":{"rendered":"Ministerio de Energ\u00eda descarta cortes de luz en Ecuador pese a paralizaci\u00f3n de ocho hidroel\u00e9ctricas"},"content":{"rendered":"<p>Las intensas lluvias en la Amazon\u00eda han da\u00f1ado la calidad del agua en los r\u00edos que abastecen a ocho hidroel\u00e9ctricas, lo que ha dejado fuera de servicio unos 1.200 megavatios; es decir, un 31% de la demanda nacional media que es de 3.900 megavatios.<\/p>\n<p>Lo dijo el ministro encargado de Energ\u00eda, Guillermo Ferreira, en rueda de prensa realizada este 3 de julio de 2025.<\/p>\n<p>Lea: Petroecuador declara la fuerza mayor para el oleoducto SOTE y advierte afectaci\u00f3n en exportaciones petroleras<br \/>\n\u00abNo habr\u00e1 ning\u00fan tipo de racionamiento. Las ocho hidroel\u00e9ctricas que est\u00e1n paralizadas est\u00e1n en una capacidad de generaci\u00f3n de 1.200 megavatios, pero la demanda est\u00e1 cubierta\u00bb, dijo Ferreira.<\/p>\n<p>Ferreira insisti\u00f3 en que est\u00e1n llamando, adem\u00e1s, a empresas privadas para que apoyen con su generaci\u00f3n propia.<\/p>\n<p>\u00abEn el momento en que la condici\u00f3n de los r\u00edos permitan volveremos a operar con las hidroel\u00e9ctricas\u00bb, dijo Ferreria al se\u00f1alar que no hubo da\u00f1os en las centrales por la mala calidad del agua y que su paralizaci\u00f3n es una medida preventiva para evitar da\u00f1os en los equipos.<\/p>\n<p>El Viceministro no detall\u00f3 los nombres de todas las hidroel\u00e9ctricas, pero entre ellas est\u00e1n Coca Codo Sinclair, Delsitanisagua, San Bartolo.<\/p>\n<p>El ministro de Energ\u00eda encargado dijo, sin embargo, que hoy (3 de julio de 2025) se importaron 100 megavatios de Colombia desde las 09:00 hasta las 11:00.<\/p>\n<p><strong>\u00bfUn sistema vulnerable?<\/strong><br \/>\nPara el consultor el\u00e9ctrico, Ricardo Buitr\u00f3n, considera que las medidas tomadas por la salida de operaci\u00f3n de las hidroel\u00e9ctricas reflejar\u00eda que el pa\u00eds no cuenta con una reserva de centrales termoel\u00e9ctricas adecuadas.<\/p>\n<p>Y eso ha llevado a tomar medidas desesperadas como son la activaci\u00f3n de la generaci\u00f3n el\u00e9ctrica a privados y la importaci\u00f3n de electricidad de Colombia, ambas son dos tipos de energ\u00eda costosa.<\/p>\n<p>\u00abLa presunci\u00f3n es que tuvimos que tomar energ\u00eda cara porque no ten\u00edamos el parque t\u00e9rmico (propio) para entrar en operaci\u00f3n. (&#8230;) Si no tengo una reserva termoel\u00e9ctrica adecuada, comienzo a pedir auxilio\u00bb, dice Buitr\u00f3n.<\/p>\n<p>El parque termoel\u00e9ctrico de Ecuador es de unos 1.800 megavatios de potencia, pero no todo est\u00e1 operando, sea porque est\u00e1 en mantenimiento, porque es obsoleto o porque tiene fallas.<\/p>\n<p>El Viceministro de Electricidad ha se\u00f1alado que el Gobierno ha trabajado fuertemente para recuperar parte del parque termoel\u00e9ctrico.<\/p>\n<p>Sin embargo, el 2 de julio de 2025, cuando el operador estatal de energ\u00eda Cenace pidi\u00f3 a los privados encender sus motores de manera urgente, estuvieron en operaci\u00f3n 1.000 megavatios termoel\u00e9ctricos, lo que incluir\u00eda los 200 a 300 megavatios de las barcazas.<\/p>\n<p>De ser as\u00ed, seg\u00fan Buitr\u00f3n, esas cifras reflejar\u00eda la alta vulnerabilidad que a\u00fan tiene el parque termoel\u00e9ctrico y del sistema el\u00e9ctrico en general para afrontar por cuenta propia escenarios de fuerte d\u00e9ficit de energ\u00eda, sobre todo de cara al pr\u00f3ximo estiaje que est\u00e1 por venir.<\/p>\n<p>El consultor el\u00e9ctrico, Gabriel Secaira, preocupa que \u00abaparentemente\u00bb no pusieron a operar todo el parque termoel\u00e9ctrico el 2 de julio de 2025.<\/p>\n<p>\u00abLo ocurrido estos d\u00edas hace ver que Ecuador no tiene energ\u00eda de respaldo ante escenarios de d\u00e9ficit. Se debe tener un\u00a0 10% de respaldo para cubrir la demanda m\u00e1xima del pa\u00eds\u00bb, dice Secaira. <strong>Fuente: Primicias<\/strong><\/p>\n","protected":false},"excerpt":{"rendered":"<p>Las intensas lluvias en la Amazon\u00eda han da\u00f1ado la calidad del agua en los r\u00edos que abastecen a ocho hidroel\u00e9ctricas, lo que ha dejado fuera de servicio unos 1.200 megavatios; es decir, un 31% de la demanda nacional media que es de 3.900 megavatios. Lo dijo el ministro encargado de Energ\u00eda, Guillermo Ferreira, en rueda de prensa realizada este 3 de julio de 2025. Lea: Petroecuador declara la fuerza mayor para el oleoducto SOTE y advierte afectaci\u00f3n en exportaciones petroleras \u00abNo habr\u00e1 ning\u00fan tipo de racionamiento. Las ocho hidroel\u00e9ctricas que est\u00e1n paralizadas est\u00e1n en una capacidad de generaci\u00f3n de 1.200 megavatios, pero la demanda est\u00e1 cubierta\u00bb, dijo Ferreira. Ferreira insisti\u00f3 en que est\u00e1n llamando, adem\u00e1s, a empresas privadas para que apoyen con su generaci\u00f3n propia. \u00abEn el momento en que la condici\u00f3n de los r\u00edos permitan volveremos a operar con las hidroel\u00e9ctricas\u00bb, dijo Ferreria al se\u00f1alar que no hubo da\u00f1os en las centrales por la mala calidad del agua y que su paralizaci\u00f3n es una medida preventiva para evitar da\u00f1os en los equipos. El Viceministro no detall\u00f3 los nombres de todas las hidroel\u00e9ctricas, pero entre ellas est\u00e1n Coca Codo Sinclair, Delsitanisagua, San Bartolo. El ministro de Energ\u00eda encargado dijo, sin embargo, que hoy (3 de julio de 2025) se importaron 100 megavatios de Colombia desde las 09:00 hasta las 11:00. \u00bfUn sistema vulnerable? Para el consultor el\u00e9ctrico, Ricardo Buitr\u00f3n, considera que las medidas tomadas por la salida de operaci\u00f3n de las hidroel\u00e9ctricas reflejar\u00eda que el pa\u00eds no cuenta con una reserva de centrales termoel\u00e9ctricas adecuadas. Y eso ha llevado a tomar medidas desesperadas como son la activaci\u00f3n de la generaci\u00f3n el\u00e9ctrica a privados y la importaci\u00f3n de electricidad de Colombia, ambas son dos tipos de energ\u00eda costosa. \u00abLa presunci\u00f3n es que tuvimos que tomar energ\u00eda cara porque no ten\u00edamos el parque t\u00e9rmico (propio) para entrar en operaci\u00f3n. (&#8230;) Si no tengo una reserva termoel\u00e9ctrica adecuada, comienzo a pedir auxilio\u00bb, dice Buitr\u00f3n. El parque termoel\u00e9ctrico de Ecuador es de unos 1.800 megavatios de potencia, pero no todo est\u00e1 operando, sea porque est\u00e1 en mantenimiento, porque es obsoleto o porque tiene fallas. El Viceministro de Electricidad ha se\u00f1alado que el Gobierno ha trabajado fuertemente para recuperar parte del parque termoel\u00e9ctrico. Sin embargo, el 2 de julio de 2025, cuando el operador estatal de energ\u00eda Cenace pidi\u00f3 a los privados encender sus motores de manera urgente, estuvieron en operaci\u00f3n 1.000 megavatios termoel\u00e9ctricos, lo que incluir\u00eda los 200 a 300 megavatios de las barcazas. De ser as\u00ed, seg\u00fan Buitr\u00f3n, esas cifras reflejar\u00eda la alta vulnerabilidad que a\u00fan tiene el parque termoel\u00e9ctrico y del sistema el\u00e9ctrico en general para afrontar por cuenta propia escenarios de fuerte d\u00e9ficit de energ\u00eda, sobre todo de cara al pr\u00f3ximo estiaje que est\u00e1 por venir. El consultor el\u00e9ctrico, Gabriel Secaira, preocupa que \u00abaparentemente\u00bb no pusieron a operar todo el parque termoel\u00e9ctrico el 2 de julio de 2025. \u00abLo ocurrido estos d\u00edas hace ver que Ecuador no tiene energ\u00eda de respaldo ante escenarios de d\u00e9ficit. Se debe tener un\u00a0 10% de respaldo para cubrir la demanda m\u00e1xima del pa\u00eds\u00bb, dice Secaira. Fuente: Primicias<\/p>\n","protected":false},"author":1,"featured_media":24667,"comment_status":"open","ping_status":"open","sticky":false,"template":"","format":"standard","meta":{"footnotes":""},"categories":[268],"tags":[],"class_list":["post-24666","post","type-post","status-publish","format-standard","has-post-thumbnail","hentry","category-nacionales"],"_links":{"self":[{"href":"https:\/\/www.elamazonico.com\/portal\/wp-json\/wp\/v2\/posts\/24666","targetHints":{"allow":["GET"]}}],"collection":[{"href":"https:\/\/www.elamazonico.com\/portal\/wp-json\/wp\/v2\/posts"}],"about":[{"href":"https:\/\/www.elamazonico.com\/portal\/wp-json\/wp\/v2\/types\/post"}],"author":[{"embeddable":true,"href":"https:\/\/www.elamazonico.com\/portal\/wp-json\/wp\/v2\/users\/1"}],"replies":[{"embeddable":true,"href":"https:\/\/www.elamazonico.com\/portal\/wp-json\/wp\/v2\/comments?post=24666"}],"version-history":[{"count":1,"href":"https:\/\/www.elamazonico.com\/portal\/wp-json\/wp\/v2\/posts\/24666\/revisions"}],"predecessor-version":[{"id":24668,"href":"https:\/\/www.elamazonico.com\/portal\/wp-json\/wp\/v2\/posts\/24666\/revisions\/24668"}],"wp:featuredmedia":[{"embeddable":true,"href":"https:\/\/www.elamazonico.com\/portal\/wp-json\/wp\/v2\/media\/24667"}],"wp:attachment":[{"href":"https:\/\/www.elamazonico.com\/portal\/wp-json\/wp\/v2\/media?parent=24666"}],"wp:term":[{"taxonomy":"category","embeddable":true,"href":"https:\/\/www.elamazonico.com\/portal\/wp-json\/wp\/v2\/categories?post=24666"},{"taxonomy":"post_tag","embeddable":true,"href":"https:\/\/www.elamazonico.com\/portal\/wp-json\/wp\/v2\/tags?post=24666"}],"curies":[{"name":"wp","href":"https:\/\/api.w.org\/{rel}","templated":true}]}}