{"id":24663,"date":"2025-07-03T19:41:11","date_gmt":"2025-07-04T00:41:11","guid":{"rendered":"https:\/\/www.elamazonico.com\/portal\/?p=24663"},"modified":"2025-07-03T19:41:11","modified_gmt":"2025-07-04T00:41:11","slug":"dominique-serrano-el-asambleista-que-se-hizo-tendencia-por-dibujar-durante-una-sesion","status":"publish","type":"post","link":"https:\/\/www.elamazonico.com\/portal\/dominique-serrano-el-asambleista-que-se-hizo-tendencia-por-dibujar-durante-una-sesion\/","title":{"rendered":"Dominique Serrano, el asamble\u00edsta que se hizo tendencia por dibujar durante una sesi\u00f3n"},"content":{"rendered":"<div class=\"paragraph texto\">\n<p class=\"p_0\"><b>La escena se viraliz\u00f3 en redes sociales. Un video capt\u00f3 a Dominique Serrano, el asamble\u00edsta m\u00e1s joven, con apenas 19 a\u00f1os, dibujando con un l\u00e1piz y sobre unas hojas, mientras la Comisi\u00f3n de Transparencia y Control Social, recib\u00eda las comparecencias de autoridades sobre los contratos de las empresas\u00a0<a href=\"https:\/\/www.vistazo.com\/cronologia\/-\/meta\/progen\">Progen<\/a>\u00a0y Austral.<\/b><\/p>\n<p class=\"p_2\">El episodio ocurri\u00f3 la tarde del mi\u00e9rcoles 2 de julio de 2025, pero se volvi\u00f3 tendencia en redes sociales este mi\u00e9rcoles, debido a que\u00a0<b>muchos usuarios empezaron a cuestionar la actuaci\u00f3n del legislador m\u00e1s joven que tiene el hemiciclo ecuatoriano.<\/b><\/p>\n<\/div>\n<div class=\"html_text\">Antes de la viralizaci\u00f3n del clip, el asamble\u00edsta oficialista declar\u00f3 a trav\u00e9s de un video difundido en redes sociales que con la<b>\u00a0aprobaci\u00f3n de la continuaci\u00f3n de la fiscalizaci\u00f3n a Progen\u00a0<\/b>se demostraba a la ciudadan\u00eda su \u201c<b>compromiso\u00a0<\/b>para erradicar la corrupci\u00f3n dentro de Ecuador\u201d.<\/div>\n<div class=\"paragraph texto\">\n<div>\n<div class=\"trv-player-container\">\n<div class=\"trv-wrapper\">\n<div id=\"br_video_player_6bbbec8c2100dc498d12aa3973603c5a7a4d6079\" class=\"trvd_video_player trvdinstream\">\n<div class=\"media-player\">\n<div class=\"trv-video\">\n<div id=\"truvid_ima_container2461\" class=\"truvid_ima_container trv-ima-container-hidden\"><\/div>\n<\/div>\n<\/div>\n<\/div>\n<\/div>\n<\/div>\n<\/div>\n<div class=\"powered-main\">\n<div class=\"powered-by\"><b>Dominique Serrano<\/b>\u00a0lleg\u00f3 por el movimiento Acci\u00f3n Democr\u00e1tica Nacional (ADN), del presidente Daniel Noboa. Durante la campa\u00f1a dec\u00eda que representa al sur de Quito y que luchar\u00eda por mejorar las oportunidades de los j\u00f3venes en Ecuador.\u00a0<b>No cuenta con t\u00edtulo universitario<\/b>, pero est\u00e1 cursando dos carreras en paralelo: Derecho y Gastronom\u00eda.<\/div>\n<\/div>\n<\/div>\n<div class=\"paragraph texto\">\n<p class=\"p_5\">Pese a que su nombre inunda las redes por el pol\u00e9mico video,\u00a0<b>Serrano a\u00fan no se ha pronunciado.<\/b>\u00a0La bancada de ADN tampoco ha emitido ning\u00fan comunicado.<\/p>\n<p class=\"p_7\">Durante la sesi\u00f3n de la Comisi\u00f3n de Transparencia, acudieron autoridades como el viceministro de Electricidad,<b>\u00a0Fabi\u00e1n Calero<\/b>, para responder sobre\u00a0<b>los procesos de contrataci\u00f3n por la crisis el\u00e9ctrica. Las empresas Progen y Austral<\/b>, que ten\u00edan que instalar generadores, han incumplido con los acuerdos por lo que el gobierno termin\u00f3 los contratos, pese a que\u00a0<b>ya se les cancel\u00f3 m\u00e1s de 100 millones de d\u00f3lares. Fuente: Vistazo<\/b><\/p>\n<\/div>\n","protected":false},"excerpt":{"rendered":"<p>La escena se viraliz\u00f3 en redes sociales. Un video capt\u00f3 a Dominique Serrano, el asamble\u00edsta m\u00e1s joven, con apenas 19 a\u00f1os, dibujando con un l\u00e1piz y sobre unas hojas, mientras la Comisi\u00f3n de Transparencia y Control Social, recib\u00eda las comparecencias de autoridades sobre los contratos de las empresas\u00a0Progen\u00a0y Austral. El episodio ocurri\u00f3 la tarde del mi\u00e9rcoles 2 de julio de 2025, pero se volvi\u00f3 tendencia en redes sociales este mi\u00e9rcoles, debido a que\u00a0muchos usuarios empezaron a cuestionar la actuaci\u00f3n del legislador m\u00e1s joven que tiene el hemiciclo ecuatoriano. Antes de la viralizaci\u00f3n del clip, el asamble\u00edsta oficialista declar\u00f3 a trav\u00e9s de un video difundido en redes sociales que con la\u00a0aprobaci\u00f3n de la continuaci\u00f3n de la fiscalizaci\u00f3n a Progen\u00a0se demostraba a la ciudadan\u00eda su \u201ccompromiso\u00a0para erradicar la corrupci\u00f3n dentro de Ecuador\u201d. Dominique Serrano\u00a0lleg\u00f3 por el movimiento Acci\u00f3n Democr\u00e1tica Nacional (ADN), del presidente Daniel Noboa. Durante la campa\u00f1a dec\u00eda que representa al sur de Quito y que luchar\u00eda por mejorar las oportunidades de los j\u00f3venes en Ecuador.\u00a0No cuenta con t\u00edtulo universitario, pero est\u00e1 cursando dos carreras en paralelo: Derecho y Gastronom\u00eda. Pese a que su nombre inunda las redes por el pol\u00e9mico video,\u00a0Serrano a\u00fan no se ha pronunciado.\u00a0La bancada de ADN tampoco ha emitido ning\u00fan comunicado. Durante la sesi\u00f3n de la Comisi\u00f3n de Transparencia, acudieron autoridades como el viceministro de Electricidad,\u00a0Fabi\u00e1n Calero, para responder sobre\u00a0los procesos de contrataci\u00f3n por la crisis el\u00e9ctrica. Las empresas Progen y Austral, que ten\u00edan que instalar generadores, han incumplido con los acuerdos por lo que el gobierno termin\u00f3 los contratos, pese a que\u00a0ya se les cancel\u00f3 m\u00e1s de 100 millones de d\u00f3lares. Fuente: Vistazo<\/p>\n","protected":false},"author":1,"featured_media":24664,"comment_status":"open","ping_status":"open","sticky":false,"template":"","format":"standard","meta":{"footnotes":""},"categories":[268],"tags":[],"class_list":["post-24663","post","type-post","status-publish","format-standard","has-post-thumbnail","hentry","category-nacionales"],"_links":{"self":[{"href":"https:\/\/www.elamazonico.com\/portal\/wp-json\/wp\/v2\/posts\/24663","targetHints":{"allow":["GET"]}}],"collection":[{"href":"https:\/\/www.elamazonico.com\/portal\/wp-json\/wp\/v2\/posts"}],"about":[{"href":"https:\/\/www.elamazonico.com\/portal\/wp-json\/wp\/v2\/types\/post"}],"author":[{"embeddable":true,"href":"https:\/\/www.elamazonico.com\/portal\/wp-json\/wp\/v2\/users\/1"}],"replies":[{"embeddable":true,"href":"https:\/\/www.elamazonico.com\/portal\/wp-json\/wp\/v2\/comments?post=24663"}],"version-history":[{"count":1,"href":"https:\/\/www.elamazonico.com\/portal\/wp-json\/wp\/v2\/posts\/24663\/revisions"}],"predecessor-version":[{"id":24665,"href":"https:\/\/www.elamazonico.com\/portal\/wp-json\/wp\/v2\/posts\/24663\/revisions\/24665"}],"wp:featuredmedia":[{"embeddable":true,"href":"https:\/\/www.elamazonico.com\/portal\/wp-json\/wp\/v2\/media\/24664"}],"wp:attachment":[{"href":"https:\/\/www.elamazonico.com\/portal\/wp-json\/wp\/v2\/media?parent=24663"}],"wp:term":[{"taxonomy":"category","embeddable":true,"href":"https:\/\/www.elamazonico.com\/portal\/wp-json\/wp\/v2\/categories?post=24663"},{"taxonomy":"post_tag","embeddable":true,"href":"https:\/\/www.elamazonico.com\/portal\/wp-json\/wp\/v2\/tags?post=24663"}],"curies":[{"name":"wp","href":"https:\/\/api.w.org\/{rel}","templated":true}]}}