{"id":24648,"date":"2025-07-03T15:57:40","date_gmt":"2025-07-03T20:57:40","guid":{"rendered":"https:\/\/www.elamazonico.com\/portal\/?p=24648"},"modified":"2025-07-03T16:13:19","modified_gmt":"2025-07-03T21:13:19","slug":"cruzada-por-zamora-chinchipe-logran-habilitar-el-paso-en-la-loja-zamora-hasta-sabanilla-tras-deslaves","status":"publish","type":"post","link":"https:\/\/www.elamazonico.com\/portal\/cruzada-por-zamora-chinchipe-logran-habilitar-el-paso-en-la-loja-zamora-hasta-sabanilla-tras-deslaves\/","title":{"rendered":"\u201cCruzada por Zamora Chinchipe: logran habilitar el paso en la Loja-Zamora hasta Sabanilla tras deslaves\u201d"},"content":{"rendered":"<p data-start=\"275\" data-end=\"540\">En el marco de la declaratoria de emergencia vial, el ministro de Transporte y Obras P\u00fablicas, Roberto Luque, realiz\u00f3 un recorrido por la v\u00eda Loja\u2013Zamora, donde se identificaron al menos 20 puntos cr\u00edticos con inestabilidad que requieren intervenci\u00f3n prioritaria.<\/p>\n<p data-start=\"542\" data-end=\"988\">Con maquinaria del MTOP y equipos facilitados por el sector privado, los trabajos avanzan de manera continua con el objetivo de restablecer la conectividad de la provincia, severamente afectada por deslizamientos y socavones producto de las recientes lluvias. \u201cZamora Chinchipe no est\u00e1 sola. No nos iremos hasta habilitar completamente la v\u00eda\u201d, enfatiz\u00f3 el ministro, subrayando el compromiso del Gobierno Nacional con las comunidades afectadas.<\/p>\n<p data-start=\"990\" data-end=\"1430\">En una muestra de coordinaci\u00f3n interinstitucional y esfuerzo solidario, a las 12h00 de este d\u00eda se logr\u00f3 habilitar parcialmente el paso vehicular hasta la parroquia Sabanilla. La intervenci\u00f3n conjunta de la maquinaria de la C\u00e1mara de Miner\u00eda de Zamora, Trans Sol\u00f3rzano, compa\u00f1\u00eda Armijos y familia y el MTOP permiti\u00f3 remover los obst\u00e1culos que manten\u00edan incomunicada a la provincia, posibilitando la evacuaci\u00f3n de ciudadanos hacia la ciudad de Loja a trav\u00e9s de veh\u00edculos particulares.<\/p>\n<p data-start=\"1432\" data-end=\"1842\">Este avance refleja la importancia de fortalecer pol\u00edticas p\u00fablicas orientadas a la prevenci\u00f3n y resiliencia frente a fen\u00f3menos naturales que recurrentemente afectan a la regi\u00f3n. Asimismo, evidencia la necesidad de consolidar una infraestructura vial sostenible y segura, que garantice el derecho a la movilidad de la poblaci\u00f3n rural y urbana, y que permita una respuesta m\u00e1s eficaz ante futuras emergencias.<\/p>\n<p data-start=\"1844\" data-end=\"2117\">Las instituciones involucradas reiteraron su compromiso de mantener activos los trabajos hasta restablecer completamente la circulaci\u00f3n en la totalidad de la v\u00eda Loja\u2013Zamora, respondiendo a las demandas de una ciudadan\u00eda que espera soluciones estructurales y sostenibles.<\/p>\n","protected":false},"excerpt":{"rendered":"<p>En el marco de la declaratoria de emergencia vial, el ministro de Transporte y Obras P\u00fablicas, Roberto Luque, realiz\u00f3 un recorrido por la v\u00eda Loja\u2013Zamora, donde se identificaron al menos 20 puntos cr\u00edticos con inestabilidad que requieren intervenci\u00f3n prioritaria. Con maquinaria del MTOP y equipos facilitados por el sector privado, los trabajos avanzan de manera continua con el objetivo de restablecer la conectividad de la provincia, severamente afectada por deslizamientos y socavones producto de las recientes lluvias. \u201cZamora Chinchipe no est\u00e1 sola. No nos iremos hasta habilitar completamente la v\u00eda\u201d, enfatiz\u00f3 el ministro, subrayando el compromiso del Gobierno Nacional con las comunidades afectadas. En una muestra de coordinaci\u00f3n interinstitucional y esfuerzo solidario, a las 12h00 de este d\u00eda se logr\u00f3 habilitar parcialmente el paso vehicular hasta la parroquia Sabanilla. La intervenci\u00f3n conjunta de la maquinaria de la C\u00e1mara de Miner\u00eda de Zamora, Trans Sol\u00f3rzano, compa\u00f1\u00eda Armijos y familia y el MTOP permiti\u00f3 remover los obst\u00e1culos que manten\u00edan incomunicada a la provincia, posibilitando la evacuaci\u00f3n de ciudadanos hacia la ciudad de Loja a trav\u00e9s de veh\u00edculos particulares. Este avance refleja la importancia de fortalecer pol\u00edticas p\u00fablicas orientadas a la prevenci\u00f3n y resiliencia frente a fen\u00f3menos naturales que recurrentemente afectan a la regi\u00f3n. Asimismo, evidencia la necesidad de consolidar una infraestructura vial sostenible y segura, que garantice el derecho a la movilidad de la poblaci\u00f3n rural y urbana, y que permita una respuesta m\u00e1s eficaz ante futuras emergencias. Las instituciones involucradas reiteraron su compromiso de mantener activos los trabajos hasta restablecer completamente la circulaci\u00f3n en la totalidad de la v\u00eda Loja\u2013Zamora, respondiendo a las demandas de una ciudadan\u00eda que espera soluciones estructurales y sostenibles.<\/p>\n","protected":false},"author":1,"featured_media":24650,"comment_status":"open","ping_status":"open","sticky":false,"template":"","format":"standard","meta":{"footnotes":""},"categories":[243],"tags":[],"class_list":["post-24648","post","type-post","status-publish","format-standard","has-post-thumbnail","hentry","category-noticias-zamora"],"_links":{"self":[{"href":"https:\/\/www.elamazonico.com\/portal\/wp-json\/wp\/v2\/posts\/24648","targetHints":{"allow":["GET"]}}],"collection":[{"href":"https:\/\/www.elamazonico.com\/portal\/wp-json\/wp\/v2\/posts"}],"about":[{"href":"https:\/\/www.elamazonico.com\/portal\/wp-json\/wp\/v2\/types\/post"}],"author":[{"embeddable":true,"href":"https:\/\/www.elamazonico.com\/portal\/wp-json\/wp\/v2\/users\/1"}],"replies":[{"embeddable":true,"href":"https:\/\/www.elamazonico.com\/portal\/wp-json\/wp\/v2\/comments?post=24648"}],"version-history":[{"count":4,"href":"https:\/\/www.elamazonico.com\/portal\/wp-json\/wp\/v2\/posts\/24648\/revisions"}],"predecessor-version":[{"id":24653,"href":"https:\/\/www.elamazonico.com\/portal\/wp-json\/wp\/v2\/posts\/24648\/revisions\/24653"}],"wp:featuredmedia":[{"embeddable":true,"href":"https:\/\/www.elamazonico.com\/portal\/wp-json\/wp\/v2\/media\/24650"}],"wp:attachment":[{"href":"https:\/\/www.elamazonico.com\/portal\/wp-json\/wp\/v2\/media?parent=24648"}],"wp:term":[{"taxonomy":"category","embeddable":true,"href":"https:\/\/www.elamazonico.com\/portal\/wp-json\/wp\/v2\/categories?post=24648"},{"taxonomy":"post_tag","embeddable":true,"href":"https:\/\/www.elamazonico.com\/portal\/wp-json\/wp\/v2\/tags?post=24648"}],"curies":[{"name":"wp","href":"https:\/\/api.w.org\/{rel}","templated":true}]}}