{"id":24630,"date":"2025-07-02T22:19:22","date_gmt":"2025-07-03T03:19:22","guid":{"rendered":"https:\/\/www.elamazonico.com\/portal\/?p=24630"},"modified":"2025-07-02T22:19:22","modified_gmt":"2025-07-03T03:19:22","slug":"coca-codo-sinclair-y-otras-hidroelectricas-salen-de-operacion-cenace-pide-a-privados-prender-generadores","status":"publish","type":"post","link":"https:\/\/www.elamazonico.com\/portal\/coca-codo-sinclair-y-otras-hidroelectricas-salen-de-operacion-cenace-pide-a-privados-prender-generadores\/","title":{"rendered":"Coca Codo Sinclair y otras hidroel\u00e9ctricas salen de operaci\u00f3n; Cenace pide a privados prender generadores"},"content":{"rendered":"<p>El operador estatal de energ\u00eda Cenace orden\u00f3 a las distribuidoras el\u00e9ctricas la activaci\u00f3n de los generadores de electricidad de emergencia, p\u00fablicos y privados, desde las 14:00 del mi\u00e9rcoles 2 de julio de 2025 hasta las 23:00 del 4 de julio de 2025.<\/p>\n<p>Las intensas lluvias en la Amazon\u00eda ecuatoriana han da\u00f1ado la calidad del agua que alimenta a grandes centrales hidroel\u00e9ctricas como Coca Codo Sinclair, Delsitanisagua, San Bartolo y otras, lo que oblig\u00f3 a detener su operaci\u00f3n, seg\u00fan Cenace. Esto dej\u00f3 al pa\u00eds con menos energ\u00eda disponible justo en las horas de mayor consumo.<\/p>\n<p>Lea:\u00a0 \u00abLa energ\u00eda que requiere Ecuador no depende de los contratos de Progen\u00bb, sostiene el Gobierno<br \/>\nEl Cenace solicit\u00f3 a cada empresa distribuidora notificar y coordinar la operaci\u00f3n de los grupos el\u00e9ctricos de emergencia calificados dentro de su \u00e1rea de concesi\u00f3n \u00aba la brevedad posible\u00bb.<\/p>\n<p>Este tipo de medidas de emergencia se toman ante un d\u00e9ficit o faltante importante de energ\u00eda que podr\u00eda poner en riesgo el suministro de electricidad.<\/p>\n<p>Los grupos el\u00e9ctricos de emergencia son motores o turbinas que funcionan con di\u00e9sel o fuel oil y que generan electricidad cuando las hidroel\u00e9ctricas no pueden hacerlo.<\/p>\n<p>Adem\u00e1s, el Cenace advirti\u00f3 que dentro del periodo indicado se requiere la operaci\u00f3n continua y sostenida de todos estos grupos electr\u00f3genos durante las 24 horas del d\u00eda.<\/p>\n<p>No obstante, en caso de que existan restricciones operativas que impidan su funcionamiento ininterrumpido, Cenace recomienda priorizar su operaci\u00f3n diaria entre las 07:00 y 22:00, con especial \u00e9nfasis en la franja horaria de 17:00 a 22:00, que son las horas pico de mayor consumo.<\/p>\n<p>Seg\u00fan la orden de CENACE, estos generadores deben funcionar de manera continua durante tres d\u00edas, con prioridad entre las 5 de la tarde y 10 de la noche, cuando m\u00e1s hogares y negocios consumen electricidad.<\/p>\n<p>Dado que los embalses que abastecen al sector el\u00e9ctrico y que se ubican en las provincias de Azuay y Ca\u00f1ar est\u00e1n llenos. Sin embargo, cuando salen de operaci\u00f3n centrales de generaci\u00f3n importantes sube el riesgo de desestabilizaci\u00f3n del sistema el\u00e9ctrico y cortes no programados de luz.<\/p>\n<p>Con la salida de operaci\u00f3n de las hidroel\u00e9ctricas antes mencionadas el sistema el\u00e9ctrico nacional habr\u00eda dejado de contar con casi 1800 megavatios de energ\u00eda. Es una restricci\u00f3n importante considerando que para cubrir la demanda de Ecuador se requiere unos 4.600 megavatios de energ\u00eda media y de hasta 5170 megavatios en horas pico. <strong>Fuente: Primicias\u00a0<\/strong><\/p>\n<p>https:\/\/drive.google.com\/file\/d\/1TUhHN2MuMT-n1zK4ehxppLMt1q1HNT9m\/view<\/p>\n","protected":false},"excerpt":{"rendered":"<p>El operador estatal de energ\u00eda Cenace orden\u00f3 a las distribuidoras el\u00e9ctricas la activaci\u00f3n de los generadores de electricidad de emergencia, p\u00fablicos y privados, desde las 14:00 del mi\u00e9rcoles 2 de julio de 2025 hasta las 23:00 del 4 de julio de 2025. Las intensas lluvias en la Amazon\u00eda ecuatoriana han da\u00f1ado la calidad del agua que alimenta a grandes centrales hidroel\u00e9ctricas como Coca Codo Sinclair, Delsitanisagua, San Bartolo y otras, lo que oblig\u00f3 a detener su operaci\u00f3n, seg\u00fan Cenace. Esto dej\u00f3 al pa\u00eds con menos energ\u00eda disponible justo en las horas de mayor consumo. Lea:\u00a0 \u00abLa energ\u00eda que requiere Ecuador no depende de los contratos de Progen\u00bb, sostiene el Gobierno El Cenace solicit\u00f3 a cada empresa distribuidora notificar y coordinar la operaci\u00f3n de los grupos el\u00e9ctricos de emergencia calificados dentro de su \u00e1rea de concesi\u00f3n \u00aba la brevedad posible\u00bb. Este tipo de medidas de emergencia se toman ante un d\u00e9ficit o faltante importante de energ\u00eda que podr\u00eda poner en riesgo el suministro de electricidad. Los grupos el\u00e9ctricos de emergencia son motores o turbinas que funcionan con di\u00e9sel o fuel oil y que generan electricidad cuando las hidroel\u00e9ctricas no pueden hacerlo. Adem\u00e1s, el Cenace advirti\u00f3 que dentro del periodo indicado se requiere la operaci\u00f3n continua y sostenida de todos estos grupos electr\u00f3genos durante las 24 horas del d\u00eda. No obstante, en caso de que existan restricciones operativas que impidan su funcionamiento ininterrumpido, Cenace recomienda priorizar su operaci\u00f3n diaria entre las 07:00 y 22:00, con especial \u00e9nfasis en la franja horaria de 17:00 a 22:00, que son las horas pico de mayor consumo. Seg\u00fan la orden de CENACE, estos generadores deben funcionar de manera continua durante tres d\u00edas, con prioridad entre las 5 de la tarde y 10 de la noche, cuando m\u00e1s hogares y negocios consumen electricidad. Dado que los embalses que abastecen al sector el\u00e9ctrico y que se ubican en las provincias de Azuay y Ca\u00f1ar est\u00e1n llenos. Sin embargo, cuando salen de operaci\u00f3n centrales de generaci\u00f3n importantes sube el riesgo de desestabilizaci\u00f3n del sistema el\u00e9ctrico y cortes no programados de luz. Con la salida de operaci\u00f3n de las hidroel\u00e9ctricas antes mencionadas el sistema el\u00e9ctrico nacional habr\u00eda dejado de contar con casi 1800 megavatios de energ\u00eda. Es una restricci\u00f3n importante considerando que para cubrir la demanda de Ecuador se requiere unos 4.600 megavatios de energ\u00eda media y de hasta 5170 megavatios en horas pico. Fuente: Primicias\u00a0 https:\/\/drive.google.com\/file\/d\/1TUhHN2MuMT-n1zK4ehxppLMt1q1HNT9m\/view<\/p>\n","protected":false},"author":1,"featured_media":24631,"comment_status":"open","ping_status":"open","sticky":false,"template":"","format":"standard","meta":{"footnotes":""},"categories":[268],"tags":[],"class_list":["post-24630","post","type-post","status-publish","format-standard","has-post-thumbnail","hentry","category-nacionales"],"_links":{"self":[{"href":"https:\/\/www.elamazonico.com\/portal\/wp-json\/wp\/v2\/posts\/24630","targetHints":{"allow":["GET"]}}],"collection":[{"href":"https:\/\/www.elamazonico.com\/portal\/wp-json\/wp\/v2\/posts"}],"about":[{"href":"https:\/\/www.elamazonico.com\/portal\/wp-json\/wp\/v2\/types\/post"}],"author":[{"embeddable":true,"href":"https:\/\/www.elamazonico.com\/portal\/wp-json\/wp\/v2\/users\/1"}],"replies":[{"embeddable":true,"href":"https:\/\/www.elamazonico.com\/portal\/wp-json\/wp\/v2\/comments?post=24630"}],"version-history":[{"count":1,"href":"https:\/\/www.elamazonico.com\/portal\/wp-json\/wp\/v2\/posts\/24630\/revisions"}],"predecessor-version":[{"id":24632,"href":"https:\/\/www.elamazonico.com\/portal\/wp-json\/wp\/v2\/posts\/24630\/revisions\/24632"}],"wp:featuredmedia":[{"embeddable":true,"href":"https:\/\/www.elamazonico.com\/portal\/wp-json\/wp\/v2\/media\/24631"}],"wp:attachment":[{"href":"https:\/\/www.elamazonico.com\/portal\/wp-json\/wp\/v2\/media?parent=24630"}],"wp:term":[{"taxonomy":"category","embeddable":true,"href":"https:\/\/www.elamazonico.com\/portal\/wp-json\/wp\/v2\/categories?post=24630"},{"taxonomy":"post_tag","embeddable":true,"href":"https:\/\/www.elamazonico.com\/portal\/wp-json\/wp\/v2\/tags?post=24630"}],"curies":[{"name":"wp","href":"https:\/\/api.w.org\/{rel}","templated":true}]}}