{"id":24625,"date":"2025-07-02T22:09:29","date_gmt":"2025-07-03T03:09:29","guid":{"rendered":"https:\/\/www.elamazonico.com\/portal\/?p=24625"},"modified":"2025-07-02T22:09:29","modified_gmt":"2025-07-03T03:09:29","slug":"policia-y-ff-aa-hallan-dinero-armas-y-joyas-en-casa-en-donde-fue-capturado-alias-fito","status":"publish","type":"post","link":"https:\/\/www.elamazonico.com\/portal\/policia-y-ff-aa-hallan-dinero-armas-y-joyas-en-casa-en-donde-fue-capturado-alias-fito\/","title":{"rendered":"Polic\u00eda y FF.AA. hallan dinero, armas y joyas en casa en donde fue capturado alias &#8216;Fito&#8217;"},"content":{"rendered":"<div class=\"paragraph texto\">\n<p class=\"p_0\"><b>Elementos de la Polic\u00eda Nacional y Fuerzas Armadas allanaron nuevamente la vivienda en la que fue detenido el pasado mi\u00e9rcoles Adolfo Mac\u00edas Villamar, conocido con el alias de &#8216;<a href=\"https:\/\/www.vistazo.com\/cronologia\/-\/meta\/alias-fito\" rel=\"nofollow\">Fito<\/a>&#8216; y considerado como el l\u00edder del grupo criminal &#8216;Los Choneros&#8217;.<\/b><\/p>\n<p class=\"p_2\">El inmueble se encuentra a nombre de\u00a0<b>Christian Mendoza<\/b>, uno de los\u00a0<b>cuatro sujetos armados con fusiles<\/b>\u00a0que resguardaban al l\u00edder criminal, que permanec\u00eda oculto dentro de un\u00a0<b>b\u00fanker\u00a0<\/b>cuando militares ingresaron con maquinaria pesada y\u00a0<b>dieron con \u00e9l<\/b>.<\/p>\n<\/div>\n<div class=\"multimediaMacroWrapper img lateral\">\n<figure class=\"contentMedia art-img\">\n<div><img fetchpriority=\"high\" decoding=\"async\" class=\" lazyloaded\" title=\"Fotograf\u00eda que muestra al ministro del Interior, John Reimberg, supervisando la excavaci\u00f3n.\" src=\"https:\/\/www.vistazo.com\/placeholder\/svg\/viewbox\/768x576\" sizes=\"100vw\" srcset=\"\/\/www.vistazo.com\/binrepository\/768x576\/0c0\/0d0\/none\/12727\/MEML\/gu5hzaqxcaa0y75_2285130_20250702204419.jpg 768w,\/\/www.vistazo.com\/binrepository\/640x480\/0c0\/0d0\/none\/12727\/MEKI\/gu5hzaqxcaa0y75_2285130_20250702204419.jpg 640w,\/\/www.vistazo.com\/binrepository\/512x384\/0c0\/0d0\/none\/12727\/MEOJ\/gu5hzaqxcaa0y75_2285130_20250702204419.jpg 512w,\/\/www.vistazo.com\/binrepository\/384x288\/0c0\/0d0\/none\/12727\/MESR\/gu5hzaqxcaa0y75_2285130_20250702204419.jpg 384w,\/\/www.vistazo.com\/binrepository\/300x225\/0c0\/0d0\/none\/12727\/MENT\/gu5hzaqxcaa0y75_2285130_20250702204419.jpg 300w\" alt=\"$!Fotograf\u00eda que muestra al ministro del Interior, John Reimberg, supervisando la excavaci\u00f3n.\" width=\"768\" height=\"576\" data-srcset=\"\/\/www.vistazo.com\/binrepository\/768x576\/0c0\/0d0\/none\/12727\/MEML\/gu5hzaqxcaa0y75_2285130_20250702204419.jpg 768w,\/\/www.vistazo.com\/binrepository\/640x480\/0c0\/0d0\/none\/12727\/MEKI\/gu5hzaqxcaa0y75_2285130_20250702204419.jpg 640w,\/\/www.vistazo.com\/binrepository\/512x384\/0c0\/0d0\/none\/12727\/MEOJ\/gu5hzaqxcaa0y75_2285130_20250702204419.jpg 512w,\/\/www.vistazo.com\/binrepository\/384x288\/0c0\/0d0\/none\/12727\/MESR\/gu5hzaqxcaa0y75_2285130_20250702204419.jpg 384w,\/\/www.vistazo.com\/binrepository\/300x225\/0c0\/0d0\/none\/12727\/MENT\/gu5hzaqxcaa0y75_2285130_20250702204419.jpg 300w\" \/><\/div>\n<div class=\"cutline-byline\"><span class=\"cutline-text\">Fotograf\u00eda que muestra al ministro del Interior, John Reimberg, supervisando la excavaci\u00f3n.<\/span>\u00a0<span class=\"byline-image\">(@JohnReimberg)<\/span><\/div>\n<\/figure>\n<\/div>\n<div class=\"paragraph texto\">\n<p class=\"p_3\">De acuerdo al ministro del Interior, John Reimberg,<b>\u00a0caletas con cantidades de dinero no precisadas, armas de fuego y joyas,\u00a0<\/b>fueron encontradas en la lujosa propiedad, ubicada en un barrio de bajos ingresos de la localidad de\u00a0<b>Montecristi<\/b>, en la provincia de Manab\u00ed.<\/p>\n<div class=\"Center2Display\">\n<div id=\"Center2\" data-google-query-id=\"CICx1_nan44DFQOy0QQdKk03cA\">\n<div id=\"google_ads_iframe_\/21839199781\/Vistazo\/Vistazo_Center2_0__container__\"><\/div>\n<\/div>\n<\/div>\n<\/div>\n<div class=\"html_text\">\n<div class=\"twitter-tweet twitter-tweet-rendered\"><iframe id=\"twitter-widget-0\" class=\"\" title=\"X Post\" src=\"https:\/\/platform.twitter.com\/embed\/Tweet.html?dnt=false&amp;embedId=twitter-widget-0&amp;features=eyJ0ZndfdGltZWxpbmVfbGlzdCI6eyJidWNrZXQiOltdLCJ2ZXJzaW9uIjpudWxsfSwidGZ3X2ZvbGxvd2VyX2NvdW50X3N1bnNldCI6eyJidWNrZXQiOnRydWUsInZlcnNpb24iOm51bGx9LCJ0ZndfdHdlZXRfZWRpdF9iYWNrZW5kIjp7ImJ1Y2tldCI6Im9uIiwidmVyc2lvbiI6bnVsbH0sInRmd19yZWZzcmNfc2Vzc2lvbiI6eyJidWNrZXQiOiJvbiIsInZlcnNpb24iOm51bGx9LCJ0ZndfZm9zbnJfc29mdF9pbnRlcnZlbnRpb25zX2VuYWJsZWQiOnsiYnVja2V0Ijoib24iLCJ2ZXJzaW9uIjpudWxsfSwidGZ3X21peGVkX21lZGlhXzE1ODk3Ijp7ImJ1Y2tldCI6InRyZWF0bWVudCIsInZlcnNpb24iOm51bGx9LCJ0ZndfZXhwZXJpbWVudHNfY29va2llX2V4cGlyYXRpb24iOnsiYnVja2V0IjoxMjA5NjAwLCJ2ZXJzaW9uIjpudWxsfSwidGZ3X3Nob3dfYmlyZHdhdGNoX3Bpdm90c19lbmFibGVkIjp7ImJ1Y2tldCI6Im9uIiwidmVyc2lvbiI6bnVsbH0sInRmd19kdXBsaWNhdGVfc2NyaWJlc190b19zZXR0aW5ncyI6eyJidWNrZXQiOiJvbiIsInZlcnNpb24iOm51bGx9LCJ0ZndfdXNlX3Byb2ZpbGVfaW1hZ2Vfc2hhcGVfZW5hYmxlZCI6eyJidWNrZXQiOiJvbiIsInZlcnNpb24iOm51bGx9LCJ0ZndfdmlkZW9faGxzX2R5bmFtaWNfbWFuaWZlc3RzXzE1MDgyIjp7ImJ1Y2tldCI6InRydWVfYml0cmF0ZSIsInZlcnNpb24iOm51bGx9LCJ0ZndfbGVnYWN5X3RpbWVsaW5lX3N1bnNldCI6eyJidWNrZXQiOnRydWUsInZlcnNpb24iOm51bGx9LCJ0ZndfdHdlZXRfZWRpdF9mcm9udGVuZCI6eyJidWNrZXQiOiJvbiIsInZlcnNpb24iOm51bGx9fQ%3D%3D&amp;frame=false&amp;hideCard=false&amp;hideThread=false&amp;id=1940592700354445329&amp;lang=es&amp;maxWidth=560px&amp;origin=https%3A%2F%2Fwww.vistazo.com%2Factualidad%2Fnacional%2F2025-07-02-militares-hallan-caletas-dinero-propiedad-capturado-alias-fito-allanamiento-DA9615467&amp;sessionId=1435d51c8c82b6363f88e0abf394a3e368a2c591&amp;theme=light&amp;widgetsVersion=2615f7e52b7e0%3A1702314776716&amp;width=550px\" frameborder=\"0\" scrolling=\"no\" allowfullscreen=\"allowfullscreen\" data-tweet-id=\"1940592700354445329\" data-mce-fragment=\"1\"><\/iframe><\/div>\n<\/div>\n<div class=\"paragraph texto\">\n<p class=\"p_4\">Al finalizar el operativo, que se extendi\u00f3 durante doce horas, las fuerzas de seguridad colocaron los elementos hallados sobre una mesa de billar. En esta se pod\u00edan apreciar\u00a0<b>m\u00e1s de una decena de pistolas<\/b>\u00a0\u2014algunas de color dorado\u2014, municiones,\u00a0<b>relojes de lujosas marcas<\/b>\u00a0y\u00a0<b>collares\u00a0<\/b>que aparentan ser de oro.<\/p>\n<\/div>\n<h2 class=\"h2vistazo\">C\u00famulo de condenas sobre \u2018Fito\u2019<\/h2>\n<div class=\"paragraph texto\">\n<p class=\"p_5\">En 2011,\u00a0<b>\u2018Fito\u2019 fue condenado a 34 a\u00f1os de c\u00e1rcel por varios cr\u00edmenes<\/b>, entre estos narcotr\u00e1fico, asesinato y delincuencia organizada. En enero del 2024, el cabecilla\u00a0<b>se fug\u00f3\u00a0<\/b>de la C\u00e1rcel Regional de la ciudad de Guayaquil y permaneci\u00f3\u00a0<b>pr\u00f3fugo\u00a0<\/b>hasta que militares lo capturaron el pasado mi\u00e9rcoles en una vivienda de la ciudad de Montecristi, en la que se escond\u00eda dentro de un b\u00fanker.<\/p>\n<p class=\"p_7\">En abril del a\u00f1o pasado, mientras encabezaba las listas de b\u00fasqueda en Ecuador,<b>\u00a0el Gobierno de Estados Unidos lo acus\u00f3 formalmente de siete cargos<\/b>, entre ellos conspiraci\u00f3n para la distribuci\u00f3n internacional de coca\u00edna, uso de armas de fuego y contrabando de armas desde EE.UU.<\/p>\n<p class=\"p_8\">Luego de su recaptura,\u00a0<b>\u2018Fito\u2019 fue trasladado a la c\u00e1rcel de m\u00e1xima seguridad de Ecuador, \u2018La Roca\u2019<\/b>, ubicada en la ciudad de Guayaquil, a espera de que sea extraditado a Estados Unidos, seg\u00fan inform\u00f3 la semana pasada la portavoz del Gobierno, Carolina Jaramillo.<\/p>\n<\/div>\n","protected":false},"excerpt":{"rendered":"<p>Elementos de la Polic\u00eda Nacional y Fuerzas Armadas allanaron nuevamente la vivienda en la que fue detenido el pasado mi\u00e9rcoles Adolfo Mac\u00edas Villamar, conocido con el alias de &#8216;Fito&#8216; y considerado como el l\u00edder del grupo criminal &#8216;Los Choneros&#8217;. El inmueble se encuentra a nombre de\u00a0Christian Mendoza, uno de los\u00a0cuatro sujetos armados con fusiles\u00a0que resguardaban al l\u00edder criminal, que permanec\u00eda oculto dentro de un\u00a0b\u00fanker\u00a0cuando militares ingresaron con maquinaria pesada y\u00a0dieron con \u00e9l. Fotograf\u00eda que muestra al ministro del Interior, John Reimberg, supervisando la excavaci\u00f3n.\u00a0(@JohnReimberg) De acuerdo al ministro del Interior, John Reimberg,\u00a0caletas con cantidades de dinero no precisadas, armas de fuego y joyas,\u00a0fueron encontradas en la lujosa propiedad, ubicada en un barrio de bajos ingresos de la localidad de\u00a0Montecristi, en la provincia de Manab\u00ed. Al finalizar el operativo, que se extendi\u00f3 durante doce horas, las fuerzas de seguridad colocaron los elementos hallados sobre una mesa de billar. En esta se pod\u00edan apreciar\u00a0m\u00e1s de una decena de pistolas\u00a0\u2014algunas de color dorado\u2014, municiones,\u00a0relojes de lujosas marcas\u00a0y\u00a0collares\u00a0que aparentan ser de oro. C\u00famulo de condenas sobre \u2018Fito\u2019 En 2011,\u00a0\u2018Fito\u2019 fue condenado a 34 a\u00f1os de c\u00e1rcel por varios cr\u00edmenes, entre estos narcotr\u00e1fico, asesinato y delincuencia organizada. En enero del 2024, el cabecilla\u00a0se fug\u00f3\u00a0de la C\u00e1rcel Regional de la ciudad de Guayaquil y permaneci\u00f3\u00a0pr\u00f3fugo\u00a0hasta que militares lo capturaron el pasado mi\u00e9rcoles en una vivienda de la ciudad de Montecristi, en la que se escond\u00eda dentro de un b\u00fanker. En abril del a\u00f1o pasado, mientras encabezaba las listas de b\u00fasqueda en Ecuador,\u00a0el Gobierno de Estados Unidos lo acus\u00f3 formalmente de siete cargos, entre ellos conspiraci\u00f3n para la distribuci\u00f3n internacional de coca\u00edna, uso de armas de fuego y contrabando de armas desde EE.UU. Luego de su recaptura,\u00a0\u2018Fito\u2019 fue trasladado a la c\u00e1rcel de m\u00e1xima seguridad de Ecuador, \u2018La Roca\u2019, ubicada en la ciudad de Guayaquil, a espera de que sea extraditado a Estados Unidos, seg\u00fan inform\u00f3 la semana pasada la portavoz del Gobierno, Carolina Jaramillo.<\/p>\n","protected":false},"author":1,"featured_media":24626,"comment_status":"open","ping_status":"open","sticky":false,"template":"","format":"standard","meta":{"footnotes":""},"categories":[268],"tags":[],"class_list":["post-24625","post","type-post","status-publish","format-standard","has-post-thumbnail","hentry","category-nacionales"],"_links":{"self":[{"href":"https:\/\/www.elamazonico.com\/portal\/wp-json\/wp\/v2\/posts\/24625","targetHints":{"allow":["GET"]}}],"collection":[{"href":"https:\/\/www.elamazonico.com\/portal\/wp-json\/wp\/v2\/posts"}],"about":[{"href":"https:\/\/www.elamazonico.com\/portal\/wp-json\/wp\/v2\/types\/post"}],"author":[{"embeddable":true,"href":"https:\/\/www.elamazonico.com\/portal\/wp-json\/wp\/v2\/users\/1"}],"replies":[{"embeddable":true,"href":"https:\/\/www.elamazonico.com\/portal\/wp-json\/wp\/v2\/comments?post=24625"}],"version-history":[{"count":1,"href":"https:\/\/www.elamazonico.com\/portal\/wp-json\/wp\/v2\/posts\/24625\/revisions"}],"predecessor-version":[{"id":24627,"href":"https:\/\/www.elamazonico.com\/portal\/wp-json\/wp\/v2\/posts\/24625\/revisions\/24627"}],"wp:featuredmedia":[{"embeddable":true,"href":"https:\/\/www.elamazonico.com\/portal\/wp-json\/wp\/v2\/media\/24626"}],"wp:attachment":[{"href":"https:\/\/www.elamazonico.com\/portal\/wp-json\/wp\/v2\/media?parent=24625"}],"wp:term":[{"taxonomy":"category","embeddable":true,"href":"https:\/\/www.elamazonico.com\/portal\/wp-json\/wp\/v2\/categories?post=24625"},{"taxonomy":"post_tag","embeddable":true,"href":"https:\/\/www.elamazonico.com\/portal\/wp-json\/wp\/v2\/tags?post=24625"}],"curies":[{"name":"wp","href":"https:\/\/api.w.org\/{rel}","templated":true}]}}