{"id":24619,"date":"2025-07-02T18:16:43","date_gmt":"2025-07-02T23:16:43","guid":{"rendered":"https:\/\/www.elamazonico.com\/portal\/?p=24619"},"modified":"2025-07-02T18:16:43","modified_gmt":"2025-07-02T23:16:43","slug":"camara-de-mineria-de-zamora-se-suma-con-maquinaria-a-la-reapertura-vial-en-la-provincia","status":"publish","type":"post","link":"https:\/\/www.elamazonico.com\/portal\/camara-de-mineria-de-zamora-se-suma-con-maquinaria-a-la-reapertura-vial-en-la-provincia\/","title":{"rendered":"C\u00e1mara de Miner\u00eda de Zamora se suma con maquinaria a la reapertura vial en la provincia"},"content":{"rendered":"<p data-start=\"168\" data-end=\"562\">Frente a la grave emergencia provocada por la temporada invernal en Zamora Chinchipe, que ha generado m\u00faltiples deslizamientos de tierra y derrumbes en las principales v\u00edas de comunicaci\u00f3n, la <strong data-start=\"361\" data-end=\"400\">C\u00e1mara de Miner\u00eda de Zamora (CAMIZ)<\/strong> ha anunciado su apoyo inmediato a las labores de reapertura vial, en coordinaci\u00f3n con el <strong data-start=\"490\" data-end=\"528\">Ministerio de Obras P\u00fablicas (MOP)<\/strong> y dem\u00e1s instituciones del Estado.<\/p>\n<p data-start=\"614\" data-end=\"1201\">A partir del <strong data-start=\"627\" data-end=\"641\">3 de julio<\/strong>, CAMIZ enviar\u00e1 desde la ciudad de Loja <strong data-start=\"681\" data-end=\"719\">una retroexcavadora y una volqueta<\/strong>, que se integrar\u00e1n a los trabajos t\u00e9cnicos destinados a despejar la v\u00eda Zamora\u2013Loja, una arteria estrat\u00e9gica actualmente interrumpida por los efectos del temporal. Adem\u00e1s, <strong data-start=\"892\" data-end=\"971\">otras maquinarias se movilizar\u00e1n hacia la Troncal Amaz\u00f3nica y v\u00edas alternas<\/strong>, con el objetivo de restablecer la conectividad entre cantones, parroquias y barrios que permanecen incomunicados, afectando gravemente la movilidad de personas, el abastecimiento de alimentos y la atenci\u00f3n a emergencias m\u00e9dicas.<\/p>\n<p data-start=\"1253\" data-end=\"1684\">El presidente de CAMIZ, <strong data-start=\"1277\" data-end=\"1299\">Paul Pineda Codero<\/strong>, destac\u00f3 la voluntad solidaria de los socios de la C\u00e1mara, quienes no solo han dispuesto maquinaria pesada para las labores de limpieza, sino tambi\u00e9n <strong data-start=\"1450\" data-end=\"1484\">aportes econ\u00f3micos voluntarios<\/strong> que permitir\u00e1n atender necesidades inmediatas, especialmente la <strong data-start=\"1549\" data-end=\"1609\">alimentaci\u00f3n de ciudadanos atrapados entre los derrumbes<\/strong>, quienes enfrentan d\u00edas de angustia, incertidumbre y condiciones adversas.<\/p>\n<blockquote data-start=\"1686\" data-end=\"1900\">\n<p data-start=\"1688\" data-end=\"1900\"><em data-start=\"1688\" data-end=\"1884\">\u201cNuestra responsabilidad social va m\u00e1s all\u00e1 de la actividad econ\u00f3mica. Estamos aqu\u00ed para sumar en momentos de crisis y actuar con sentido de corresponsabilidad hacia la provincia que nos acoge\u201d,<\/em> expres\u00f3 Pineda.<\/p>\n<\/blockquote>\n<p data-start=\"1951\" data-end=\"2390\">Esta acci\u00f3n solidaria y t\u00e9cnica de CAMIZ se enmarca en un llamado m\u00e1s amplio a la articulaci\u00f3n interinstitucional y a la acci\u00f3n p\u00fablica-privada para enfrentar una emergencia que requiere decisiones firmes, recursos \u00e1giles y presencia efectiva del Estado en el territorio. La reapertura de las v\u00edas no solo representa un reto log\u00edstico, sino una prioridad social que afecta directamente la vida y seguridad de cientos de familias zamoranas.<\/p>\n","protected":false},"excerpt":{"rendered":"<p>Frente a la grave emergencia provocada por la temporada invernal en Zamora Chinchipe, que ha generado m\u00faltiples deslizamientos de tierra y derrumbes en las principales v\u00edas de comunicaci\u00f3n, la C\u00e1mara de Miner\u00eda de Zamora (CAMIZ) ha anunciado su apoyo inmediato a las labores de reapertura vial, en coordinaci\u00f3n con el Ministerio de Obras P\u00fablicas (MOP) y dem\u00e1s instituciones del Estado. A partir del 3 de julio, CAMIZ enviar\u00e1 desde la ciudad de Loja una retroexcavadora y una volqueta, que se integrar\u00e1n a los trabajos t\u00e9cnicos destinados a despejar la v\u00eda Zamora\u2013Loja, una arteria estrat\u00e9gica actualmente interrumpida por los efectos del temporal. Adem\u00e1s, otras maquinarias se movilizar\u00e1n hacia la Troncal Amaz\u00f3nica y v\u00edas alternas, con el objetivo de restablecer la conectividad entre cantones, parroquias y barrios que permanecen incomunicados, afectando gravemente la movilidad de personas, el abastecimiento de alimentos y la atenci\u00f3n a emergencias m\u00e9dicas. El presidente de CAMIZ, Paul Pineda Codero, destac\u00f3 la voluntad solidaria de los socios de la C\u00e1mara, quienes no solo han dispuesto maquinaria pesada para las labores de limpieza, sino tambi\u00e9n aportes econ\u00f3micos voluntarios que permitir\u00e1n atender necesidades inmediatas, especialmente la alimentaci\u00f3n de ciudadanos atrapados entre los derrumbes, quienes enfrentan d\u00edas de angustia, incertidumbre y condiciones adversas. \u201cNuestra responsabilidad social va m\u00e1s all\u00e1 de la actividad econ\u00f3mica. Estamos aqu\u00ed para sumar en momentos de crisis y actuar con sentido de corresponsabilidad hacia la provincia que nos acoge\u201d, expres\u00f3 Pineda. Esta acci\u00f3n solidaria y t\u00e9cnica de CAMIZ se enmarca en un llamado m\u00e1s amplio a la articulaci\u00f3n interinstitucional y a la acci\u00f3n p\u00fablica-privada para enfrentar una emergencia que requiere decisiones firmes, recursos \u00e1giles y presencia efectiva del Estado en el territorio. La reapertura de las v\u00edas no solo representa un reto log\u00edstico, sino una prioridad social que afecta directamente la vida y seguridad de cientos de familias zamoranas.<\/p>\n","protected":false},"author":1,"featured_media":24620,"comment_status":"open","ping_status":"open","sticky":false,"template":"","format":"standard","meta":{"footnotes":""},"categories":[243],"tags":[],"class_list":["post-24619","post","type-post","status-publish","format-standard","has-post-thumbnail","hentry","category-noticias-zamora"],"_links":{"self":[{"href":"https:\/\/www.elamazonico.com\/portal\/wp-json\/wp\/v2\/posts\/24619","targetHints":{"allow":["GET"]}}],"collection":[{"href":"https:\/\/www.elamazonico.com\/portal\/wp-json\/wp\/v2\/posts"}],"about":[{"href":"https:\/\/www.elamazonico.com\/portal\/wp-json\/wp\/v2\/types\/post"}],"author":[{"embeddable":true,"href":"https:\/\/www.elamazonico.com\/portal\/wp-json\/wp\/v2\/users\/1"}],"replies":[{"embeddable":true,"href":"https:\/\/www.elamazonico.com\/portal\/wp-json\/wp\/v2\/comments?post=24619"}],"version-history":[{"count":1,"href":"https:\/\/www.elamazonico.com\/portal\/wp-json\/wp\/v2\/posts\/24619\/revisions"}],"predecessor-version":[{"id":24621,"href":"https:\/\/www.elamazonico.com\/portal\/wp-json\/wp\/v2\/posts\/24619\/revisions\/24621"}],"wp:featuredmedia":[{"embeddable":true,"href":"https:\/\/www.elamazonico.com\/portal\/wp-json\/wp\/v2\/media\/24620"}],"wp:attachment":[{"href":"https:\/\/www.elamazonico.com\/portal\/wp-json\/wp\/v2\/media?parent=24619"}],"wp:term":[{"taxonomy":"category","embeddable":true,"href":"https:\/\/www.elamazonico.com\/portal\/wp-json\/wp\/v2\/categories?post=24619"},{"taxonomy":"post_tag","embeddable":true,"href":"https:\/\/www.elamazonico.com\/portal\/wp-json\/wp\/v2\/tags?post=24619"}],"curies":[{"name":"wp","href":"https:\/\/api.w.org\/{rel}","templated":true}]}}