{"id":24612,"date":"2025-07-02T17:55:47","date_gmt":"2025-07-02T22:55:47","guid":{"rendered":"https:\/\/www.elamazonico.com\/portal\/?p=24612"},"modified":"2025-07-02T17:56:25","modified_gmt":"2025-07-02T22:56:25","slug":"alias-fito-habria-asegurado-en-un-audio-que-unos-militares-le-recomendaban-no-entregarse-a-las-autoridades-ecuatorianas","status":"publish","type":"post","link":"https:\/\/www.elamazonico.com\/portal\/alias-fito-habria-asegurado-en-un-audio-que-unos-militares-le-recomendaban-no-entregarse-a-las-autoridades-ecuatorianas\/","title":{"rendered":"Alias &#8216;Fito&#8217; habr\u00eda asegurado en un audio que unos militares le recomendaban no entregarse a las autoridades ecuatorianas"},"content":{"rendered":"<div class=\"paragraph texto\">\n<p class=\"p_0\"><b>Adolfo Mac\u00edas Villamar, conocido con el alias de &#8216;<a href=\"https:\/\/www.vistazo.com\/cronologia\/-\/meta\/alias-fito\">Fito<\/a>&#8216; y considerado como el l\u00edder del grupo criminal &#8216;Los Choneros&#8217;, habr\u00eda afirmado que miembros de las Fuerzas Armadas le aconsejaron no entregarse. As\u00ed lo revelar\u00eda un audio difundido por el medio colombiano Canal 1.<\/b><\/p>\n<p class=\"p_2\">El\u00a0<b>narcotraficante ecuatoriano<\/b>\u00a0fue capturado el pasado mi\u00e9rcoles al interior de una vivienda en la ciudad de Montecristi, en la provincia de Manab\u00ed, luego de\u00a0<b>permanecer pr\u00f3fugo durante casi un a\u00f1o y medio<\/b>\u00a0tras su escape de la C\u00e1rcel Regional de Guayaquil.<\/p>\n<p class=\"p_3\">De acuerdo al Ministerio del Interior,<b>\u00a0&#8216;Fito&#8217; se rindi\u00f3 ante la Fuerza P\u00fablica<\/b>\u00a0debido a la posibilidad de que maquinar\u00eda pesada que inspeccionaba un sembr\u00edo irregular provocara que el techo de un\u00a0<b>b\u00fanker\u00a0<\/b>en el que permanec\u00eda oculto colapsara sobre \u00e9l.<\/p>\n<div>\n<div class=\"trv-player-container\">\n<div class=\"trv-wrapper\">\n<div id=\"br_video_player_cbd35e65697219c77281b14019c3ad5a7a4d6079\" class=\"trvd_video_player trvdfloater trv-right\">\n<div class=\"media-player\">\n<div class=\"trv-video\">\n<div id=\"truvid_ima_container592\" class=\"truvid_ima_container\">\n<div>Desde que fue recapturado, el encargado de la cartera, <b>John Reimberg<\/b>, ha asegurado que la detenci\u00f3n del cabecilla no fue producto de un pacto entre \u00e9l y el Gobierno. Luego de que la prensa colombiana revelara que el funcionario sostuvo una\u00a0<b>videollamada\u00a0<\/b>con Mac\u00edas semanas antes del arresto,\u00a0<b>el ministro reafirm\u00f3 su versi\u00f3n.<\/b><\/div>\n<\/div>\n<\/div>\n<\/div>\n<\/div>\n<\/div>\n<\/div>\n<\/div>\n<p class=\"p_5\">Mientras &#8216;Fito&#8217; permanece encarcelado en la prisi\u00f3n de m\u00e1xima seguridad &#8216;La Roca&#8217;, ubicada en la ciudad de Guayaquil, medios extranjeros han seguido publicando<b>\u00a0extractos de conversaciones que el l\u00edder criminal tuvo a trav\u00e9s de negociadores con autoridades<\/b>, como la embajadora de Colombia en Ecuador, Mar\u00eda Antonia Velasco.<\/p>\n<p class=\"p_6\">Las conversaciones giran en torno a la<b>\u00a0negociaci\u00f3n de condiciones para una eventual entrega<\/b>. No obstante, a\u00fan no se ha hallado evidencia que d\u00e9 cuenta de que un pacto fue concretado.<\/p>\n<\/div>\n<div class=\"multimediaMacroWrapper img lateral\">\n<figure class=\"contentMedia art-img\">\n<div><img fetchpriority=\"high\" decoding=\"async\" class=\" lazyloaded\" title=\"Los ministros de Defensa, Gian Carlo Loffredo (I), y del Interior, John Reimberg, en el operativo que devino en la captura de 'Fito'.\" src=\"https:\/\/www.vistazo.com\/placeholder\/svg\/viewbox\/768x1271\" sizes=\"100vw\" srcset=\"\/\/www.vistazo.com\/binrepository\/768x1271\/0c0\/0d0\/none\/12727\/HJLK\/20250625174415-captura-de-fito_2284467_20250702153550.jpg 768w,\/\/www.vistazo.com\/binrepository\/640x1059\/0c0\/0d0\/none\/12727\/HJLN\/20250625174415-captura-de-fito_2284467_20250702153550.jpg 640w,\/\/www.vistazo.com\/binrepository\/512x847\/0c0\/0d0\/none\/12727\/SUBR\/20250625174415-captura-de-fito_2284467_20250702153550.jpg 512w,\/\/www.vistazo.com\/binrepository\/384x636\/0c0\/0d0\/none\/12727\/SUBQ\/20250625174415-captura-de-fito_2284467_20250702153550.jpg 384w,\/\/www.vistazo.com\/binrepository\/300x496\/0c0\/0d0\/none\/12727\/SUBM\/20250625174415-captura-de-fito_2284467_20250702153550.jpg 300w\" alt=\"$!Los ministros de Defensa, Gian Carlo Loffredo (I), y del Interior, John Reimberg, en el operativo que devino en la captura de 'Fito'.\" width=\"768\" height=\"1271\" data-srcset=\"\/\/www.vistazo.com\/binrepository\/768x1271\/0c0\/0d0\/none\/12727\/HJLK\/20250625174415-captura-de-fito_2284467_20250702153550.jpg 768w,\/\/www.vistazo.com\/binrepository\/640x1059\/0c0\/0d0\/none\/12727\/HJLN\/20250625174415-captura-de-fito_2284467_20250702153550.jpg 640w,\/\/www.vistazo.com\/binrepository\/512x847\/0c0\/0d0\/none\/12727\/SUBR\/20250625174415-captura-de-fito_2284467_20250702153550.jpg 512w,\/\/www.vistazo.com\/binrepository\/384x636\/0c0\/0d0\/none\/12727\/SUBQ\/20250625174415-captura-de-fito_2284467_20250702153550.jpg 384w,\/\/www.vistazo.com\/binrepository\/300x496\/0c0\/0d0\/none\/12727\/SUBM\/20250625174415-captura-de-fito_2284467_20250702153550.jpg 300w\" \/><\/div>\n<div class=\"cutline-byline\"><span class=\"cutline-text\">Los ministros de Defensa, Gian Carlo Loffredo (I), y del Interior, John Reimberg, en el operativo que devino en la captura de &#8216;Fito&#8217;.<\/span>\u00a0<span class=\"byline-image\">(CORTESIA\/API \/ API)<\/span><\/div>\n<\/figure>\n<\/div>\n<div class=\"paragraph texto\">\n<p class=\"p_7\">En un audio difundido por el medio mencionado \u2014el mismo que revel\u00f3 por primera vez la existencia de una carta que &#8216;Fito&#8217; habr\u00eda enviado a la Canciller\u00eda colombiana\u2014,\u00a0<b>el narcotraficante asegura que militares le recomendaron no entregarse a las autoridades.<\/b><\/p>\n<\/div>\n<div class=\"paragraph texto\">\n<p class=\"p_8\">\u201cEstaba hablando con una gente que son militares. Todo ellos me dicen a m\u00ed: hermano, no te entregues porque te quieren acorralar.\u00a0<b>Si te entregas te van a meter a un hueco.<\/b>\u00a0Van a hacer lo posible para que<b>\u00a0te manden a Estados Unidos<\/b>, eso es lo que se habla ac\u00e1 adentro de los cuarteles. Te quieren dar duro. Que quieren apretar a tu familia, hacerles la vida imposible, a no darle de comida, a darle palo hasta que ellos se hostiguen y hablen\u201d, dijo el cabecilla.<\/p>\n<p class=\"p_9\">Por ahora, ni el Ministerio del Interior ni el de Defensa han emitido un pronunciamiento sobre el\u00a0<b>nuevo archivo publicado por la prensa colombiana<\/b>.<\/p>\n<\/div>\n<h2 class=\"h2vistazo\">C\u00famulo de condenas sobre \u2018Fito\u2019<\/h2>\n<div class=\"paragraph texto\">\n<p class=\"p_10\">En 2011,\u00a0<b>\u2018Fito\u2019 fue condenado a 34 a\u00f1os de c\u00e1rcel por varios cr\u00edmenes<\/b>, entre estos narcotr\u00e1fico, asesinato y delincuencia organizada. En enero del 2024, el cabecilla\u00a0<b>se fug\u00f3\u00a0<\/b>de la C\u00e1rcel Regional de la ciudad de Guayaquil y permaneci\u00f3\u00a0<b>pr\u00f3fugo\u00a0<\/b>hasta que militares lo capturaron el pasado mi\u00e9rcoles en una vivienda de la ciudad de Montecristi, en la que se escond\u00eda dentro de un b\u00fanker.<\/p>\n<p class=\"p_12\">En abril del a\u00f1o pasado, mientras encabezaba las listas de b\u00fasqueda en Ecuador,<b>\u00a0el Gobierno de Estados Unidos lo acus\u00f3 formalmente de siete cargos<\/b>, entre ellos conspiraci\u00f3n para la distribuci\u00f3n internacional de coca\u00edna, uso de armas de fuego y contrabando de armas desde EE.UU.<\/p>\n<p class=\"p_13\">Luego de su recaptura,\u00a0<b>\u2018Fito\u2019 fue trasladado a la c\u00e1rcel de m\u00e1xima seguridad de Ecuador, \u2018La Roca\u2019<\/b>, ubicada en la ciudad de Guayaquil, a espera de que sea extraditado a Estados Unidos, seg\u00fan inform\u00f3 este lunes la portavoz del Gobierno ecuatoriano, Carolina Jaramillo. <strong>Fuente: Vistazo\u00a0<\/strong><\/p>\n<\/div>\n","protected":false},"excerpt":{"rendered":"<p>Adolfo Mac\u00edas Villamar, conocido con el alias de &#8216;Fito&#8216; y considerado como el l\u00edder del grupo criminal &#8216;Los Choneros&#8217;, habr\u00eda afirmado que miembros de las Fuerzas Armadas le aconsejaron no entregarse. As\u00ed lo revelar\u00eda un audio difundido por el medio colombiano Canal 1. El\u00a0narcotraficante ecuatoriano\u00a0fue capturado el pasado mi\u00e9rcoles al interior de una vivienda en la ciudad de Montecristi, en la provincia de Manab\u00ed, luego de\u00a0permanecer pr\u00f3fugo durante casi un a\u00f1o y medio\u00a0tras su escape de la C\u00e1rcel Regional de Guayaquil. De acuerdo al Ministerio del Interior,\u00a0&#8216;Fito&#8217; se rindi\u00f3 ante la Fuerza P\u00fablica\u00a0debido a la posibilidad de que maquinar\u00eda pesada que inspeccionaba un sembr\u00edo irregular provocara que el techo de un\u00a0b\u00fanker\u00a0en el que permanec\u00eda oculto colapsara sobre \u00e9l. Desde que fue recapturado, el encargado de la cartera, John Reimberg, ha asegurado que la detenci\u00f3n del cabecilla no fue producto de un pacto entre \u00e9l y el Gobierno. Luego de que la prensa colombiana revelara que el funcionario sostuvo una\u00a0videollamada\u00a0con Mac\u00edas semanas antes del arresto,\u00a0el ministro reafirm\u00f3 su versi\u00f3n. Mientras &#8216;Fito&#8217; permanece encarcelado en la prisi\u00f3n de m\u00e1xima seguridad &#8216;La Roca&#8217;, ubicada en la ciudad de Guayaquil, medios extranjeros han seguido publicando\u00a0extractos de conversaciones que el l\u00edder criminal tuvo a trav\u00e9s de negociadores con autoridades, como la embajadora de Colombia en Ecuador, Mar\u00eda Antonia Velasco. Las conversaciones giran en torno a la\u00a0negociaci\u00f3n de condiciones para una eventual entrega. No obstante, a\u00fan no se ha hallado evidencia que d\u00e9 cuenta de que un pacto fue concretado. Los ministros de Defensa, Gian Carlo Loffredo (I), y del Interior, John Reimberg, en el operativo que devino en la captura de &#8216;Fito&#8217;.\u00a0(CORTESIA\/API \/ API) En un audio difundido por el medio mencionado \u2014el mismo que revel\u00f3 por primera vez la existencia de una carta que &#8216;Fito&#8217; habr\u00eda enviado a la Canciller\u00eda colombiana\u2014,\u00a0el narcotraficante asegura que militares le recomendaron no entregarse a las autoridades. \u201cEstaba hablando con una gente que son militares. Todo ellos me dicen a m\u00ed: hermano, no te entregues porque te quieren acorralar.\u00a0Si te entregas te van a meter a un hueco.\u00a0Van a hacer lo posible para que\u00a0te manden a Estados Unidos, eso es lo que se habla ac\u00e1 adentro de los cuarteles. Te quieren dar duro. Que quieren apretar a tu familia, hacerles la vida imposible, a no darle de comida, a darle palo hasta que ellos se hostiguen y hablen\u201d, dijo el cabecilla. Por ahora, ni el Ministerio del Interior ni el de Defensa han emitido un pronunciamiento sobre el\u00a0nuevo archivo publicado por la prensa colombiana. C\u00famulo de condenas sobre \u2018Fito\u2019 En 2011,\u00a0\u2018Fito\u2019 fue condenado a 34 a\u00f1os de c\u00e1rcel por varios cr\u00edmenes, entre estos narcotr\u00e1fico, asesinato y delincuencia organizada. En enero del 2024, el cabecilla\u00a0se fug\u00f3\u00a0de la C\u00e1rcel Regional de la ciudad de Guayaquil y permaneci\u00f3\u00a0pr\u00f3fugo\u00a0hasta que militares lo capturaron el pasado mi\u00e9rcoles en una vivienda de la ciudad de Montecristi, en la que se escond\u00eda dentro de un b\u00fanker. En abril del a\u00f1o pasado, mientras encabezaba las listas de b\u00fasqueda en Ecuador,\u00a0el Gobierno de Estados Unidos lo acus\u00f3 formalmente de siete cargos, entre ellos conspiraci\u00f3n para la distribuci\u00f3n internacional de coca\u00edna, uso de armas de fuego y contrabando de armas desde EE.UU. Luego de su recaptura,\u00a0\u2018Fito\u2019 fue trasladado a la c\u00e1rcel de m\u00e1xima seguridad de Ecuador, \u2018La Roca\u2019, ubicada en la ciudad de Guayaquil, a espera de que sea extraditado a Estados Unidos, seg\u00fan inform\u00f3 este lunes la portavoz del Gobierno ecuatoriano, Carolina Jaramillo. Fuente: Vistazo\u00a0<\/p>\n","protected":false},"author":1,"featured_media":24613,"comment_status":"open","ping_status":"open","sticky":false,"template":"","format":"standard","meta":{"footnotes":""},"categories":[268],"tags":[],"class_list":["post-24612","post","type-post","status-publish","format-standard","has-post-thumbnail","hentry","category-nacionales"],"_links":{"self":[{"href":"https:\/\/www.elamazonico.com\/portal\/wp-json\/wp\/v2\/posts\/24612","targetHints":{"allow":["GET"]}}],"collection":[{"href":"https:\/\/www.elamazonico.com\/portal\/wp-json\/wp\/v2\/posts"}],"about":[{"href":"https:\/\/www.elamazonico.com\/portal\/wp-json\/wp\/v2\/types\/post"}],"author":[{"embeddable":true,"href":"https:\/\/www.elamazonico.com\/portal\/wp-json\/wp\/v2\/users\/1"}],"replies":[{"embeddable":true,"href":"https:\/\/www.elamazonico.com\/portal\/wp-json\/wp\/v2\/comments?post=24612"}],"version-history":[{"count":1,"href":"https:\/\/www.elamazonico.com\/portal\/wp-json\/wp\/v2\/posts\/24612\/revisions"}],"predecessor-version":[{"id":24614,"href":"https:\/\/www.elamazonico.com\/portal\/wp-json\/wp\/v2\/posts\/24612\/revisions\/24614"}],"wp:featuredmedia":[{"embeddable":true,"href":"https:\/\/www.elamazonico.com\/portal\/wp-json\/wp\/v2\/media\/24613"}],"wp:attachment":[{"href":"https:\/\/www.elamazonico.com\/portal\/wp-json\/wp\/v2\/media?parent=24612"}],"wp:term":[{"taxonomy":"category","embeddable":true,"href":"https:\/\/www.elamazonico.com\/portal\/wp-json\/wp\/v2\/categories?post=24612"},{"taxonomy":"post_tag","embeddable":true,"href":"https:\/\/www.elamazonico.com\/portal\/wp-json\/wp\/v2\/tags?post=24612"}],"curies":[{"name":"wp","href":"https:\/\/api.w.org\/{rel}","templated":true}]}}