{"id":24590,"date":"2025-06-27T15:36:22","date_gmt":"2025-06-27T20:36:22","guid":{"rendered":"https:\/\/www.elamazonico.com\/portal\/?p=24590"},"modified":"2025-06-27T15:36:22","modified_gmt":"2025-06-27T20:36:22","slug":"la-prefectura-de-zamora-chinchipe-fortalece-la-infraestructura-educativa-en-el-barrio-las-orquideas-parroquia-zurmi","status":"publish","type":"post","link":"https:\/\/www.elamazonico.com\/portal\/la-prefectura-de-zamora-chinchipe-fortalece-la-infraestructura-educativa-en-el-barrio-las-orquideas-parroquia-zurmi\/","title":{"rendered":"La Prefectura de Zamora Chinchipe fortalece la infraestructura educativa en el barrio Las Orqu\u00eddeas, parroquia Zurmi"},"content":{"rendered":"<p data-start=\"200\" data-end=\"621\">En el marco de su compromiso con el desarrollo social y territorial, la <strong data-start=\"272\" data-end=\"306\">Prefectura de Zamora Chinchipe<\/strong> entreg\u00f3 oficialmente un nuevo <strong data-start=\"337\" data-end=\"402\">bloque de aulas a la Unidad Educativa \u201cManuel Sarango Romero\u201d<\/strong>, ubicada en el barrio <strong data-start=\"425\" data-end=\"442\">Las Orqu\u00eddeas<\/strong>, parroquia <strong data-start=\"454\" data-end=\"463\">Zurmi<\/strong>, cant\u00f3n <strong data-start=\"472\" data-end=\"486\">Nangaritza<\/strong>. La obra beneficia directamente a m\u00e1s de <strong data-start=\"528\" data-end=\"547\">130 estudiantes<\/strong> de diferentes comunidades rurales de la zona suroriental de la provincia.<\/p>\n<p data-start=\"623\" data-end=\"921\">La infraestructura educativa, ejecutada con una inversi\u00f3n de <strong data-start=\"684\" data-end=\"698\">$79.285,23<\/strong>, fue posible gracias a la <strong data-start=\"725\" data-end=\"787\">cesi\u00f3n de competencia del Gobierno Municipal de Nangaritza<\/strong>, autorizada por el <strong data-start=\"807\" data-end=\"832\">Distrito de Educaci\u00f3n<\/strong>, lo que permiti\u00f3 una articulaci\u00f3n institucional eficiente en favor del sector educativo.<\/p>\n<p data-start=\"923\" data-end=\"1230\">Seg\u00fan el informe t\u00e9cnico de fiscalizaci\u00f3n de la Prefectura, el bloque entregado comprende una <strong data-start=\"1017\" data-end=\"1043\">intervenci\u00f3n de 224 m\u00b2<\/strong>, distribuido en espacios de <strong data-start=\"1072\" data-end=\"1088\">9 x 6 metros<\/strong>, cumpliendo con los est\u00e1ndares exigidos por el <strong data-start=\"1136\" data-end=\"1163\">Ministerio de Educaci\u00f3n<\/strong>, destinados para los niveles de <strong data-start=\"1196\" data-end=\"1229\">educaci\u00f3n inicial y elemental<\/strong>.<\/p>\n<p data-start=\"1232\" data-end=\"1776\">Durante el acto formal, que cont\u00f3 con la presencia de autoridades provinciales, parroquiales, barriales y miembros de la comunidad educativa, la prefecta <strong data-start=\"1386\" data-end=\"1404\">Karla Re\u00e1tegui<\/strong> expres\u00f3 su satisfacci\u00f3n por contribuir nuevamente al fortalecimiento de la educaci\u00f3n en este sector. \u201cUn seis de diciembre estuvimos colocando la primera piedra, hoy regresamos con la obra culminada. La educaci\u00f3n es un pilar fundamental para la sociedad y, aunque no sea competencia directa de la Prefectura, seguimos apostando por ella\u201d, destac\u00f3 la autoridad provincial.<\/p>\n<p data-start=\"1778\" data-end=\"2020\">Asimismo, felicit\u00f3 a los padres de familia por su gesti\u00f3n constante, que fue determinante para alcanzar este objetivo. \u201cEstamos para seguirles apoyando, dentro de nuestras posibilidades, porque la educaci\u00f3n transforma vidas\u201d, a\u00f1adi\u00f3 Re\u00e1tegui.<\/p>\n<p data-start=\"2022\" data-end=\"2500\">Por su parte, el rector del establecimiento, <strong data-start=\"2067\" data-end=\"2089\">Wellington Quezada<\/strong>, hizo un recorrido hist\u00f3rico del plantel, recordando que la instituci\u00f3n naci\u00f3 hace <strong data-start=\"2173\" data-end=\"2184\">33 a\u00f1os<\/strong>, gracias al esfuerzo colectivo de los habitantes del sector. \u201cEsta escuela inici\u00f3 con siete estudiantes; hoy es una unidad educativa consolidada con m\u00e1s de 130 alumnos y 12 docentes. Esta obra representa un paso adelante en la formaci\u00f3n de las futuras generaciones y en el desarrollo de nuestros pueblos\u201d, enfatiz\u00f3.<\/p>\n<p data-start=\"2502\" data-end=\"2686\">El plantel lleva el nombre de <strong data-start=\"2532\" data-end=\"2557\">Manuel Sarango Romero<\/strong>, soldado ca\u00eddo en el conflicto del Alto Cenepa, como homenaje a su memoria. La Unidad Educativa fue oficialmente creada en 2016.<\/p>\n","protected":false},"excerpt":{"rendered":"<p>En el marco de su compromiso con el desarrollo social y territorial, la Prefectura de Zamora Chinchipe entreg\u00f3 oficialmente un nuevo bloque de aulas a la Unidad Educativa \u201cManuel Sarango Romero\u201d, ubicada en el barrio Las Orqu\u00eddeas, parroquia Zurmi, cant\u00f3n Nangaritza. La obra beneficia directamente a m\u00e1s de 130 estudiantes de diferentes comunidades rurales de la zona suroriental de la provincia. La infraestructura educativa, ejecutada con una inversi\u00f3n de $79.285,23, fue posible gracias a la cesi\u00f3n de competencia del Gobierno Municipal de Nangaritza, autorizada por el Distrito de Educaci\u00f3n, lo que permiti\u00f3 una articulaci\u00f3n institucional eficiente en favor del sector educativo. Seg\u00fan el informe t\u00e9cnico de fiscalizaci\u00f3n de la Prefectura, el bloque entregado comprende una intervenci\u00f3n de 224 m\u00b2, distribuido en espacios de 9 x 6 metros, cumpliendo con los est\u00e1ndares exigidos por el Ministerio de Educaci\u00f3n, destinados para los niveles de educaci\u00f3n inicial y elemental. Durante el acto formal, que cont\u00f3 con la presencia de autoridades provinciales, parroquiales, barriales y miembros de la comunidad educativa, la prefecta Karla Re\u00e1tegui expres\u00f3 su satisfacci\u00f3n por contribuir nuevamente al fortalecimiento de la educaci\u00f3n en este sector. \u201cUn seis de diciembre estuvimos colocando la primera piedra, hoy regresamos con la obra culminada. La educaci\u00f3n es un pilar fundamental para la sociedad y, aunque no sea competencia directa de la Prefectura, seguimos apostando por ella\u201d, destac\u00f3 la autoridad provincial. Asimismo, felicit\u00f3 a los padres de familia por su gesti\u00f3n constante, que fue determinante para alcanzar este objetivo. \u201cEstamos para seguirles apoyando, dentro de nuestras posibilidades, porque la educaci\u00f3n transforma vidas\u201d, a\u00f1adi\u00f3 Re\u00e1tegui. Por su parte, el rector del establecimiento, Wellington Quezada, hizo un recorrido hist\u00f3rico del plantel, recordando que la instituci\u00f3n naci\u00f3 hace 33 a\u00f1os, gracias al esfuerzo colectivo de los habitantes del sector. \u201cEsta escuela inici\u00f3 con siete estudiantes; hoy es una unidad educativa consolidada con m\u00e1s de 130 alumnos y 12 docentes. Esta obra representa un paso adelante en la formaci\u00f3n de las futuras generaciones y en el desarrollo de nuestros pueblos\u201d, enfatiz\u00f3. El plantel lleva el nombre de Manuel Sarango Romero, soldado ca\u00eddo en el conflicto del Alto Cenepa, como homenaje a su memoria. La Unidad Educativa fue oficialmente creada en 2016.<\/p>\n","protected":false},"author":1,"featured_media":24591,"comment_status":"open","ping_status":"open","sticky":false,"template":"","format":"standard","meta":{"footnotes":""},"categories":[243],"tags":[],"class_list":["post-24590","post","type-post","status-publish","format-standard","has-post-thumbnail","hentry","category-noticias-zamora"],"_links":{"self":[{"href":"https:\/\/www.elamazonico.com\/portal\/wp-json\/wp\/v2\/posts\/24590","targetHints":{"allow":["GET"]}}],"collection":[{"href":"https:\/\/www.elamazonico.com\/portal\/wp-json\/wp\/v2\/posts"}],"about":[{"href":"https:\/\/www.elamazonico.com\/portal\/wp-json\/wp\/v2\/types\/post"}],"author":[{"embeddable":true,"href":"https:\/\/www.elamazonico.com\/portal\/wp-json\/wp\/v2\/users\/1"}],"replies":[{"embeddable":true,"href":"https:\/\/www.elamazonico.com\/portal\/wp-json\/wp\/v2\/comments?post=24590"}],"version-history":[{"count":1,"href":"https:\/\/www.elamazonico.com\/portal\/wp-json\/wp\/v2\/posts\/24590\/revisions"}],"predecessor-version":[{"id":24592,"href":"https:\/\/www.elamazonico.com\/portal\/wp-json\/wp\/v2\/posts\/24590\/revisions\/24592"}],"wp:featuredmedia":[{"embeddable":true,"href":"https:\/\/www.elamazonico.com\/portal\/wp-json\/wp\/v2\/media\/24591"}],"wp:attachment":[{"href":"https:\/\/www.elamazonico.com\/portal\/wp-json\/wp\/v2\/media?parent=24590"}],"wp:term":[{"taxonomy":"category","embeddable":true,"href":"https:\/\/www.elamazonico.com\/portal\/wp-json\/wp\/v2\/categories?post=24590"},{"taxonomy":"post_tag","embeddable":true,"href":"https:\/\/www.elamazonico.com\/portal\/wp-json\/wp\/v2\/tags?post=24590"}],"curies":[{"name":"wp","href":"https:\/\/api.w.org\/{rel}","templated":true}]}}