{"id":24578,"date":"2025-06-27T06:15:49","date_gmt":"2025-06-27T11:15:49","guid":{"rendered":"https:\/\/www.elamazonico.com\/portal\/?p=24578"},"modified":"2025-06-27T06:15:49","modified_gmt":"2025-06-27T11:15:49","slug":"la-alcaldesa-de-manta-se-pronuncia-sobre-funcionarios-municipales-que-serian-parte-del-circulo-cercano-de-alias-fito","status":"publish","type":"post","link":"https:\/\/www.elamazonico.com\/portal\/la-alcaldesa-de-manta-se-pronuncia-sobre-funcionarios-municipales-que-serian-parte-del-circulo-cercano-de-alias-fito\/","title":{"rendered":"La alcaldesa de Manta se pronuncia sobre funcionarios municipales que ser\u00edan parte del c\u00edrculo cercano de alias &#8216;Fito&#8217;"},"content":{"rendered":"<div class=\"paragraph texto\">\n<p class=\"p_0\"><b>La alcaldesa de la ciudad de Manta, Marciana Valdivieso, se pronunci\u00f3 con respecto a los funcionarios vinculados a la Empresa Municipal de Movilidad que presuntamente mantendr\u00edan nexos con el narcotraficante Adolfo Mac\u00edas Villamar,\u00a0<a href=\"https:\/\/www.vistazo.com\/cronologia\/-\/meta\/alias-fito\">alias \u201cFito\u201d<\/a>, principal cabecilla de Los Choneros.<\/b><\/p>\n<p class=\"p_2\">El l\u00edder criminal, que llevaba m\u00e1s de un a\u00f1o y medio\u00a0<b>pr\u00f3fugo<\/b>, fue\u00a0<b>capturado\u00a0<\/b>por el Ej\u00e9rcito ecuatoriano este mi\u00e9rcoles, tras el hallazgo por parte de las autoridades de\u00a0<b>un b\u00fanker en el que permanec\u00eda escondido<\/b>, construido bajo la superficie de una vivienda ubicada en la localidad de\u00a0<b>Montecristi<\/b>, en la provincia de Manab\u00ed. Cuatro sujetos armados, que ser\u00edan sus escoltas, tambi\u00e9n fueron arrestados.<\/p>\n<\/div>\n<div class=\"multimediaMacroWrapper img lateral\">\n<figure class=\"contentMedia art-img\">\n<div><img fetchpriority=\"high\" decoding=\"async\" class=\" lazyloaded\" title=\"Alias 'Fito' fue trasladado desde Manta a Guayaquil para ser encarcelado en la prisi\u00f3n de m\u00e1xima seguridad \u201cLa Roca\u201d.\" src=\"https:\/\/www.vistazo.com\/placeholder\/svg\/viewbox\/768x432\" sizes=\"100vw\" srcset=\"\/\/www.vistazo.com\/binrepository\/768x432\/0c0\/0d0\/none\/12727\/CGXN\/20250625174495-gye-recaptura-alias-fi_2275346_20250626231740.jpg 768w,\/\/www.vistazo.com\/binrepository\/640x360\/0c0\/0d0\/none\/12727\/CGXG\/20250625174495-gye-recaptura-alias-fi_2275346_20250626231740.jpg 640w,\/\/www.vistazo.com\/binrepository\/512x288\/0c0\/0d0\/none\/12727\/CGXF\/20250625174495-gye-recaptura-alias-fi_2275346_20250626231740.jpg 512w,\/\/www.vistazo.com\/binrepository\/384x216\/0c0\/0d0\/none\/12727\/CGXL\/20250625174495-gye-recaptura-alias-fi_2275346_20250626231740.jpg 384w,\/\/www.vistazo.com\/binrepository\/300x169\/0c0\/0d0\/none\/12727\/CGXM\/20250625174495-gye-recaptura-alias-fi_2275346_20250626231740.jpg 300w\" alt=\"$!Alias 'Fito' fue trasladado desde Manta a Guayaquil para ser encarcelado en la prisi\u00f3n de m\u00e1xima seguridad \u201cLa Roca\u201d.\" width=\"768\" height=\"432\" data-srcset=\"\/\/www.vistazo.com\/binrepository\/768x432\/0c0\/0d0\/none\/12727\/CGXN\/20250625174495-gye-recaptura-alias-fi_2275346_20250626231740.jpg 768w,\/\/www.vistazo.com\/binrepository\/640x360\/0c0\/0d0\/none\/12727\/CGXG\/20250625174495-gye-recaptura-alias-fi_2275346_20250626231740.jpg 640w,\/\/www.vistazo.com\/binrepository\/512x288\/0c0\/0d0\/none\/12727\/CGXF\/20250625174495-gye-recaptura-alias-fi_2275346_20250626231740.jpg 512w,\/\/www.vistazo.com\/binrepository\/384x216\/0c0\/0d0\/none\/12727\/CGXL\/20250625174495-gye-recaptura-alias-fi_2275346_20250626231740.jpg 384w,\/\/www.vistazo.com\/binrepository\/300x169\/0c0\/0d0\/none\/12727\/CGXM\/20250625174495-gye-recaptura-alias-fi_2275346_20250626231740.jpg 300w\" \/><\/div>\n<div class=\"cutline-byline\"><span class=\"cutline-text\">Alias &#8216;Fito&#8217; fue trasladado desde Manta a Guayaquil para ser encarcelado en la prisi\u00f3n de m\u00e1xima seguridad \u201cLa Roca\u201d.<\/span>\u00a0<span class=\"byline-image\">(Cortesia Presidencia \/ HO \/ API)<\/span><\/div>\n<\/figure>\n<\/div>\n<div class=\"paragraph texto\">\n<p class=\"p_3\">\u201cPed\u00ed un informe a la gerencia de la empresa y me confirma que efectivamente<b>\u00a0uno de los detenidos es parte de la n\u00f3mina hace trece a\u00f1os<\/b>. En ese sentido, quiero ser enf\u00e1tica. Cualquier servidor p\u00fablico que colabore directa o indirectamente con estructuras delictivas deber\u00e1 responder ante la justicia\u201d, asegur\u00f3 en un video publicado en redes sociales, durante la noche de este jueves.<\/p>\n<div>\n<div class=\"trv-player-container\">\n<div class=\"trv-wrapper\">\n<div id=\"br_video_player_365cf0e1994717b94571b14019c3ad5a7a4d6079\" class=\"trvd_video_player trvdfloater trv-right\">\n<div class=\"media-player\">\n<div class=\"trv-video\">\n<div id=\"truvid_ima_container34897\" class=\"truvid_ima_container\">\n<div>Esa persona fue identificada como <b>Cristhian Mendoza V.<\/b>, quien estaba contratado desde el 2012 en la Agencia Municipal de Tr\u00e1nsito de Manta<b>\u00a0aunque<\/b>\u00a0<b>nunca se presentaba a trabajar<\/b>, seg\u00fan indic\u00f3 el ministro del Interior, John Reimberg, acotando que<b>\u00a0a nombre ese sujeto estaba la vivienda donde se construy\u00f3 el b\u00fanker.<\/b><\/div>\n<\/div>\n<\/div>\n<\/div>\n<\/div>\n<\/div>\n<\/div>\n<\/div>\n<\/div>\n<div class=\"paragraph texto\">\n<p class=\"p_5\">Mendoza, al igual que el hermano de Fito,\u00a0<b>Yandry Mac\u00edas Villamar<\/b>, actualmente detenido por el\u00a0<b>presunto delito de lavado de activos<\/b>, son parte del\u00a0<b>c\u00edrculo cercano del cabecilla\u00a0<\/b>que labor\u00f3 en dicha instituci\u00f3n, que durante el a\u00f1o pasado fue blanco de atentados.<\/p>\n<\/div>\n<div class=\"paragraph texto\">\n<p class=\"p_7\">\u201cNo permitiremos que instituciones como movilidad o cualquier otra empresa p\u00fablica municipal sea utilizada para\u00a0<b>fines ilegales<\/b>. Desde la Alcald\u00eda de Manta damos todo el\u00a0<b>respaldo necesario para que se investigue a fondo con transparencia y sin impunidad.<\/b> Siempre estaremos del lado de la Ley, del estado y de nuestro pueblo. <strong>Fuente: Vistazo<\/strong><\/p>\n<\/div>\n","protected":false},"excerpt":{"rendered":"<p>La alcaldesa de la ciudad de Manta, Marciana Valdivieso, se pronunci\u00f3 con respecto a los funcionarios vinculados a la Empresa Municipal de Movilidad que presuntamente mantendr\u00edan nexos con el narcotraficante Adolfo Mac\u00edas Villamar,\u00a0alias \u201cFito\u201d, principal cabecilla de Los Choneros. El l\u00edder criminal, que llevaba m\u00e1s de un a\u00f1o y medio\u00a0pr\u00f3fugo, fue\u00a0capturado\u00a0por el Ej\u00e9rcito ecuatoriano este mi\u00e9rcoles, tras el hallazgo por parte de las autoridades de\u00a0un b\u00fanker en el que permanec\u00eda escondido, construido bajo la superficie de una vivienda ubicada en la localidad de\u00a0Montecristi, en la provincia de Manab\u00ed. Cuatro sujetos armados, que ser\u00edan sus escoltas, tambi\u00e9n fueron arrestados. Alias &#8216;Fito&#8217; fue trasladado desde Manta a Guayaquil para ser encarcelado en la prisi\u00f3n de m\u00e1xima seguridad \u201cLa Roca\u201d.\u00a0(Cortesia Presidencia \/ HO \/ API) \u201cPed\u00ed un informe a la gerencia de la empresa y me confirma que efectivamente\u00a0uno de los detenidos es parte de la n\u00f3mina hace trece a\u00f1os. En ese sentido, quiero ser enf\u00e1tica. Cualquier servidor p\u00fablico que colabore directa o indirectamente con estructuras delictivas deber\u00e1 responder ante la justicia\u201d, asegur\u00f3 en un video publicado en redes sociales, durante la noche de este jueves. Esa persona fue identificada como Cristhian Mendoza V., quien estaba contratado desde el 2012 en la Agencia Municipal de Tr\u00e1nsito de Manta\u00a0aunque\u00a0nunca se presentaba a trabajar, seg\u00fan indic\u00f3 el ministro del Interior, John Reimberg, acotando que\u00a0a nombre ese sujeto estaba la vivienda donde se construy\u00f3 el b\u00fanker. Mendoza, al igual que el hermano de Fito,\u00a0Yandry Mac\u00edas Villamar, actualmente detenido por el\u00a0presunto delito de lavado de activos, son parte del\u00a0c\u00edrculo cercano del cabecilla\u00a0que labor\u00f3 en dicha instituci\u00f3n, que durante el a\u00f1o pasado fue blanco de atentados. \u201cNo permitiremos que instituciones como movilidad o cualquier otra empresa p\u00fablica municipal sea utilizada para\u00a0fines ilegales. Desde la Alcald\u00eda de Manta damos todo el\u00a0respaldo necesario para que se investigue a fondo con transparencia y sin impunidad. Siempre estaremos del lado de la Ley, del estado y de nuestro pueblo. Fuente: Vistazo<\/p>\n","protected":false},"author":1,"featured_media":24579,"comment_status":"open","ping_status":"open","sticky":false,"template":"","format":"standard","meta":{"footnotes":""},"categories":[268],"tags":[],"class_list":["post-24578","post","type-post","status-publish","format-standard","has-post-thumbnail","hentry","category-nacionales"],"_links":{"self":[{"href":"https:\/\/www.elamazonico.com\/portal\/wp-json\/wp\/v2\/posts\/24578","targetHints":{"allow":["GET"]}}],"collection":[{"href":"https:\/\/www.elamazonico.com\/portal\/wp-json\/wp\/v2\/posts"}],"about":[{"href":"https:\/\/www.elamazonico.com\/portal\/wp-json\/wp\/v2\/types\/post"}],"author":[{"embeddable":true,"href":"https:\/\/www.elamazonico.com\/portal\/wp-json\/wp\/v2\/users\/1"}],"replies":[{"embeddable":true,"href":"https:\/\/www.elamazonico.com\/portal\/wp-json\/wp\/v2\/comments?post=24578"}],"version-history":[{"count":1,"href":"https:\/\/www.elamazonico.com\/portal\/wp-json\/wp\/v2\/posts\/24578\/revisions"}],"predecessor-version":[{"id":24580,"href":"https:\/\/www.elamazonico.com\/portal\/wp-json\/wp\/v2\/posts\/24578\/revisions\/24580"}],"wp:featuredmedia":[{"embeddable":true,"href":"https:\/\/www.elamazonico.com\/portal\/wp-json\/wp\/v2\/media\/24579"}],"wp:attachment":[{"href":"https:\/\/www.elamazonico.com\/portal\/wp-json\/wp\/v2\/media?parent=24578"}],"wp:term":[{"taxonomy":"category","embeddable":true,"href":"https:\/\/www.elamazonico.com\/portal\/wp-json\/wp\/v2\/categories?post=24578"},{"taxonomy":"post_tag","embeddable":true,"href":"https:\/\/www.elamazonico.com\/portal\/wp-json\/wp\/v2\/tags?post=24578"}],"curies":[{"name":"wp","href":"https:\/\/api.w.org\/{rel}","templated":true}]}}