{"id":24567,"date":"2025-06-26T17:43:38","date_gmt":"2025-06-26T22:43:38","guid":{"rendered":"https:\/\/www.elamazonico.com\/portal\/?p=24567"},"modified":"2025-06-26T17:43:38","modified_gmt":"2025-06-26T22:43:38","slug":"olsen-reune-al-correismo-psc-y-la-faccion-aliada-de-pachakutik-para-elaborar-agenda-legislativa","status":"publish","type":"post","link":"https:\/\/www.elamazonico.com\/portal\/olsen-reune-al-correismo-psc-y-la-faccion-aliada-de-pachakutik-para-elaborar-agenda-legislativa\/","title":{"rendered":"Olsen re\u00fane al corre\u00edsmo, PSC y la facci\u00f3n aliada de Pachakutik para elaborar agenda legislativa"},"content":{"rendered":"<p>Con el tiempo en contra, el\u00a0presidente de la Asamblea, Niels Olsen, prev\u00e9 presentar la agenda legislativa 2025-2026 hasta el pr\u00f3ximo 8 de julio de 2025, es decir, poco antes del plazo de 60 d\u00edas que le otorga la Ley de la Funci\u00f3n Legislativa.<\/p>\n<p>Este 26 de junio, Olsen se reuni\u00f3 con la coordinadora de la bancada de Revoluci\u00f3n Ciudadana (RC), Viviana Veloz, pero tambi\u00e9n con Cecilia Baltazar y Alfredo Serrano, en representaci\u00f3n de Pachakutik y el Partido Social Cristiano (PSC), respectivamente.<\/p>\n<p>Tambi\u00e9n, estuvo presente Valentina Centeno por el bloque gobiernista Acci\u00f3n Democr\u00e1tica Nacional (ADN),\u00a0y no hubo representante de los pocos independientes que tiene el actual periodo legislativo.<\/p>\n<p>El di\u00e1logo dur\u00f3 menos de una hora. La disposici\u00f3n del presidente de la Asamblea fue que enviar\u00e1n por escrito las propuestas para poder tratarlas este jueves, pero se conoci\u00f3 que solo el PSC remiti\u00f3 un documento.<\/p>\n<p>Por eso, se ampli\u00f3 el plazo hasta el 27 de junio, para plantear las ideas de cada agrupaci\u00f3n pol\u00edtica. Baltazar inform\u00f3 que los seis asamble\u00edstas de la facci\u00f3n de Pachakutik, que vota con ADN en el Pleno, se reunir\u00e1n este mismo jueves para hacer una propuesta.<\/p>\n<p>El legislador Baltazar adelant\u00f3 que los temas centrales son educaci\u00f3n, salud, seguridad, producci\u00f3n y empleo. Tambi\u00e9n propondr\u00e1n leyes para promover los derechos individuales y colectivos, adem\u00e1s una normativa para la consulta previa e informada.<\/p>\n<p>Mientras que Alfredo Serrano dijo que el PSC insistir\u00e1 en el tratamiento de leyes propuestas por el partido desde el anterior periodo, especialmente aquellas relacionadas con reformas penales y un proyecto de ley de tipo agrario.<\/p>\n<p>Olsen a\u00f1adi\u00f3 que es importante la construcci\u00f3n conjunta de la agenda, no solo con las dos bancadas oficialmente registradas que son ADN y RC, sino con todos los actores y por eso se incluy\u00f3 a Pachakutik y PSC, pese a no ser bloques mayoritarios. <strong>Fuente: Primicias<\/strong><\/p>\n","protected":false},"excerpt":{"rendered":"<p>Con el tiempo en contra, el\u00a0presidente de la Asamblea, Niels Olsen, prev\u00e9 presentar la agenda legislativa 2025-2026 hasta el pr\u00f3ximo 8 de julio de 2025, es decir, poco antes del plazo de 60 d\u00edas que le otorga la Ley de la Funci\u00f3n Legislativa. Este 26 de junio, Olsen se reuni\u00f3 con la coordinadora de la bancada de Revoluci\u00f3n Ciudadana (RC), Viviana Veloz, pero tambi\u00e9n con Cecilia Baltazar y Alfredo Serrano, en representaci\u00f3n de Pachakutik y el Partido Social Cristiano (PSC), respectivamente. Tambi\u00e9n, estuvo presente Valentina Centeno por el bloque gobiernista Acci\u00f3n Democr\u00e1tica Nacional (ADN),\u00a0y no hubo representante de los pocos independientes que tiene el actual periodo legislativo. El di\u00e1logo dur\u00f3 menos de una hora. La disposici\u00f3n del presidente de la Asamblea fue que enviar\u00e1n por escrito las propuestas para poder tratarlas este jueves, pero se conoci\u00f3 que solo el PSC remiti\u00f3 un documento. Por eso, se ampli\u00f3 el plazo hasta el 27 de junio, para plantear las ideas de cada agrupaci\u00f3n pol\u00edtica. Baltazar inform\u00f3 que los seis asamble\u00edstas de la facci\u00f3n de Pachakutik, que vota con ADN en el Pleno, se reunir\u00e1n este mismo jueves para hacer una propuesta. El legislador Baltazar adelant\u00f3 que los temas centrales son educaci\u00f3n, salud, seguridad, producci\u00f3n y empleo. Tambi\u00e9n propondr\u00e1n leyes para promover los derechos individuales y colectivos, adem\u00e1s una normativa para la consulta previa e informada. Mientras que Alfredo Serrano dijo que el PSC insistir\u00e1 en el tratamiento de leyes propuestas por el partido desde el anterior periodo, especialmente aquellas relacionadas con reformas penales y un proyecto de ley de tipo agrario. Olsen a\u00f1adi\u00f3 que es importante la construcci\u00f3n conjunta de la agenda, no solo con las dos bancadas oficialmente registradas que son ADN y RC, sino con todos los actores y por eso se incluy\u00f3 a Pachakutik y PSC, pese a no ser bloques mayoritarios. Fuente: Primicias<\/p>\n","protected":false},"author":1,"featured_media":24568,"comment_status":"open","ping_status":"open","sticky":false,"template":"","format":"standard","meta":{"footnotes":""},"categories":[268],"tags":[],"class_list":["post-24567","post","type-post","status-publish","format-standard","has-post-thumbnail","hentry","category-nacionales"],"_links":{"self":[{"href":"https:\/\/www.elamazonico.com\/portal\/wp-json\/wp\/v2\/posts\/24567","targetHints":{"allow":["GET"]}}],"collection":[{"href":"https:\/\/www.elamazonico.com\/portal\/wp-json\/wp\/v2\/posts"}],"about":[{"href":"https:\/\/www.elamazonico.com\/portal\/wp-json\/wp\/v2\/types\/post"}],"author":[{"embeddable":true,"href":"https:\/\/www.elamazonico.com\/portal\/wp-json\/wp\/v2\/users\/1"}],"replies":[{"embeddable":true,"href":"https:\/\/www.elamazonico.com\/portal\/wp-json\/wp\/v2\/comments?post=24567"}],"version-history":[{"count":1,"href":"https:\/\/www.elamazonico.com\/portal\/wp-json\/wp\/v2\/posts\/24567\/revisions"}],"predecessor-version":[{"id":24569,"href":"https:\/\/www.elamazonico.com\/portal\/wp-json\/wp\/v2\/posts\/24567\/revisions\/24569"}],"wp:featuredmedia":[{"embeddable":true,"href":"https:\/\/www.elamazonico.com\/portal\/wp-json\/wp\/v2\/media\/24568"}],"wp:attachment":[{"href":"https:\/\/www.elamazonico.com\/portal\/wp-json\/wp\/v2\/media?parent=24567"}],"wp:term":[{"taxonomy":"category","embeddable":true,"href":"https:\/\/www.elamazonico.com\/portal\/wp-json\/wp\/v2\/categories?post=24567"},{"taxonomy":"post_tag","embeddable":true,"href":"https:\/\/www.elamazonico.com\/portal\/wp-json\/wp\/v2\/tags?post=24567"}],"curies":[{"name":"wp","href":"https:\/\/api.w.org\/{rel}","templated":true}]}}