{"id":24558,"date":"2025-06-26T16:13:49","date_gmt":"2025-06-26T21:13:49","guid":{"rendered":"https:\/\/www.elamazonico.com\/portal\/?p=24558"},"modified":"2025-06-26T16:13:49","modified_gmt":"2025-06-26T21:13:49","slug":"sujeto-es-aprehendido-por-presunto-delito-de-robo-a-mano-armada-en-el-pangui","status":"publish","type":"post","link":"https:\/\/www.elamazonico.com\/portal\/sujeto-es-aprehendido-por-presunto-delito-de-robo-a-mano-armada-en-el-pangui\/","title":{"rendered":"Sujeto es aprehendido por presunto delito de robo a mano armada en El Pangui"},"content":{"rendered":"<p data-start=\"147\" data-end=\"427\">La Polic\u00eda Nacional del Ecuador informa a la ciudadan\u00eda sobre la aprehensi\u00f3n de un individuo por su presunta participaci\u00f3n en un delito de <strong data-start=\"343\" data-end=\"365\">robo a mano armada<\/strong>, ocurrido la madrugada de este jueves en el cant\u00f3n El Pangui.<\/p>\n<p data-start=\"429\" data-end=\"882\">El hecho fue reportado aproximadamente a las <strong data-start=\"474\" data-end=\"483\">02h40<\/strong>, cuando un ciudadano acudi\u00f3 a la Unidad de Polic\u00eda Comunitaria (UPC) para denunciar que hab\u00eda sido v\u00edctima de un asalto perpetrado por un individuo que lo intimid\u00f3 con un arma de fuego. De manera inmediata, se activaron los protocolos de b\u00fasqueda y localizaci\u00f3n, logrando la detenci\u00f3n de un sujeto cuyas caracter\u00edsticas f\u00edsicas coincid\u00edan plenamente con la descripci\u00f3n proporcionada por la v\u00edctima.<\/p>\n<p data-start=\"884\" data-end=\"982\">El aprehendido fue identificado como:<br data-start=\"921\" data-end=\"924\" \/> <strong data-start=\"927\" data-end=\"941\">Gabriel S.<\/strong>, de aproximadamente <strong data-start=\"962\" data-end=\"981\">28 a\u00f1os de edad<\/strong>.<\/p>\n<p data-start=\"984\" data-end=\"1257\">Durante el procedimiento de verificaci\u00f3n, se encontraron en su poder los siguientes <strong data-start=\"1068\" data-end=\"1092\">indicios vinculantes<\/strong> al hecho denunciado:<br data-start=\"1113\" data-end=\"1116\" \/>\u2714\ufe0f 01 arma de fuego tipo pistola, marca <strong data-start=\"1156\" data-end=\"1167\">Beretta<\/strong>.<br data-start=\"1168\" data-end=\"1171\" \/>\u2714\ufe0f 01 tel\u00e9fono celular, marca <strong data-start=\"1201\" data-end=\"1213\">Motorola<\/strong>.<br data-start=\"1214\" data-end=\"1217\" \/>\u2714\ufe0f 01 tel\u00e9fono celular, marca <strong data-start=\"1247\" data-end=\"1256\">Redmi<\/strong>.<\/p>\n<p data-start=\"1259\" data-end=\"1498\">El ciudadano fue <strong data-start=\"1276\" data-end=\"1313\">trasladado al \u00e1rea de aislamiento<\/strong> correspondiente, en cumplimiento del debido proceso, y se encuentra a la espera de la <strong data-start=\"1400\" data-end=\"1443\">audiencia de calificaci\u00f3n de flagrancia<\/strong>, conforme lo establece la normativa penal ecuatoriana.<\/p>\n<p data-start=\"1500\" data-end=\"1674\">La Polic\u00eda Nacional reafirma su compromiso con la seguridad ciudadana y exhorta a la comunidad a seguir colaborando activamente con la denuncia oportuna de hechos delictivos.<\/p>\n","protected":false},"excerpt":{"rendered":"<p>La Polic\u00eda Nacional del Ecuador informa a la ciudadan\u00eda sobre la aprehensi\u00f3n de un individuo por su presunta participaci\u00f3n en un delito de robo a mano armada, ocurrido la madrugada de este jueves en el cant\u00f3n El Pangui. El hecho fue reportado aproximadamente a las 02h40, cuando un ciudadano acudi\u00f3 a la Unidad de Polic\u00eda Comunitaria (UPC) para denunciar que hab\u00eda sido v\u00edctima de un asalto perpetrado por un individuo que lo intimid\u00f3 con un arma de fuego. De manera inmediata, se activaron los protocolos de b\u00fasqueda y localizaci\u00f3n, logrando la detenci\u00f3n de un sujeto cuyas caracter\u00edsticas f\u00edsicas coincid\u00edan plenamente con la descripci\u00f3n proporcionada por la v\u00edctima. El aprehendido fue identificado como: Gabriel S., de aproximadamente 28 a\u00f1os de edad. Durante el procedimiento de verificaci\u00f3n, se encontraron en su poder los siguientes indicios vinculantes al hecho denunciado:\u2714\ufe0f 01 arma de fuego tipo pistola, marca Beretta.\u2714\ufe0f 01 tel\u00e9fono celular, marca Motorola.\u2714\ufe0f 01 tel\u00e9fono celular, marca Redmi. El ciudadano fue trasladado al \u00e1rea de aislamiento correspondiente, en cumplimiento del debido proceso, y se encuentra a la espera de la audiencia de calificaci\u00f3n de flagrancia, conforme lo establece la normativa penal ecuatoriana. La Polic\u00eda Nacional reafirma su compromiso con la seguridad ciudadana y exhorta a la comunidad a seguir colaborando activamente con la denuncia oportuna de hechos delictivos.<\/p>\n","protected":false},"author":1,"featured_media":24559,"comment_status":"open","ping_status":"open","sticky":false,"template":"","format":"standard","meta":{"footnotes":""},"categories":[243],"tags":[],"class_list":["post-24558","post","type-post","status-publish","format-standard","has-post-thumbnail","hentry","category-noticias-zamora"],"_links":{"self":[{"href":"https:\/\/www.elamazonico.com\/portal\/wp-json\/wp\/v2\/posts\/24558","targetHints":{"allow":["GET"]}}],"collection":[{"href":"https:\/\/www.elamazonico.com\/portal\/wp-json\/wp\/v2\/posts"}],"about":[{"href":"https:\/\/www.elamazonico.com\/portal\/wp-json\/wp\/v2\/types\/post"}],"author":[{"embeddable":true,"href":"https:\/\/www.elamazonico.com\/portal\/wp-json\/wp\/v2\/users\/1"}],"replies":[{"embeddable":true,"href":"https:\/\/www.elamazonico.com\/portal\/wp-json\/wp\/v2\/comments?post=24558"}],"version-history":[{"count":1,"href":"https:\/\/www.elamazonico.com\/portal\/wp-json\/wp\/v2\/posts\/24558\/revisions"}],"predecessor-version":[{"id":24560,"href":"https:\/\/www.elamazonico.com\/portal\/wp-json\/wp\/v2\/posts\/24558\/revisions\/24560"}],"wp:featuredmedia":[{"embeddable":true,"href":"https:\/\/www.elamazonico.com\/portal\/wp-json\/wp\/v2\/media\/24559"}],"wp:attachment":[{"href":"https:\/\/www.elamazonico.com\/portal\/wp-json\/wp\/v2\/media?parent=24558"}],"wp:term":[{"taxonomy":"category","embeddable":true,"href":"https:\/\/www.elamazonico.com\/portal\/wp-json\/wp\/v2\/categories?post=24558"},{"taxonomy":"post_tag","embeddable":true,"href":"https:\/\/www.elamazonico.com\/portal\/wp-json\/wp\/v2\/tags?post=24558"}],"curies":[{"name":"wp","href":"https:\/\/api.w.org\/{rel}","templated":true}]}}