{"id":24555,"date":"2025-06-26T16:03:16","date_gmt":"2025-06-26T21:03:16","guid":{"rendered":"https:\/\/www.elamazonico.com\/portal\/?p=24555"},"modified":"2025-06-26T16:03:16","modified_gmt":"2025-06-26T21:03:16","slug":"bid-aprueba-prestamo-de-usd-400-millones-a-ecuador-para-la-lucha-contra-el-crimen-organizado","status":"publish","type":"post","link":"https:\/\/www.elamazonico.com\/portal\/bid-aprueba-prestamo-de-usd-400-millones-a-ecuador-para-la-lucha-contra-el-crimen-organizado\/","title":{"rendered":"BID aprueba pr\u00e9stamo de USD 400 millones a Ecuador para la lucha contra el crimen organizado"},"content":{"rendered":"<p>El Banco Interamericano de Desarrollo (BID) aprob\u00f3 un pr\u00e9stamo por USD 400 millones a Ecuador, para fortalecer la prevenci\u00f3n y respuesta del Estado al crimen organizado y los flujos financieros il\u00edcitos.<\/p>\n<p>El cr\u00e9dito fue aprobado bajo la modalidad de Pr\u00e9stamo Program\u00e1tico en Apoyo de Reformas de Pol\u00edtica (PBP, por sus siglas en ingl\u00e9s), en un contexto de creciente inseguridad en el pa\u00eds, explic\u00f3 el BID en un comunicado difundido este 26 de junio de 2025.<\/p>\n<p>Adem\u00e1s se otorga en el marco del &#8216;Programa de Fortalecimiento Institucional para la Prevenci\u00f3n y Respuesta a la Violencia y la Criminalidad en el Ecuador&#8217;, que viene ejecutando el Gobierno desde el a\u00f1o pasado para combatir el crimen organizado.<\/p>\n<p>\u00abEl programa propone una respuesta integral, multisectorial y basada en evidencia, que incluye la creaci\u00f3n de nuevos marcos normativos, mecanismos de coordinaci\u00f3n interinstitucional, estrategias de intervenci\u00f3n y herramientas de trazabilidad y control de activos il\u00edcitos\u00bb, detall\u00f3 el organismo multilateral.<\/p>\n<p><em>El BID a\u00f1adi\u00f3 que el programa plantea reformas estructurales en cuatro \u00e1reas clave:\u00a0<\/em><\/p>\n<p>La prevenci\u00f3n del reclutamiento de ni\u00f1os, ni\u00f1as y adolescentes por parte de grupos criminales.<br \/>\nLa modernizaci\u00f3n de la funci\u00f3n policial.<br \/>\nEl combate al lavado de activos y la recuperaci\u00f3n de bienes il\u00edcitos<br \/>\nLa reducci\u00f3n de la miner\u00eda ilegal<\/p>\n<p><strong>Resultados previstos<\/strong><br \/>\nEl proyecto contempla beneficios directos para m\u00e1s de 5 millones de ni\u00f1os, ni\u00f1as y adolescentes; 641.000 residentes de la Amazon\u00eda ecuatoriana, estudiantes de 1.785 escuelas priorizadas por su exposici\u00f3n al riesgo de reclutamiento y 5.880.000 de habitantes de 23 cantones vulnerables.<\/p>\n<p>\u00abSe espera que, hacia 2027, la tasa promedio de homicidios en estos cantones se reduzca de 73,9 a 66,6 por cada 100.000 habitantes, y que aumente en un 10% la percepci\u00f3n de seguridad en las comunidades educativas\u00bb, agreg\u00f3 el organismo.<\/p>\n<p>El plan tambi\u00e9n incluye medidas espec\u00edficas para proteger a ni\u00f1os y adolescentes migrantes, como la implementaci\u00f3n de un protocolo contra el tr\u00e1fico il\u00edcito de migrantes y un procedimiento de regularizaci\u00f3n migratoria para menores no acompa\u00f1ados.<\/p>\n<p>Esta iniciativa se desarrolla en el marco de la &#8216;Alianza por la Seguridad, la Justicia y el Desarrollo&#8217;, la estrategia regional del BID para fortalecer la capacidad de los pa\u00edses de la regi\u00f3n de coordinar sus esfuerzos contra el crimen organizado.<\/p>\n<p>El proyecto ser\u00e1 ejecutado por el Ministerio de Econom\u00eda y Finanzas de Ecuador, en coordinaci\u00f3n con instituciones clave de los sectores seguridad, justicia, educaci\u00f3n, miner\u00eda y finanzas. <strong>Fuente: Primicias<\/strong><\/p>\n","protected":false},"excerpt":{"rendered":"<p>El Banco Interamericano de Desarrollo (BID) aprob\u00f3 un pr\u00e9stamo por USD 400 millones a Ecuador, para fortalecer la prevenci\u00f3n y respuesta del Estado al crimen organizado y los flujos financieros il\u00edcitos. El cr\u00e9dito fue aprobado bajo la modalidad de Pr\u00e9stamo Program\u00e1tico en Apoyo de Reformas de Pol\u00edtica (PBP, por sus siglas en ingl\u00e9s), en un contexto de creciente inseguridad en el pa\u00eds, explic\u00f3 el BID en un comunicado difundido este 26 de junio de 2025. Adem\u00e1s se otorga en el marco del &#8216;Programa de Fortalecimiento Institucional para la Prevenci\u00f3n y Respuesta a la Violencia y la Criminalidad en el Ecuador&#8217;, que viene ejecutando el Gobierno desde el a\u00f1o pasado para combatir el crimen organizado. \u00abEl programa propone una respuesta integral, multisectorial y basada en evidencia, que incluye la creaci\u00f3n de nuevos marcos normativos, mecanismos de coordinaci\u00f3n interinstitucional, estrategias de intervenci\u00f3n y herramientas de trazabilidad y control de activos il\u00edcitos\u00bb, detall\u00f3 el organismo multilateral. El BID a\u00f1adi\u00f3 que el programa plantea reformas estructurales en cuatro \u00e1reas clave:\u00a0 La prevenci\u00f3n del reclutamiento de ni\u00f1os, ni\u00f1as y adolescentes por parte de grupos criminales. La modernizaci\u00f3n de la funci\u00f3n policial. El combate al lavado de activos y la recuperaci\u00f3n de bienes il\u00edcitos La reducci\u00f3n de la miner\u00eda ilegal Resultados previstos El proyecto contempla beneficios directos para m\u00e1s de 5 millones de ni\u00f1os, ni\u00f1as y adolescentes; 641.000 residentes de la Amazon\u00eda ecuatoriana, estudiantes de 1.785 escuelas priorizadas por su exposici\u00f3n al riesgo de reclutamiento y 5.880.000 de habitantes de 23 cantones vulnerables. \u00abSe espera que, hacia 2027, la tasa promedio de homicidios en estos cantones se reduzca de 73,9 a 66,6 por cada 100.000 habitantes, y que aumente en un 10% la percepci\u00f3n de seguridad en las comunidades educativas\u00bb, agreg\u00f3 el organismo. El plan tambi\u00e9n incluye medidas espec\u00edficas para proteger a ni\u00f1os y adolescentes migrantes, como la implementaci\u00f3n de un protocolo contra el tr\u00e1fico il\u00edcito de migrantes y un procedimiento de regularizaci\u00f3n migratoria para menores no acompa\u00f1ados. Esta iniciativa se desarrolla en el marco de la &#8216;Alianza por la Seguridad, la Justicia y el Desarrollo&#8217;, la estrategia regional del BID para fortalecer la capacidad de los pa\u00edses de la regi\u00f3n de coordinar sus esfuerzos contra el crimen organizado. El proyecto ser\u00e1 ejecutado por el Ministerio de Econom\u00eda y Finanzas de Ecuador, en coordinaci\u00f3n con instituciones clave de los sectores seguridad, justicia, educaci\u00f3n, miner\u00eda y finanzas. Fuente: Primicias<\/p>\n","protected":false},"author":1,"featured_media":24556,"comment_status":"open","ping_status":"open","sticky":false,"template":"","format":"standard","meta":{"footnotes":""},"categories":[268],"tags":[],"class_list":["post-24555","post","type-post","status-publish","format-standard","has-post-thumbnail","hentry","category-nacionales"],"_links":{"self":[{"href":"https:\/\/www.elamazonico.com\/portal\/wp-json\/wp\/v2\/posts\/24555","targetHints":{"allow":["GET"]}}],"collection":[{"href":"https:\/\/www.elamazonico.com\/portal\/wp-json\/wp\/v2\/posts"}],"about":[{"href":"https:\/\/www.elamazonico.com\/portal\/wp-json\/wp\/v2\/types\/post"}],"author":[{"embeddable":true,"href":"https:\/\/www.elamazonico.com\/portal\/wp-json\/wp\/v2\/users\/1"}],"replies":[{"embeddable":true,"href":"https:\/\/www.elamazonico.com\/portal\/wp-json\/wp\/v2\/comments?post=24555"}],"version-history":[{"count":1,"href":"https:\/\/www.elamazonico.com\/portal\/wp-json\/wp\/v2\/posts\/24555\/revisions"}],"predecessor-version":[{"id":24557,"href":"https:\/\/www.elamazonico.com\/portal\/wp-json\/wp\/v2\/posts\/24555\/revisions\/24557"}],"wp:featuredmedia":[{"embeddable":true,"href":"https:\/\/www.elamazonico.com\/portal\/wp-json\/wp\/v2\/media\/24556"}],"wp:attachment":[{"href":"https:\/\/www.elamazonico.com\/portal\/wp-json\/wp\/v2\/media?parent=24555"}],"wp:term":[{"taxonomy":"category","embeddable":true,"href":"https:\/\/www.elamazonico.com\/portal\/wp-json\/wp\/v2\/categories?post=24555"},{"taxonomy":"post_tag","embeddable":true,"href":"https:\/\/www.elamazonico.com\/portal\/wp-json\/wp\/v2\/tags?post=24555"}],"curies":[{"name":"wp","href":"https:\/\/api.w.org\/{rel}","templated":true}]}}