{"id":24552,"date":"2025-06-26T13:06:58","date_gmt":"2025-06-26T18:06:58","guid":{"rendered":"https:\/\/www.elamazonico.com\/portal\/?p=24552"},"modified":"2025-06-26T13:06:58","modified_gmt":"2025-06-26T18:06:58","slug":"historico-y-contundente-concejo-cantonal-de-loja-destituye-a-franco-quezada-con-9-votos-a-favor","status":"publish","type":"post","link":"https:\/\/www.elamazonico.com\/portal\/historico-y-contundente-concejo-cantonal-de-loja-destituye-a-franco-quezada-con-9-votos-a-favor\/","title":{"rendered":"\u00a1Hist\u00f3rico y contundente! Concejo Cantonal de Loja destituye a Franco Quezada con 9 votos a favor"},"content":{"rendered":"<p data-start=\"201\" data-end=\"527\"><strong data-start=\"201\" data-end=\"231\">Loja, 26 de junio de 2025. <\/strong>En una sesi\u00f3n extraordinaria cargada de tensi\u00f3n, expectativa ciudadana y un marcado tono pol\u00edtico, el <strong data-start=\"336\" data-end=\"364\">Concejo Cantonal de Loja<\/strong> resolvi\u00f3 este jueves remover de su cargo al alcalde <strong data-start=\"420\" data-end=\"438\">Franco Quezada<\/strong>, tras aprobar con <strong data-start=\"457\" data-end=\"484\">nueve votos afirmativos<\/strong> el informe que recomendaba su destituci\u00f3n.<\/p>\n<p data-start=\"529\" data-end=\"899\">El pleno del Concejo se instal\u00f3 a las <strong data-start=\"567\" data-end=\"576\">10h00<\/strong>, conforme al marco normativo vigente que regula los procesos de remoci\u00f3n de autoridades seccionales. La sesi\u00f3n se desarroll\u00f3 bajo estricta observancia del <strong data-start=\"732\" data-end=\"750\">debido proceso<\/strong>, en medio de un clima social polarizado y con una ciudadan\u00eda vigilante, tanto en los exteriores del cabildo como en los espacios de opini\u00f3n p\u00fablica.<\/p>\n<h3 data-start=\"901\" data-end=\"978\"> <strong data-start=\"908\" data-end=\"978\">Una votaci\u00f3n que marca un antes y un despu\u00e9s en la pol\u00edtica lojana<\/strong><\/h3>\n<p data-start=\"980\" data-end=\"1355\">La propuesta de remoci\u00f3n, respaldada por un informe t\u00e9cnico-jur\u00eddico previamente elaborado, fue sometida a votaci\u00f3n tras un intenso debate en el que se expusieron argumentos tanto a favor como en contra del alcalde Quezada. La moci\u00f3n logr\u00f3 superar el m\u00ednimo requerido de ocho votos, consolidando as\u00ed una mayor\u00eda calificada a favor de la salida del primer personero municipal.<\/p>\n<h4 data-start=\"1357\" data-end=\"1400\">\u2714\ufe0f <strong data-start=\"1365\" data-end=\"1400\">As\u00ed fue la votaci\u00f3n definitiva:<\/strong><\/h4>\n<p data-start=\"1402\" data-end=\"1431\"><strong data-start=\"1402\" data-end=\"1429\">A favor de la remoci\u00f3n:<\/strong><\/p>\n<ol data-start=\"1432\" data-end=\"1620\">\n<li data-start=\"1432\" data-end=\"1452\">\n<p data-start=\"1435\" data-end=\"1452\">Pablo Carri\u00f3n \u2705<\/p>\n<\/li>\n<li data-start=\"1453\" data-end=\"1475\">\n<p data-start=\"1456\" data-end=\"1475\">Miguel Castillo \u2705<\/p>\n<\/li>\n<li data-start=\"1476\" data-end=\"1495\">\n<p data-start=\"1479\" data-end=\"1495\">Lenin Cuenca \u2705<\/p>\n<\/li>\n<li data-start=\"1496\" data-end=\"1518\">\n<p data-start=\"1499\" data-end=\"1518\">Santiago Erraez \u2705<\/p>\n<\/li>\n<li data-start=\"1519\" data-end=\"1539\">\n<p data-start=\"1522\" data-end=\"1539\">Jhon Espinoza \u2705<\/p>\n<\/li>\n<li data-start=\"1540\" data-end=\"1558\">\n<p data-start=\"1543\" data-end=\"1558\">Iv\u00e1n Lude\u00f1a \u2705<\/p>\n<\/li>\n<li data-start=\"1559\" data-end=\"1578\">\n<p data-start=\"1562\" data-end=\"1578\">Jorge Pati\u00f1o \u2705<\/p>\n<\/li>\n<li data-start=\"1579\" data-end=\"1600\">\n<p data-start=\"1582\" data-end=\"1600\">Pablo Qui\u00f1\u00f3nez \u2705<\/p>\n<\/li>\n<li data-start=\"1601\" data-end=\"1620\">\n<p data-start=\"1604\" data-end=\"1620\">Yuri Yaguana \u2705<\/p>\n<\/li>\n<\/ol>\n<p data-start=\"1622\" data-end=\"1695\"><strong data-start=\"1622\" data-end=\"1651\">En contra de la remoci\u00f3n:<\/strong><br data-start=\"1651\" data-end=\"1654\" \/>\u25aa\ufe0f Adalber Gaona \u274c<br data-start=\"1672\" data-end=\"1675\" \/>\u25aa\ufe0f Polivio V\u00e9lez \u274c<\/p>\n<h3 data-start=\"1697\" data-end=\"1749\">\u2696\ufe0f <strong data-start=\"1704\" data-end=\"1749\">Implicaciones institucionales y pol\u00edticas<\/strong><\/h3>\n<p data-start=\"1751\" data-end=\"2159\">La decisi\u00f3n adoptada por la mayor\u00eda del Concejo no solo significa un giro dr\u00e1stico en la administraci\u00f3n del cant\u00f3n, sino que abre un escenario pol\u00edtico complejo y lleno de interrogantes. Mientras los concejales que votaron a favor sostienen que actuaron en defensa de la institucionalidad y la \u00e9tica p\u00fablica, los ediles que se opusieron al proceso han cuestionado la legitimidad y oportunidad de la remoci\u00f3n.<\/p>\n<p data-start=\"2161\" data-end=\"2380\">El proceso ha sido observado con especial atenci\u00f3n por diversos sectores sociales, medios de comunicaci\u00f3n y organizaciones civiles, que demandan transparencia, gobernabilidad y garant\u00edas para una transici\u00f3n responsable.<\/p>\n","protected":false},"excerpt":{"rendered":"<p>Loja, 26 de junio de 2025. En una sesi\u00f3n extraordinaria cargada de tensi\u00f3n, expectativa ciudadana y un marcado tono pol\u00edtico, el Concejo Cantonal de Loja resolvi\u00f3 este jueves remover de su cargo al alcalde Franco Quezada, tras aprobar con nueve votos afirmativos el informe que recomendaba su destituci\u00f3n. El pleno del Concejo se instal\u00f3 a las 10h00, conforme al marco normativo vigente que regula los procesos de remoci\u00f3n de autoridades seccionales. La sesi\u00f3n se desarroll\u00f3 bajo estricta observancia del debido proceso, en medio de un clima social polarizado y con una ciudadan\u00eda vigilante, tanto en los exteriores del cabildo como en los espacios de opini\u00f3n p\u00fablica. Una votaci\u00f3n que marca un antes y un despu\u00e9s en la pol\u00edtica lojana La propuesta de remoci\u00f3n, respaldada por un informe t\u00e9cnico-jur\u00eddico previamente elaborado, fue sometida a votaci\u00f3n tras un intenso debate en el que se expusieron argumentos tanto a favor como en contra del alcalde Quezada. La moci\u00f3n logr\u00f3 superar el m\u00ednimo requerido de ocho votos, consolidando as\u00ed una mayor\u00eda calificada a favor de la salida del primer personero municipal. \u2714\ufe0f As\u00ed fue la votaci\u00f3n definitiva: A favor de la remoci\u00f3n: Pablo Carri\u00f3n \u2705 Miguel Castillo \u2705 Lenin Cuenca \u2705 Santiago Erraez \u2705 Jhon Espinoza \u2705 Iv\u00e1n Lude\u00f1a \u2705 Jorge Pati\u00f1o \u2705 Pablo Qui\u00f1\u00f3nez \u2705 Yuri Yaguana \u2705 En contra de la remoci\u00f3n:\u25aa\ufe0f Adalber Gaona \u274c\u25aa\ufe0f Polivio V\u00e9lez \u274c \u2696\ufe0f Implicaciones institucionales y pol\u00edticas La decisi\u00f3n adoptada por la mayor\u00eda del Concejo no solo significa un giro dr\u00e1stico en la administraci\u00f3n del cant\u00f3n, sino que abre un escenario pol\u00edtico complejo y lleno de interrogantes. Mientras los concejales que votaron a favor sostienen que actuaron en defensa de la institucionalidad y la \u00e9tica p\u00fablica, los ediles que se opusieron al proceso han cuestionado la legitimidad y oportunidad de la remoci\u00f3n. El proceso ha sido observado con especial atenci\u00f3n por diversos sectores sociales, medios de comunicaci\u00f3n y organizaciones civiles, que demandan transparencia, gobernabilidad y garant\u00edas para una transici\u00f3n responsable.<\/p>\n","protected":false},"author":1,"featured_media":24553,"comment_status":"open","ping_status":"open","sticky":false,"template":"","format":"standard","meta":{"footnotes":""},"categories":[268,284,243],"tags":[],"class_list":["post-24552","post","type-post","status-publish","format-standard","has-post-thumbnail","hentry","category-nacionales","category-noticias-loja","category-noticias-zamora"],"_links":{"self":[{"href":"https:\/\/www.elamazonico.com\/portal\/wp-json\/wp\/v2\/posts\/24552","targetHints":{"allow":["GET"]}}],"collection":[{"href":"https:\/\/www.elamazonico.com\/portal\/wp-json\/wp\/v2\/posts"}],"about":[{"href":"https:\/\/www.elamazonico.com\/portal\/wp-json\/wp\/v2\/types\/post"}],"author":[{"embeddable":true,"href":"https:\/\/www.elamazonico.com\/portal\/wp-json\/wp\/v2\/users\/1"}],"replies":[{"embeddable":true,"href":"https:\/\/www.elamazonico.com\/portal\/wp-json\/wp\/v2\/comments?post=24552"}],"version-history":[{"count":1,"href":"https:\/\/www.elamazonico.com\/portal\/wp-json\/wp\/v2\/posts\/24552\/revisions"}],"predecessor-version":[{"id":24554,"href":"https:\/\/www.elamazonico.com\/portal\/wp-json\/wp\/v2\/posts\/24552\/revisions\/24554"}],"wp:featuredmedia":[{"embeddable":true,"href":"https:\/\/www.elamazonico.com\/portal\/wp-json\/wp\/v2\/media\/24553"}],"wp:attachment":[{"href":"https:\/\/www.elamazonico.com\/portal\/wp-json\/wp\/v2\/media?parent=24552"}],"wp:term":[{"taxonomy":"category","embeddable":true,"href":"https:\/\/www.elamazonico.com\/portal\/wp-json\/wp\/v2\/categories?post=24552"},{"taxonomy":"post_tag","embeddable":true,"href":"https:\/\/www.elamazonico.com\/portal\/wp-json\/wp\/v2\/tags?post=24552"}],"curies":[{"name":"wp","href":"https:\/\/api.w.org\/{rel}","templated":true}]}}