{"id":24547,"date":"2025-06-26T12:29:21","date_gmt":"2025-06-26T17:29:21","guid":{"rendered":"https:\/\/www.elamazonico.com\/portal\/?p=24547"},"modified":"2025-06-26T12:41:50","modified_gmt":"2025-06-26T17:41:50","slug":"una-declaracion-de-emergencia-en-la-justicia-es-necesaria-asegura-mario-godoy","status":"publish","type":"post","link":"https:\/\/www.elamazonico.com\/portal\/una-declaracion-de-emergencia-en-la-justicia-es-necesaria-asegura-mario-godoy\/","title":{"rendered":"Una declaraci\u00f3n de emergencia en la justicia es \u00abnecesaria\u00bb, asegura Mario Godoy"},"content":{"rendered":"<p>Con la Ley de Integridad P\u00fablica en vigencia y la Justicia al borde del colapso, seg\u00fan datos del Consejo de la Judicatura (CJ), la declaratoria de emergencia del sistema es pr\u00e1cticamente un hecho.<\/p>\n<p>Tras su comparecencia a la Comisi\u00f3n de Fiscalizaci\u00f3n, el 25 de junio de 2025, el presidente de la Judicatura, Mario Godoy, dijo que lo viene diciendo desde el a\u00f1o anterior: \u00abla declaratoria de emergencia es necesaria\u00bb.<\/p>\n<p>Esto, luego de contar a los legisladores que a la justicia le falta tecnolog\u00eda, infraestructura y jueces. Esto, en conjunto, habr\u00eda generado que m\u00e1s del 50% de dependencias judiciales se encuentren en estado cr\u00edtico.<\/p>\n<p><strong>Con nueva ley o sin ella\u00a0<\/strong><br \/>\nLa Ley de Integridad P\u00fablica, aprobada por la Asamblea el 24 de junio de 2025 y publicada en el Registro Oficial el 26 de junio, da luz verde a que el presidente del organismo haga esa declaratoria previo an\u00e1lisis y aprobaci\u00f3n del pleno del CJ.<\/p>\n<blockquote><p>\u00abNo es una figura nueva o extra\u00f1a para la Funci\u00f3n Judicial. Son aproximadamente siete declaratorias de necesidad emergente extraordinaria que se ha hecho en otras presidencias del Consejo de la Judicatura\u00bb Mario Godoy, presidente del CJ.<\/p><\/blockquote>\n<p>Una vez declarada la emergencia, que la normativa aprobada no establece un plazo de duraci\u00f3n, el Pleno de la Judicatura podr\u00e1, entre otras, establecer un r\u00e9gimen especial y expedito de ingreso a la carrera judicial, donde no se generar\u00e1 estabilidad a los servidores judiciales.<\/p>\n<p>Seg\u00fan Godoy, eso tampoco es nuevo. La noche del 25 de junio asegur\u00f3 que en el C\u00f3digo de la Funci\u00f3n Judicial ya se establece la figura de la contrataci\u00f3n de servidores judiciales temporales.<\/p>\n<p>Uno de los requisitos es \u00abpor si se requiere atender necesidades extraordinarias o emergentes del servicio de justicia. La norma es clara, no se van a quedar para siempre\u00bb, dijo Godoy.<\/p>\n<p>Sin embargo, reconoci\u00f3 que muchos funcionarios que han ingresado bajo esa figura, luego han reclamado quedarse en la Funci\u00f3n Judicial con base a acciones de protecci\u00f3n.<\/p>\n<p>Para evitarlo, el presidente del organismo se\u00f1al\u00f3 que pedir\u00e1 a los ministerios de Finanzas y Trabajo que garantice la independencia de esta Funci\u00f3n en el tema contrataciones para poder actuar en esos casos.<\/p>\n<p><strong>Una consulta ampliada<\/strong><br \/>\nSin embargo, previo a tomar una decisi\u00f3n, Godoy anunci\u00f3 que se reunir\u00e1 con los titulares de la Defensor\u00eda P\u00fablica, la Fiscal\u00eda General del Estado y la Corte Nacional de Justicia (CNJ).<\/p>\n<p>El objetivo ser\u00e1 analizar cu\u00e1les ser\u00edan los requerimientos que tiene la Funci\u00f3n Judicial en general y tambi\u00e9n la necesidades puntuales de Defensor\u00eda y Fiscal\u00eda, que tienen su autonom\u00eda. <strong>Fuente: Primicias<\/strong><\/p>\n","protected":false},"excerpt":{"rendered":"<p>Con la Ley de Integridad P\u00fablica en vigencia y la Justicia al borde del colapso, seg\u00fan datos del Consejo de la Judicatura (CJ), la declaratoria de emergencia del sistema es pr\u00e1cticamente un hecho. Tras su comparecencia a la Comisi\u00f3n de Fiscalizaci\u00f3n, el 25 de junio de 2025, el presidente de la Judicatura, Mario Godoy, dijo que lo viene diciendo desde el a\u00f1o anterior: \u00abla declaratoria de emergencia es necesaria\u00bb. Esto, luego de contar a los legisladores que a la justicia le falta tecnolog\u00eda, infraestructura y jueces. Esto, en conjunto, habr\u00eda generado que m\u00e1s del 50% de dependencias judiciales se encuentren en estado cr\u00edtico. Con nueva ley o sin ella\u00a0 La Ley de Integridad P\u00fablica, aprobada por la Asamblea el 24 de junio de 2025 y publicada en el Registro Oficial el 26 de junio, da luz verde a que el presidente del organismo haga esa declaratoria previo an\u00e1lisis y aprobaci\u00f3n del pleno del CJ. \u00abNo es una figura nueva o extra\u00f1a para la Funci\u00f3n Judicial. Son aproximadamente siete declaratorias de necesidad emergente extraordinaria que se ha hecho en otras presidencias del Consejo de la Judicatura\u00bb Mario Godoy, presidente del CJ. Una vez declarada la emergencia, que la normativa aprobada no establece un plazo de duraci\u00f3n, el Pleno de la Judicatura podr\u00e1, entre otras, establecer un r\u00e9gimen especial y expedito de ingreso a la carrera judicial, donde no se generar\u00e1 estabilidad a los servidores judiciales. Seg\u00fan Godoy, eso tampoco es nuevo. La noche del 25 de junio asegur\u00f3 que en el C\u00f3digo de la Funci\u00f3n Judicial ya se establece la figura de la contrataci\u00f3n de servidores judiciales temporales. Uno de los requisitos es \u00abpor si se requiere atender necesidades extraordinarias o emergentes del servicio de justicia. La norma es clara, no se van a quedar para siempre\u00bb, dijo Godoy. Sin embargo, reconoci\u00f3 que muchos funcionarios que han ingresado bajo esa figura, luego han reclamado quedarse en la Funci\u00f3n Judicial con base a acciones de protecci\u00f3n. Para evitarlo, el presidente del organismo se\u00f1al\u00f3 que pedir\u00e1 a los ministerios de Finanzas y Trabajo que garantice la independencia de esta Funci\u00f3n en el tema contrataciones para poder actuar en esos casos. Una consulta ampliada Sin embargo, previo a tomar una decisi\u00f3n, Godoy anunci\u00f3 que se reunir\u00e1 con los titulares de la Defensor\u00eda P\u00fablica, la Fiscal\u00eda General del Estado y la Corte Nacional de Justicia (CNJ). El objetivo ser\u00e1 analizar cu\u00e1les ser\u00edan los requerimientos que tiene la Funci\u00f3n Judicial en general y tambi\u00e9n la necesidades puntuales de Defensor\u00eda y Fiscal\u00eda, que tienen su autonom\u00eda. Fuente: Primicias<\/p>\n","protected":false},"author":1,"featured_media":24548,"comment_status":"open","ping_status":"open","sticky":false,"template":"","format":"standard","meta":{"footnotes":""},"categories":[268],"tags":[],"class_list":["post-24547","post","type-post","status-publish","format-standard","has-post-thumbnail","hentry","category-nacionales"],"_links":{"self":[{"href":"https:\/\/www.elamazonico.com\/portal\/wp-json\/wp\/v2\/posts\/24547","targetHints":{"allow":["GET"]}}],"collection":[{"href":"https:\/\/www.elamazonico.com\/portal\/wp-json\/wp\/v2\/posts"}],"about":[{"href":"https:\/\/www.elamazonico.com\/portal\/wp-json\/wp\/v2\/types\/post"}],"author":[{"embeddable":true,"href":"https:\/\/www.elamazonico.com\/portal\/wp-json\/wp\/v2\/users\/1"}],"replies":[{"embeddable":true,"href":"https:\/\/www.elamazonico.com\/portal\/wp-json\/wp\/v2\/comments?post=24547"}],"version-history":[{"count":3,"href":"https:\/\/www.elamazonico.com\/portal\/wp-json\/wp\/v2\/posts\/24547\/revisions"}],"predecessor-version":[{"id":24551,"href":"https:\/\/www.elamazonico.com\/portal\/wp-json\/wp\/v2\/posts\/24547\/revisions\/24551"}],"wp:featuredmedia":[{"embeddable":true,"href":"https:\/\/www.elamazonico.com\/portal\/wp-json\/wp\/v2\/media\/24548"}],"wp:attachment":[{"href":"https:\/\/www.elamazonico.com\/portal\/wp-json\/wp\/v2\/media?parent=24547"}],"wp:term":[{"taxonomy":"category","embeddable":true,"href":"https:\/\/www.elamazonico.com\/portal\/wp-json\/wp\/v2\/categories?post=24547"},{"taxonomy":"post_tag","embeddable":true,"href":"https:\/\/www.elamazonico.com\/portal\/wp-json\/wp\/v2\/tags?post=24547"}],"curies":[{"name":"wp","href":"https:\/\/api.w.org\/{rel}","templated":true}]}}