{"id":24541,"date":"2025-06-26T12:06:03","date_gmt":"2025-06-26T17:06:03","guid":{"rendered":"https:\/\/www.elamazonico.com\/portal\/?p=24541"},"modified":"2025-06-26T12:06:03","modified_gmt":"2025-06-26T17:06:03","slug":"como-cristian-german-mendoza-fue-clave-en-la-captura-de-alias-fito-en-manabi","status":"publish","type":"post","link":"https:\/\/www.elamazonico.com\/portal\/como-cristian-german-mendoza-fue-clave-en-la-captura-de-alias-fito-en-manabi\/","title":{"rendered":"C\u00f3mo Cristian Germ\u00e1n Mendoza fue clave en la captura de alias &#8216;Fito&#8217; en Manab\u00ed"},"content":{"rendered":"<p>Menos de 24 horas despu\u00e9s de la captura de alias &#8216;Fito&#8217;, el peligroso l\u00edder de Los Choneros, el gobierno de Ecuador dio m\u00e1s detalles sobre los indicios de Inteligencia que llevaron a su detenci\u00f3n en Montecristi, Manab\u00ed, la tarde del 25 de junio.<\/p>\n<p>En una rueda de prensa desde Carondelet, en Quito, el ministro del Interior, John Reimberg, se\u00f1al\u00f3 que hubo una pieza clave en la captura de Fito, narco ecuatoriano y cuyo nombre completo es Adolfo Mac\u00edas Villamar.<\/p>\n<p>Se trata Cristian Germ\u00e1n Mendoza V\u00e9lez, uno de los cuatro hombres que fueron detenidos junto a Fito en el b\u00fanker en que se escond\u00eda el narco en Manab\u00ed.<\/p>\n<p><img decoding=\"async\" src=\"https:\/\/imagenes.primicias.ec\/files\/content_image_simple_414_238\/uploads\/2025\/06\/26\/685d49be712f6.jpeg\" alt=\"thumb\" \/><\/p>\n<p>De izquierda a derecha, en la fila superior: Eduardo Hurtado y Carlos Cede\u00f1o. En la fila inferior: Cristian Mendoza, Freddy Zambrano, guardaespaldas de alias &#8216;Fito&#8217;, capturados el 25 de junio de 2025.Cortes\u00eda.<\/p>\n<p><strong>\u00bfQui\u00e9n es Mendoza y cu\u00e1l fue su rol en la captura?\u00a0<\/strong><\/p>\n<p>&#8211; Mendoza V\u00e9lez es en realidad agente de tr\u00e1nsito de Manta, que hab\u00eda hecho &#8216;carrera&#8217; en la Empresa de Movilidad de este cant\u00f3n de Manab\u00ed.<br \/>\n&#8211; Bajo su nombre estaba la vivienda donde se habilit\u00f3 este lujoso b\u00fanker de Fito.<br \/>\n&#8211; Seg\u00fan el ministro Reimberg, el sujeto hoy detenido nunca se presentaba a laborar en la agencia de tr\u00e1nsito de Manta.<br \/>\n&#8211; Mendoza fue jefe de los agentes de tr\u00e1nsito, subdirector de Tr\u00e1nsito, supervisor de tr\u00e1nsito y su \u00faltimo cargo fue supervisor de operaciones de la entidad en Manta, seg\u00fan verific\u00f3 PRIMICIAS.<br \/>\n&#8211; \u00abGracias a trabajos de inteligencia, que hoy podemos hacer, se pudo determinar que este ciudadano formaba parte de la l\u00ednea de seguridad de Fito\u00bb, dijo Reimberg en la rueda de prensa.<br \/>\n&#8211; Con dicha informaci\u00f3n, el Bloque de Seguridad hizo los seguimientos necesarios, que permitieron la operaci\u00f3n de captura de Fito y el ingreso al domicilio donde viv\u00eda Mendoza.<br \/>\n&#8211; Reimberg se\u00f1al\u00f3 adem\u00e1s que la Polic\u00eda y las FF.AA. ya ten\u00edan conocimiento de que en este lugar hab\u00eda una especie de s\u00f3tano o lugar subterr\u00e1neo.<br \/>\n&#8211; Casi al final de la intervenci\u00f3n, el Ministro reiter\u00f3 que la persona &#8216;que nos lleva a dar con Fito&#8217; es Mendoza, el agente de tr\u00e1nsito de Manta.<\/p>\n<p>Por ello, Reimberg fustig\u00f3 contra dicha entidad indicando:<\/p>\n<blockquote><p>\u00abLos niveles de corrupci\u00f3n de estas agencias de tr\u00e1nsito, no solamente ah\u00ed, sino en diferentes puntos del pa\u00eds. Y con la operaci\u00f3n de ayer, eso tambi\u00e9n se ha demostrado\u00bb.\u00a0John Reimberg, ministro del Interior de Ecuador.<\/p><\/blockquote>\n<p><strong>Fito entr\u00f3 en p\u00e1nico, dice Reimberg<\/strong><br \/>\nReimberg explic\u00f3 en Quito que tras la identificaci\u00f3n de la vivienda de Mendoza, se dispuso el cierre de 15 cuadras en esta zona de Montecristi.<\/p>\n<p>\u00abLa Polic\u00eda Nacional y Fuerzas Armadas comenzaron a realizar sus trabajos de b\u00fasqueda con instrumentos necesarios para ver y encontrar en qu\u00e9 parte se estaba escondiendo alias Fito\u00bb, dijo Reimberg sobre el operativo de captura\u00a0que dur\u00f3 10 horas.<\/p>\n<p>De hecho, atr\u00e1s de la casa de Mendoza se observ\u00f3 un sembr\u00edo irregular y por ello, llegaron excavadoras y maquinar\u00eda especial para revisar el lugar.<\/p>\n<blockquote><p>\u00abCuando esto sucedi\u00f3, alias Fito entr\u00f3 en p\u00e1nico, porque si segu\u00edamos, el techo del b\u00fanker se iba a caer\u00bb.\u00a0John Reimberg, ministro del Interior.<\/p><\/blockquote>\n<p>Tras oir los ruidos de las maquinarias, Reimberg asegur\u00f3 que el propio Fito abri\u00f3 la escotilla del b\u00fanker, donde en la parte superior ya se encontraba personal militar y policial, \u00aby sali\u00f3 del hueco en el que se encontraba\u00bb.<\/p>\n<p>Al momento, alias Fito seguir\u00e1 recluido en la c\u00e1rcel La Roca de Guayaquil, donde se fug\u00f3 en enero de 2024 en medio de un repunte de violencia en Ecuador.<\/p>\n<p>El ministro Reimberg asegur\u00f3 que el Gobierno tomar\u00e1 todas las precauciones necesarias para resguardar al narco ecuatoriano, que tambi\u00e9n es requerido por Estados Unidos, y cuyo tr\u00e1mite de extradici\u00f3n estar\u00eda pendiente. <strong>Fuente: Primicias<\/strong><\/p>\n","protected":false},"excerpt":{"rendered":"<p>Menos de 24 horas despu\u00e9s de la captura de alias &#8216;Fito&#8217;, el peligroso l\u00edder de Los Choneros, el gobierno de Ecuador dio m\u00e1s detalles sobre los indicios de Inteligencia que llevaron a su detenci\u00f3n en Montecristi, Manab\u00ed, la tarde del 25 de junio. En una rueda de prensa desde Carondelet, en Quito, el ministro del Interior, John Reimberg, se\u00f1al\u00f3 que hubo una pieza clave en la captura de Fito, narco ecuatoriano y cuyo nombre completo es Adolfo Mac\u00edas Villamar. Se trata Cristian Germ\u00e1n Mendoza V\u00e9lez, uno de los cuatro hombres que fueron detenidos junto a Fito en el b\u00fanker en que se escond\u00eda el narco en Manab\u00ed. De izquierda a derecha, en la fila superior: Eduardo Hurtado y Carlos Cede\u00f1o. En la fila inferior: Cristian Mendoza, Freddy Zambrano, guardaespaldas de alias &#8216;Fito&#8217;, capturados el 25 de junio de 2025.Cortes\u00eda. \u00bfQui\u00e9n es Mendoza y cu\u00e1l fue su rol en la captura?\u00a0 &#8211; Mendoza V\u00e9lez es en realidad agente de tr\u00e1nsito de Manta, que hab\u00eda hecho &#8216;carrera&#8217; en la Empresa de Movilidad de este cant\u00f3n de Manab\u00ed. &#8211; Bajo su nombre estaba la vivienda donde se habilit\u00f3 este lujoso b\u00fanker de Fito. &#8211; Seg\u00fan el ministro Reimberg, el sujeto hoy detenido nunca se presentaba a laborar en la agencia de tr\u00e1nsito de Manta. &#8211; Mendoza fue jefe de los agentes de tr\u00e1nsito, subdirector de Tr\u00e1nsito, supervisor de tr\u00e1nsito y su \u00faltimo cargo fue supervisor de operaciones de la entidad en Manta, seg\u00fan verific\u00f3 PRIMICIAS. &#8211; \u00abGracias a trabajos de inteligencia, que hoy podemos hacer, se pudo determinar que este ciudadano formaba parte de la l\u00ednea de seguridad de Fito\u00bb, dijo Reimberg en la rueda de prensa. &#8211; Con dicha informaci\u00f3n, el Bloque de Seguridad hizo los seguimientos necesarios, que permitieron la operaci\u00f3n de captura de Fito y el ingreso al domicilio donde viv\u00eda Mendoza. &#8211; Reimberg se\u00f1al\u00f3 adem\u00e1s que la Polic\u00eda y las FF.AA. ya ten\u00edan conocimiento de que en este lugar hab\u00eda una especie de s\u00f3tano o lugar subterr\u00e1neo. &#8211; Casi al final de la intervenci\u00f3n, el Ministro reiter\u00f3 que la persona &#8216;que nos lleva a dar con Fito&#8217; es Mendoza, el agente de tr\u00e1nsito de Manta. Por ello, Reimberg fustig\u00f3 contra dicha entidad indicando: \u00abLos niveles de corrupci\u00f3n de estas agencias de tr\u00e1nsito, no solamente ah\u00ed, sino en diferentes puntos del pa\u00eds. Y con la operaci\u00f3n de ayer, eso tambi\u00e9n se ha demostrado\u00bb.\u00a0John Reimberg, ministro del Interior de Ecuador. Fito entr\u00f3 en p\u00e1nico, dice Reimberg Reimberg explic\u00f3 en Quito que tras la identificaci\u00f3n de la vivienda de Mendoza, se dispuso el cierre de 15 cuadras en esta zona de Montecristi. \u00abLa Polic\u00eda Nacional y Fuerzas Armadas comenzaron a realizar sus trabajos de b\u00fasqueda con instrumentos necesarios para ver y encontrar en qu\u00e9 parte se estaba escondiendo alias Fito\u00bb, dijo Reimberg sobre el operativo de captura\u00a0que dur\u00f3 10 horas. De hecho, atr\u00e1s de la casa de Mendoza se observ\u00f3 un sembr\u00edo irregular y por ello, llegaron excavadoras y maquinar\u00eda especial para revisar el lugar. \u00abCuando esto sucedi\u00f3, alias Fito entr\u00f3 en p\u00e1nico, porque si segu\u00edamos, el techo del b\u00fanker se iba a caer\u00bb.\u00a0John Reimberg, ministro del Interior. Tras oir los ruidos de las maquinarias, Reimberg asegur\u00f3 que el propio Fito abri\u00f3 la escotilla del b\u00fanker, donde en la parte superior ya se encontraba personal militar y policial, \u00aby sali\u00f3 del hueco en el que se encontraba\u00bb. Al momento, alias Fito seguir\u00e1 recluido en la c\u00e1rcel La Roca de Guayaquil, donde se fug\u00f3 en enero de 2024 en medio de un repunte de violencia en Ecuador. El ministro Reimberg asegur\u00f3 que el Gobierno tomar\u00e1 todas las precauciones necesarias para resguardar al narco ecuatoriano, que tambi\u00e9n es requerido por Estados Unidos, y cuyo tr\u00e1mite de extradici\u00f3n estar\u00eda pendiente. Fuente: Primicias<\/p>\n","protected":false},"author":1,"featured_media":24542,"comment_status":"open","ping_status":"open","sticky":false,"template":"","format":"standard","meta":{"footnotes":""},"categories":[268],"tags":[],"class_list":["post-24541","post","type-post","status-publish","format-standard","has-post-thumbnail","hentry","category-nacionales"],"_links":{"self":[{"href":"https:\/\/www.elamazonico.com\/portal\/wp-json\/wp\/v2\/posts\/24541","targetHints":{"allow":["GET"]}}],"collection":[{"href":"https:\/\/www.elamazonico.com\/portal\/wp-json\/wp\/v2\/posts"}],"about":[{"href":"https:\/\/www.elamazonico.com\/portal\/wp-json\/wp\/v2\/types\/post"}],"author":[{"embeddable":true,"href":"https:\/\/www.elamazonico.com\/portal\/wp-json\/wp\/v2\/users\/1"}],"replies":[{"embeddable":true,"href":"https:\/\/www.elamazonico.com\/portal\/wp-json\/wp\/v2\/comments?post=24541"}],"version-history":[{"count":1,"href":"https:\/\/www.elamazonico.com\/portal\/wp-json\/wp\/v2\/posts\/24541\/revisions"}],"predecessor-version":[{"id":24543,"href":"https:\/\/www.elamazonico.com\/portal\/wp-json\/wp\/v2\/posts\/24541\/revisions\/24543"}],"wp:featuredmedia":[{"embeddable":true,"href":"https:\/\/www.elamazonico.com\/portal\/wp-json\/wp\/v2\/media\/24542"}],"wp:attachment":[{"href":"https:\/\/www.elamazonico.com\/portal\/wp-json\/wp\/v2\/media?parent=24541"}],"wp:term":[{"taxonomy":"category","embeddable":true,"href":"https:\/\/www.elamazonico.com\/portal\/wp-json\/wp\/v2\/categories?post=24541"},{"taxonomy":"post_tag","embeddable":true,"href":"https:\/\/www.elamazonico.com\/portal\/wp-json\/wp\/v2\/tags?post=24541"}],"curies":[{"name":"wp","href":"https:\/\/api.w.org\/{rel}","templated":true}]}}