{"id":24538,"date":"2025-06-26T10:03:07","date_gmt":"2025-06-26T15:03:07","guid":{"rendered":"https:\/\/www.elamazonico.com\/portal\/?p=24538"},"modified":"2025-06-26T10:03:07","modified_gmt":"2025-06-26T15:03:07","slug":"tension-maxima-en-el-cabildo-el-futuro-del-alcalde-de-loja-pende-de-un-hilo","status":"publish","type":"post","link":"https:\/\/www.elamazonico.com\/portal\/tension-maxima-en-el-cabildo-el-futuro-del-alcalde-de-loja-pende-de-un-hilo\/","title":{"rendered":"Tensi\u00f3n m\u00e1xima en el Cabildo: \u00a1El futuro del alcalde de Loja pende de un hilo!"},"content":{"rendered":"<p data-start=\"129\" data-end=\"437\">Este mi\u00e9rcoles, a partir de las 10h00, el Concejo Cantonal de Loja instalar\u00e1 una sesi\u00f3n de car\u00e1cter decisivo en la que se debatir\u00e1 el informe que sustenta la posible remoci\u00f3n del alcalde Franco Quezada, en el marco de los procedimientos establecidos en la normativa vigente sobre la administraci\u00f3n municipal.<\/p>\n<p data-start=\"439\" data-end=\"805\">Seg\u00fan los reglamentos del r\u00e9gimen seccional aut\u00f3nomo, se requieren al menos <strong data-start=\"515\" data-end=\"541\">ocho votos afirmativos<\/strong> por parte de los concejales para proceder con la destituci\u00f3n del primer personero municipal. La sesi\u00f3n, que ha generado gran expectativa ciudadana, se desarrollar\u00e1 en medio de una creciente tensi\u00f3n pol\u00edtica y un llamado generalizado al respeto del debido proceso.<\/p>\n<p data-start=\"807\" data-end=\"1129\">El informe que ser\u00e1 puesto a consideraci\u00f3n del pleno del Concejo contiene elementos que, seg\u00fan los proponentes, justificar\u00edan la terminaci\u00f3n anticipada del mandato del alcalde. No obstante, el desarrollo del debate permitir\u00e1 conocer los argumentos a favor y en contra, as\u00ed como las posturas individuales de los concejales.<\/p>\n<p data-start=\"1131\" data-end=\"1408\">La ciudadan\u00eda y diversos sectores de la sociedad lojana se mantienen vigilantes del desenlace de este proceso, en el cual se juega no solo la estabilidad pol\u00edtica de la administraci\u00f3n cantonal, sino tambi\u00e9n la confianza en los mecanismos institucionales de control democr\u00e1tico.<\/p>\n<p data-start=\"1410\" data-end=\"1571\" data-is-last-node=\"\" data-is-only-node=\"\">La decisi\u00f3n que se tome en esta jornada tendr\u00e1 implicaciones relevantes para la gobernabilidad local y marcar\u00e1 un precedente en la vida pol\u00edtica del cant\u00f3n Loja.<\/p>\n","protected":false},"excerpt":{"rendered":"<p>Este mi\u00e9rcoles, a partir de las 10h00, el Concejo Cantonal de Loja instalar\u00e1 una sesi\u00f3n de car\u00e1cter decisivo en la que se debatir\u00e1 el informe que sustenta la posible remoci\u00f3n del alcalde Franco Quezada, en el marco de los procedimientos establecidos en la normativa vigente sobre la administraci\u00f3n municipal. Seg\u00fan los reglamentos del r\u00e9gimen seccional aut\u00f3nomo, se requieren al menos ocho votos afirmativos por parte de los concejales para proceder con la destituci\u00f3n del primer personero municipal. La sesi\u00f3n, que ha generado gran expectativa ciudadana, se desarrollar\u00e1 en medio de una creciente tensi\u00f3n pol\u00edtica y un llamado generalizado al respeto del debido proceso. El informe que ser\u00e1 puesto a consideraci\u00f3n del pleno del Concejo contiene elementos que, seg\u00fan los proponentes, justificar\u00edan la terminaci\u00f3n anticipada del mandato del alcalde. No obstante, el desarrollo del debate permitir\u00e1 conocer los argumentos a favor y en contra, as\u00ed como las posturas individuales de los concejales. La ciudadan\u00eda y diversos sectores de la sociedad lojana se mantienen vigilantes del desenlace de este proceso, en el cual se juega no solo la estabilidad pol\u00edtica de la administraci\u00f3n cantonal, sino tambi\u00e9n la confianza en los mecanismos institucionales de control democr\u00e1tico. La decisi\u00f3n que se tome en esta jornada tendr\u00e1 implicaciones relevantes para la gobernabilidad local y marcar\u00e1 un precedente en la vida pol\u00edtica del cant\u00f3n Loja.<\/p>\n","protected":false},"author":1,"featured_media":24539,"comment_status":"open","ping_status":"open","sticky":false,"template":"","format":"standard","meta":{"footnotes":""},"categories":[268,284],"tags":[],"class_list":["post-24538","post","type-post","status-publish","format-standard","has-post-thumbnail","hentry","category-nacionales","category-noticias-loja"],"_links":{"self":[{"href":"https:\/\/www.elamazonico.com\/portal\/wp-json\/wp\/v2\/posts\/24538","targetHints":{"allow":["GET"]}}],"collection":[{"href":"https:\/\/www.elamazonico.com\/portal\/wp-json\/wp\/v2\/posts"}],"about":[{"href":"https:\/\/www.elamazonico.com\/portal\/wp-json\/wp\/v2\/types\/post"}],"author":[{"embeddable":true,"href":"https:\/\/www.elamazonico.com\/portal\/wp-json\/wp\/v2\/users\/1"}],"replies":[{"embeddable":true,"href":"https:\/\/www.elamazonico.com\/portal\/wp-json\/wp\/v2\/comments?post=24538"}],"version-history":[{"count":1,"href":"https:\/\/www.elamazonico.com\/portal\/wp-json\/wp\/v2\/posts\/24538\/revisions"}],"predecessor-version":[{"id":24540,"href":"https:\/\/www.elamazonico.com\/portal\/wp-json\/wp\/v2\/posts\/24538\/revisions\/24540"}],"wp:featuredmedia":[{"embeddable":true,"href":"https:\/\/www.elamazonico.com\/portal\/wp-json\/wp\/v2\/media\/24539"}],"wp:attachment":[{"href":"https:\/\/www.elamazonico.com\/portal\/wp-json\/wp\/v2\/media?parent=24538"}],"wp:term":[{"taxonomy":"category","embeddable":true,"href":"https:\/\/www.elamazonico.com\/portal\/wp-json\/wp\/v2\/categories?post=24538"},{"taxonomy":"post_tag","embeddable":true,"href":"https:\/\/www.elamazonico.com\/portal\/wp-json\/wp\/v2\/tags?post=24538"}],"curies":[{"name":"wp","href":"https:\/\/api.w.org\/{rel}","templated":true}]}}