{"id":24532,"date":"2025-06-25T22:20:08","date_gmt":"2025-06-26T03:20:08","guid":{"rendered":"https:\/\/www.elamazonico.com\/portal\/?p=24532"},"modified":"2025-06-25T22:20:08","modified_gmt":"2025-06-26T03:20:08","slug":"asi-era-el-bunker-donde-se-ocultaba-y-fue-capturado-alias-fito-en-manabi","status":"publish","type":"post","link":"https:\/\/www.elamazonico.com\/portal\/asi-era-el-bunker-donde-se-ocultaba-y-fue-capturado-alias-fito-en-manabi\/","title":{"rendered":"As\u00ed era el b\u00fanker donde se ocultaba y fue capturado alias &#8216;Fito&#8217;, en Manab\u00ed"},"content":{"rendered":"<p>Las im\u00e1genes y videos de la captura de Adolfo Mac\u00edas Villamar, alias &#8216;Fito&#8217;, este 25 de junio de 2025, muestran parte del b\u00fanker donde estaba oculto. La casa que serv\u00eda de fachada estaba llena de lujos, con paredes y pisos de m\u00e1rmol.<\/p>\n<p>Polic\u00edas y militares llegaron hasta una propiedad ubicada en el barrio La Pradera, en Manta, provincia de Manab\u00ed, para detener al l\u00edder de Los Choneros, quien se hab\u00eda fugado de la Penitenciar\u00eda del Litoral en enero de 2024.<\/p>\n<p>Lo que muestran las im\u00e1genes compartidas por el Ej\u00e9rcito es que en un piso, debajo de un mes\u00f3n que parece ser una lavander\u00eda, hab\u00eda un acceso oculto entre las baldosas.<\/p>\n<p><img decoding=\"async\" src=\"https:\/\/imagenes.primicias.ec\/files\/content_image_simple_414_238\/uploads\/2025\/06\/25\/685c977f15c1a.jpeg\" alt=\"thumb\" \/><br \/>\nEl acceso se deslizaba con facilidad. La puerta ten\u00eda una capa gruesa de hormig\u00f3n y por debajo, un pedazo de hierro para cerrarla.<\/p>\n<p>Ten\u00eda aire acondicionado y sistemas de ventilaci\u00f3n. Se observan una especie de colchones azules apilados.<\/p>\n<p><strong>Una lujosa casa de m\u00e1rmol<\/strong><br \/>\nCon el paso de las horas, las Fuerzas Armadas mostraron im\u00e1genes de la lujosa casa de dos pisos que serv\u00eda de fachada.<\/p>\n<p>Ten\u00eda acabados de lujo, un \u00e1rea de juegos, piscina interna, muebles altos y bajos, iluminaci\u00f3n lead.<\/p>\n<p><img decoding=\"async\" src=\"https:\/\/imagenes.primicias.ec\/files\/content_image_simple_414_238\/uploads\/2025\/06\/25\/685cab9a2b8c7.jpeg\" alt=\"thumb\" \/><\/p>\n<p>Militares recorren el \u00e1rea de cocina de la casa de &#8216;Fito&#8217;, el 25 de junio de 2025, d\u00eda de su captura.Fuerzas Armadas<\/p>\n<p><img decoding=\"async\" src=\"https:\/\/imagenes.primicias.ec\/files\/content_image_simple_414_238\/uploads\/2025\/06\/25\/685cabdf79a12.jpeg\" alt=\"thumb\" \/><\/p>\n<p>Lujosa casa donde fue capturado &#8216;Fito&#8217;, el 25 de junio de 2025.Fuerzas Armadas<\/p>\n<p><img decoding=\"async\" src=\"https:\/\/imagenes.primicias.ec\/files\/content_image_simple_414_238\/uploads\/2025\/06\/25\/685cac6e5f47b.jpeg\" alt=\"thumb\" \/><\/p>\n<p>Sala de juegos en la casa de &#8216;Fito&#8217;, cabecilla de Los Choneros detenido el 25 de junio de 2025.Fuerzas Armadas<\/p>\n<p><img decoding=\"async\" src=\"https:\/\/imagenes.primicias.ec\/files\/content_image_simple_414_238\/uploads\/2025\/06\/25\/685caca190b5d.jpeg\" alt=\"thumb\" \/><\/p>\n<p>En un video compartido por John Reimberg, ministro del Interior, se observa parte de la fachada de la casa, as\u00ed como el cerramiento, todo con los mismos lujos.<\/p>\n<p>Por la parte exterior, se ve una v\u00eda de tierra y \u00e1rboles en los alrededores.<\/p>\n<p><strong>Operativo de captura dur\u00f3 10 horas<\/strong><br \/>\nReimberg dijo que el operativo de captura dur\u00f3 10 horas.<\/p>\n<p>Alias &#8216;Fito&#8217; ya est\u00e1 en manos del Bloque de Seguridad, compuesto por militares y polic\u00edas, mientras pende un pedido de extradici\u00f3n a Estados Unidos.<\/p>\n<p>\u00abYa estoy capturado, ministro, no s\u00e9 c\u00f3mo la pinta\u00bb, manifest\u00f3 alias Fito, en custodia de las autoridades del frente de seguridad del Gobierno.<\/p>\n<p>Los rumores sobre su captura se tend\u00edan en redes sociales desde las primeras semanas de enero de 2025, despu\u00e9s de que el comandante de la Polic\u00eda, Victor Hugo Z\u00e1rate, hab\u00eda se\u00f1alado que la investigaci\u00f3n para rastrear la ubicaci\u00f3n de &#8216;Fito&#8217; hab\u00eda avanzado un 45% y que se analizaba informaci\u00f3n relevante obtenida por la instituci\u00f3n. <strong>Fuente: Primicias<\/strong><\/p>\n","protected":false},"excerpt":{"rendered":"<p>Las im\u00e1genes y videos de la captura de Adolfo Mac\u00edas Villamar, alias &#8216;Fito&#8217;, este 25 de junio de 2025, muestran parte del b\u00fanker donde estaba oculto. La casa que serv\u00eda de fachada estaba llena de lujos, con paredes y pisos de m\u00e1rmol. Polic\u00edas y militares llegaron hasta una propiedad ubicada en el barrio La Pradera, en Manta, provincia de Manab\u00ed, para detener al l\u00edder de Los Choneros, quien se hab\u00eda fugado de la Penitenciar\u00eda del Litoral en enero de 2024. Lo que muestran las im\u00e1genes compartidas por el Ej\u00e9rcito es que en un piso, debajo de un mes\u00f3n que parece ser una lavander\u00eda, hab\u00eda un acceso oculto entre las baldosas. El acceso se deslizaba con facilidad. La puerta ten\u00eda una capa gruesa de hormig\u00f3n y por debajo, un pedazo de hierro para cerrarla. Ten\u00eda aire acondicionado y sistemas de ventilaci\u00f3n. Se observan una especie de colchones azules apilados. Una lujosa casa de m\u00e1rmol Con el paso de las horas, las Fuerzas Armadas mostraron im\u00e1genes de la lujosa casa de dos pisos que serv\u00eda de fachada. Ten\u00eda acabados de lujo, un \u00e1rea de juegos, piscina interna, muebles altos y bajos, iluminaci\u00f3n lead. Militares recorren el \u00e1rea de cocina de la casa de &#8216;Fito&#8217;, el 25 de junio de 2025, d\u00eda de su captura.Fuerzas Armadas Lujosa casa donde fue capturado &#8216;Fito&#8217;, el 25 de junio de 2025.Fuerzas Armadas Sala de juegos en la casa de &#8216;Fito&#8217;, cabecilla de Los Choneros detenido el 25 de junio de 2025.Fuerzas Armadas En un video compartido por John Reimberg, ministro del Interior, se observa parte de la fachada de la casa, as\u00ed como el cerramiento, todo con los mismos lujos. Por la parte exterior, se ve una v\u00eda de tierra y \u00e1rboles en los alrededores. Operativo de captura dur\u00f3 10 horas Reimberg dijo que el operativo de captura dur\u00f3 10 horas. Alias &#8216;Fito&#8217; ya est\u00e1 en manos del Bloque de Seguridad, compuesto por militares y polic\u00edas, mientras pende un pedido de extradici\u00f3n a Estados Unidos. \u00abYa estoy capturado, ministro, no s\u00e9 c\u00f3mo la pinta\u00bb, manifest\u00f3 alias Fito, en custodia de las autoridades del frente de seguridad del Gobierno. Los rumores sobre su captura se tend\u00edan en redes sociales desde las primeras semanas de enero de 2025, despu\u00e9s de que el comandante de la Polic\u00eda, Victor Hugo Z\u00e1rate, hab\u00eda se\u00f1alado que la investigaci\u00f3n para rastrear la ubicaci\u00f3n de &#8216;Fito&#8217; hab\u00eda avanzado un 45% y que se analizaba informaci\u00f3n relevante obtenida por la instituci\u00f3n. Fuente: Primicias<\/p>\n","protected":false},"author":1,"featured_media":24533,"comment_status":"open","ping_status":"open","sticky":false,"template":"","format":"standard","meta":{"footnotes":""},"categories":[268],"tags":[],"class_list":["post-24532","post","type-post","status-publish","format-standard","has-post-thumbnail","hentry","category-nacionales"],"_links":{"self":[{"href":"https:\/\/www.elamazonico.com\/portal\/wp-json\/wp\/v2\/posts\/24532","targetHints":{"allow":["GET"]}}],"collection":[{"href":"https:\/\/www.elamazonico.com\/portal\/wp-json\/wp\/v2\/posts"}],"about":[{"href":"https:\/\/www.elamazonico.com\/portal\/wp-json\/wp\/v2\/types\/post"}],"author":[{"embeddable":true,"href":"https:\/\/www.elamazonico.com\/portal\/wp-json\/wp\/v2\/users\/1"}],"replies":[{"embeddable":true,"href":"https:\/\/www.elamazonico.com\/portal\/wp-json\/wp\/v2\/comments?post=24532"}],"version-history":[{"count":1,"href":"https:\/\/www.elamazonico.com\/portal\/wp-json\/wp\/v2\/posts\/24532\/revisions"}],"predecessor-version":[{"id":24534,"href":"https:\/\/www.elamazonico.com\/portal\/wp-json\/wp\/v2\/posts\/24532\/revisions\/24534"}],"wp:featuredmedia":[{"embeddable":true,"href":"https:\/\/www.elamazonico.com\/portal\/wp-json\/wp\/v2\/media\/24533"}],"wp:attachment":[{"href":"https:\/\/www.elamazonico.com\/portal\/wp-json\/wp\/v2\/media?parent=24532"}],"wp:term":[{"taxonomy":"category","embeddable":true,"href":"https:\/\/www.elamazonico.com\/portal\/wp-json\/wp\/v2\/categories?post=24532"},{"taxonomy":"post_tag","embeddable":true,"href":"https:\/\/www.elamazonico.com\/portal\/wp-json\/wp\/v2\/tags?post=24532"}],"curies":[{"name":"wp","href":"https:\/\/api.w.org\/{rel}","templated":true}]}}