{"id":24526,"date":"2025-06-25T22:00:00","date_gmt":"2025-06-26T03:00:00","guid":{"rendered":"https:\/\/www.elamazonico.com\/portal\/?p=24526"},"modified":"2025-06-25T22:00:00","modified_gmt":"2025-06-26T03:00:00","slug":"ya-estoy-capturado-ministro-no-se-como-la-pintan-le-dice-fito-a-ministros-de-defensa-y-del-interior","status":"publish","type":"post","link":"https:\/\/www.elamazonico.com\/portal\/ya-estoy-capturado-ministro-no-se-como-la-pintan-le-dice-fito-a-ministros-de-defensa-y-del-interior\/","title":{"rendered":"&#8216;Ya estoy capturado Ministro, no s\u00e9 c\u00f3mo la pintan&#8217;, le dice &#8216;Fito&#8217; a ministros de Defensa y del Interior"},"content":{"rendered":"<p><em>El ministro de Defensa, Gian Carlo Loffredo, y el ministro del \u00a0Interior, John Reimberg, participaron en el operativo este 25 de junio del 2025.<\/em><\/p>\n<p>&#8216;Fito&#8217; aparece en el interior de una tanqueta militar, esposado, sin preocupaci\u00f3n en el rostro, cercado por militares de \u00e9lite del Ej\u00e9rcito de Ecuador, cuando repentinamente suelta una frase: \u00abYa estoy capturado Ministro, no s\u00e9 c\u00f3mo lo pintan\u00bb.<\/p>\n<p>Ese mensaje de Adolfo Mac\u00edas, alias &#8216;Fito&#8217;, es dirigido al ministro del Interior, John\u00a0 Reimberg, y al\u00a0\u00a0ministro de Defensa, Gian Carlo Loffredo. Ambos,\u00a0desde el exterior de la tanqueta, supervisna la captura del m\u00e1ximo cabecilla de &#8216;Los Choneros&#8217;, la tarde de este mi\u00e9rcoles 25 de junio del 2025, en Manta, Manab\u00ed.<\/p>\n<p>Reimberg y el ministro de Defensa, Gian Carlo Loffredo, participaron en el operativo junto a los militares y la Polic\u00eda Nacional. En fotos y videos se puede ver la participaci\u00f3n cercana de los dos funcionarios de Estado.<\/p>\n<p>Reimberg se pronunci\u00f3 a trav\u00e9s de redes sociales con un mensaje: \u00abEl Bloque de Seguridad m\u00e1s firme que nunca! Nuestras fuerzas del orden, con su impecable trabajo, lograron la captura de Jos\u00e9 Adolfo Mac\u00edas Villamar, alias &#8216;Fito&#8217;. Nada ni nadie est\u00e1 por encima de la Ley! Seguimos trabajando\u00bb, comunic\u00f3.<\/p>\n<p>El operativo para detener a &#8216;Fito&#8217; dur\u00f3 diez horas y fue ejecutado con \u00e9xito. Ambos funcionarios destacaron que la operaci\u00f3n fue impecable y atribuyeron su eficacia a la vigencia de las nuevas leyes de seguridad.<\/p>\n<p>A trav\u00e9s de un video tambi\u00e9n se pronunciaron aclarando que la detenci\u00f3n de &#8216;Fito&#8217; fue gracias a las leyes promovidas por el presidente Daniel Noboa. <strong>Fuente: Teleamazonas<\/strong><\/p>\n","protected":false},"excerpt":{"rendered":"<p>El ministro de Defensa, Gian Carlo Loffredo, y el ministro del \u00a0Interior, John Reimberg, participaron en el operativo este 25 de junio del 2025. &#8216;Fito&#8217; aparece en el interior de una tanqueta militar, esposado, sin preocupaci\u00f3n en el rostro, cercado por militares de \u00e9lite del Ej\u00e9rcito de Ecuador, cuando repentinamente suelta una frase: \u00abYa estoy capturado Ministro, no s\u00e9 c\u00f3mo lo pintan\u00bb. Ese mensaje de Adolfo Mac\u00edas, alias &#8216;Fito&#8217;, es dirigido al ministro del Interior, John\u00a0 Reimberg, y al\u00a0\u00a0ministro de Defensa, Gian Carlo Loffredo. Ambos,\u00a0desde el exterior de la tanqueta, supervisna la captura del m\u00e1ximo cabecilla de &#8216;Los Choneros&#8217;, la tarde de este mi\u00e9rcoles 25 de junio del 2025, en Manta, Manab\u00ed. Reimberg y el ministro de Defensa, Gian Carlo Loffredo, participaron en el operativo junto a los militares y la Polic\u00eda Nacional. En fotos y videos se puede ver la participaci\u00f3n cercana de los dos funcionarios de Estado. Reimberg se pronunci\u00f3 a trav\u00e9s de redes sociales con un mensaje: \u00abEl Bloque de Seguridad m\u00e1s firme que nunca! Nuestras fuerzas del orden, con su impecable trabajo, lograron la captura de Jos\u00e9 Adolfo Mac\u00edas Villamar, alias &#8216;Fito&#8217;. Nada ni nadie est\u00e1 por encima de la Ley! Seguimos trabajando\u00bb, comunic\u00f3. El operativo para detener a &#8216;Fito&#8217; dur\u00f3 diez horas y fue ejecutado con \u00e9xito. Ambos funcionarios destacaron que la operaci\u00f3n fue impecable y atribuyeron su eficacia a la vigencia de las nuevas leyes de seguridad. A trav\u00e9s de un video tambi\u00e9n se pronunciaron aclarando que la detenci\u00f3n de &#8216;Fito&#8217; fue gracias a las leyes promovidas por el presidente Daniel Noboa. Fuente: Teleamazonas<\/p>\n","protected":false},"author":1,"featured_media":24527,"comment_status":"open","ping_status":"open","sticky":false,"template":"","format":"standard","meta":{"footnotes":""},"categories":[268],"tags":[],"class_list":["post-24526","post","type-post","status-publish","format-standard","has-post-thumbnail","hentry","category-nacionales"],"_links":{"self":[{"href":"https:\/\/www.elamazonico.com\/portal\/wp-json\/wp\/v2\/posts\/24526","targetHints":{"allow":["GET"]}}],"collection":[{"href":"https:\/\/www.elamazonico.com\/portal\/wp-json\/wp\/v2\/posts"}],"about":[{"href":"https:\/\/www.elamazonico.com\/portal\/wp-json\/wp\/v2\/types\/post"}],"author":[{"embeddable":true,"href":"https:\/\/www.elamazonico.com\/portal\/wp-json\/wp\/v2\/users\/1"}],"replies":[{"embeddable":true,"href":"https:\/\/www.elamazonico.com\/portal\/wp-json\/wp\/v2\/comments?post=24526"}],"version-history":[{"count":1,"href":"https:\/\/www.elamazonico.com\/portal\/wp-json\/wp\/v2\/posts\/24526\/revisions"}],"predecessor-version":[{"id":24528,"href":"https:\/\/www.elamazonico.com\/portal\/wp-json\/wp\/v2\/posts\/24526\/revisions\/24528"}],"wp:featuredmedia":[{"embeddable":true,"href":"https:\/\/www.elamazonico.com\/portal\/wp-json\/wp\/v2\/media\/24527"}],"wp:attachment":[{"href":"https:\/\/www.elamazonico.com\/portal\/wp-json\/wp\/v2\/media?parent=24526"}],"wp:term":[{"taxonomy":"category","embeddable":true,"href":"https:\/\/www.elamazonico.com\/portal\/wp-json\/wp\/v2\/categories?post=24526"},{"taxonomy":"post_tag","embeddable":true,"href":"https:\/\/www.elamazonico.com\/portal\/wp-json\/wp\/v2\/tags?post=24526"}],"curies":[{"name":"wp","href":"https:\/\/api.w.org\/{rel}","templated":true}]}}