{"id":24514,"date":"2025-06-26T04:00:53","date_gmt":"2025-06-26T09:00:53","guid":{"rendered":"https:\/\/www.elamazonico.com\/portal\/?p=24514"},"modified":"2025-06-25T15:59:15","modified_gmt":"2025-06-25T20:59:15","slug":"asociacion-coordinadora-politica-de-mujeres-exigen-al-alcalde-de-paquisha-transparencia-en-el-uso-del-fondo-de-desarrollo-sostenible","status":"publish","type":"post","link":"https:\/\/www.elamazonico.com\/portal\/asociacion-coordinadora-politica-de-mujeres-exigen-al-alcalde-de-paquisha-transparencia-en-el-uso-del-fondo-de-desarrollo-sostenible\/","title":{"rendered":"Asociaci\u00f3n Coordinadora pol\u00edtica de Mujeres exigen al Alcalde de Paquisha transparencia en el uso del Fondo de Desarrollo Sostenible"},"content":{"rendered":"<p data-start=\"188\" data-end=\"728\">En un acto de firmeza pol\u00edtica y compromiso social, las lideresas de la Asociaci\u00f3n Coordinadora Pol\u00edtica de Mujeres Ecuatorianas ZCh y de la Corporaci\u00f3n Red de Mujeres Amaz\u00f3nicas hicieron p\u00fablico un llamado al alcalde del cant\u00f3n Paquisha, Sr. Pa\u00fal Rodr\u00edguez, exigiendo atenci\u00f3n prioritaria, sensibilidad institucional y claridad sobre el uso del 5% del <strong data-start=\"594\" data-end=\"644\">Fondo Com\u00fan de Desarrollo Sostenible Amaz\u00f3nico<\/strong>, destinado a prevenir y erradicar la violencia contra las mujeres en el territorio.<\/p>\n<p data-start=\"730\" data-end=\"1204\">Este fondo, asignado por normativa nacional a los Gobiernos Aut\u00f3nomos Descentralizados de la regi\u00f3n amaz\u00f3nica, tiene como finalidad fortalecer pol\u00edticas p\u00fablicas locales orientadas a la prevenci\u00f3n, atenci\u00f3n y erradicaci\u00f3n de la violencia de g\u00e9nero. No obstante, las representantes de ambas organizaciones manifestaron su preocupaci\u00f3n ante la falta de apertura y sensibilidad con que fueron tratadas al intentar mantener un di\u00e1logo institucional con el Municipio de Paquisha.<\/p>\n<p data-start=\"1206\" data-end=\"1770\">A pesar de haber solicitado una audiencia formal con el Alcalde, la comitiva fue atendida por funcionarios delegados \u2014entre ellos, el asesor jur\u00eddico, la directora financiera y personal del \u00e1rea de desarrollo\u2014 quienes, seg\u00fan relataron las lideresas, mostraron desconocimiento total del objetivo de la visita, falta de empat\u00eda y comentarios inapropiados. Uno de los hechos m\u00e1s indignantes fue la declaraci\u00f3n de una funcionaria que afirm\u00f3 \u00abno ser fan\u00e1tica\u00bb del tema de erradicaci\u00f3n de la violencia, desestimando el rol fundamental del gobierno local en esta materia.<\/p>\n<p data-start=\"1772\" data-end=\"2139\">Asimismo, se expres\u00f3 alarma frente a la afirmaci\u00f3n del \u00e1rea jur\u00eddica de que los recursos del fondo ya hab\u00edan sido destinados a proyectos ambientales, bajo el supuesto de que estos beneficiar\u00edan indirectamente a las mujeres. Esta postura revela, seg\u00fan las denunciantes, una preocupante falta de capacitaci\u00f3n t\u00e9cnica y perspectiva de g\u00e9nero en la gesti\u00f3n p\u00fablica local.<\/p>\n<p data-start=\"2141\" data-end=\"2457\">\u201c<em data-start=\"2142\" data-end=\"2193\">El derecho no se mendiga, se exige, se\u00f1or Alcalde<\/em>\u201d, fue la consigna que sintetiz\u00f3 el mensaje contundente de las organizaciones convocantes, quienes recalcaron que <strong data-start=\"2307\" data-end=\"2456\">la justicia social y la equidad de g\u00e9nero no pueden quedar sujetas a improvisaciones ni a respuestas negligentes desde las instituciones p\u00fablicas<\/strong>.<\/p>\n<p data-start=\"2459\" data-end=\"2508\">Frente a este escenario, las lideresas exigieron:<\/p>\n<ol data-start=\"2510\" data-end=\"3022\">\n<li data-start=\"2510\" data-end=\"2691\">\n<p data-start=\"2513\" data-end=\"2691\">Que el alcalde Pa\u00fal Rodr\u00edguez reciba de manera directa a las organizaciones solicitantes y brinde informaci\u00f3n clara sobre la planificaci\u00f3n e inversi\u00f3n del 5% del Fondo Amaz\u00f3nico.<\/p>\n<\/li>\n<li data-start=\"2692\" data-end=\"2877\">\n<p data-start=\"2695\" data-end=\"2877\">Que el personal t\u00e9cnico que atienda estos temas sea debidamente capacitado en derechos de las mujeres, enfoque de g\u00e9nero y normativa vigente en materia de prevenci\u00f3n de la violencia.<\/p>\n<\/li>\n<li data-start=\"2878\" data-end=\"3022\">\n<p data-start=\"2881\" data-end=\"3022\">Que se garantice la transparencia en la ejecuci\u00f3n presupuestaria y se canalicen los recursos del fondo conforme a su objetivo legal y social.<\/p>\n<\/li>\n<\/ol>\n<p data-start=\"3024\" data-end=\"3331\">Finalmente, anunciaron que estar\u00e1n vigilantes del uso de estos fondos y no descartaron presentar una denuncia formal ante la Contralor\u00eda General del Estado para exigir que los recursos p\u00fablicos destinados a la protecci\u00f3n de los derechos de las mujeres se inviertan correctamente y con responsabilidad \u00e9tica.<\/p>\n","protected":false},"excerpt":{"rendered":"<p>En un acto de firmeza pol\u00edtica y compromiso social, las lideresas de la Asociaci\u00f3n Coordinadora Pol\u00edtica de Mujeres Ecuatorianas ZCh y de la Corporaci\u00f3n Red de Mujeres Amaz\u00f3nicas hicieron p\u00fablico un llamado al alcalde del cant\u00f3n Paquisha, Sr. Pa\u00fal Rodr\u00edguez, exigiendo atenci\u00f3n prioritaria, sensibilidad institucional y claridad sobre el uso del 5% del Fondo Com\u00fan de Desarrollo Sostenible Amaz\u00f3nico, destinado a prevenir y erradicar la violencia contra las mujeres en el territorio. Este fondo, asignado por normativa nacional a los Gobiernos Aut\u00f3nomos Descentralizados de la regi\u00f3n amaz\u00f3nica, tiene como finalidad fortalecer pol\u00edticas p\u00fablicas locales orientadas a la prevenci\u00f3n, atenci\u00f3n y erradicaci\u00f3n de la violencia de g\u00e9nero. No obstante, las representantes de ambas organizaciones manifestaron su preocupaci\u00f3n ante la falta de apertura y sensibilidad con que fueron tratadas al intentar mantener un di\u00e1logo institucional con el Municipio de Paquisha. A pesar de haber solicitado una audiencia formal con el Alcalde, la comitiva fue atendida por funcionarios delegados \u2014entre ellos, el asesor jur\u00eddico, la directora financiera y personal del \u00e1rea de desarrollo\u2014 quienes, seg\u00fan relataron las lideresas, mostraron desconocimiento total del objetivo de la visita, falta de empat\u00eda y comentarios inapropiados. Uno de los hechos m\u00e1s indignantes fue la declaraci\u00f3n de una funcionaria que afirm\u00f3 \u00abno ser fan\u00e1tica\u00bb del tema de erradicaci\u00f3n de la violencia, desestimando el rol fundamental del gobierno local en esta materia. Asimismo, se expres\u00f3 alarma frente a la afirmaci\u00f3n del \u00e1rea jur\u00eddica de que los recursos del fondo ya hab\u00edan sido destinados a proyectos ambientales, bajo el supuesto de que estos beneficiar\u00edan indirectamente a las mujeres. Esta postura revela, seg\u00fan las denunciantes, una preocupante falta de capacitaci\u00f3n t\u00e9cnica y perspectiva de g\u00e9nero en la gesti\u00f3n p\u00fablica local. \u201cEl derecho no se mendiga, se exige, se\u00f1or Alcalde\u201d, fue la consigna que sintetiz\u00f3 el mensaje contundente de las organizaciones convocantes, quienes recalcaron que la justicia social y la equidad de g\u00e9nero no pueden quedar sujetas a improvisaciones ni a respuestas negligentes desde las instituciones p\u00fablicas. Frente a este escenario, las lideresas exigieron: Que el alcalde Pa\u00fal Rodr\u00edguez reciba de manera directa a las organizaciones solicitantes y brinde informaci\u00f3n clara sobre la planificaci\u00f3n e inversi\u00f3n del 5% del Fondo Amaz\u00f3nico. Que el personal t\u00e9cnico que atienda estos temas sea debidamente capacitado en derechos de las mujeres, enfoque de g\u00e9nero y normativa vigente en materia de prevenci\u00f3n de la violencia. Que se garantice la transparencia en la ejecuci\u00f3n presupuestaria y se canalicen los recursos del fondo conforme a su objetivo legal y social. Finalmente, anunciaron que estar\u00e1n vigilantes del uso de estos fondos y no descartaron presentar una denuncia formal ante la Contralor\u00eda General del Estado para exigir que los recursos p\u00fablicos destinados a la protecci\u00f3n de los derechos de las mujeres se inviertan correctamente y con responsabilidad \u00e9tica.<\/p>\n","protected":false},"author":1,"featured_media":24515,"comment_status":"open","ping_status":"open","sticky":false,"template":"","format":"standard","meta":{"footnotes":""},"categories":[243],"tags":[],"class_list":["post-24514","post","type-post","status-publish","format-standard","has-post-thumbnail","hentry","category-noticias-zamora"],"_links":{"self":[{"href":"https:\/\/www.elamazonico.com\/portal\/wp-json\/wp\/v2\/posts\/24514","targetHints":{"allow":["GET"]}}],"collection":[{"href":"https:\/\/www.elamazonico.com\/portal\/wp-json\/wp\/v2\/posts"}],"about":[{"href":"https:\/\/www.elamazonico.com\/portal\/wp-json\/wp\/v2\/types\/post"}],"author":[{"embeddable":true,"href":"https:\/\/www.elamazonico.com\/portal\/wp-json\/wp\/v2\/users\/1"}],"replies":[{"embeddable":true,"href":"https:\/\/www.elamazonico.com\/portal\/wp-json\/wp\/v2\/comments?post=24514"}],"version-history":[{"count":1,"href":"https:\/\/www.elamazonico.com\/portal\/wp-json\/wp\/v2\/posts\/24514\/revisions"}],"predecessor-version":[{"id":24516,"href":"https:\/\/www.elamazonico.com\/portal\/wp-json\/wp\/v2\/posts\/24514\/revisions\/24516"}],"wp:featuredmedia":[{"embeddable":true,"href":"https:\/\/www.elamazonico.com\/portal\/wp-json\/wp\/v2\/media\/24515"}],"wp:attachment":[{"href":"https:\/\/www.elamazonico.com\/portal\/wp-json\/wp\/v2\/media?parent=24514"}],"wp:term":[{"taxonomy":"category","embeddable":true,"href":"https:\/\/www.elamazonico.com\/portal\/wp-json\/wp\/v2\/categories?post=24514"},{"taxonomy":"post_tag","embeddable":true,"href":"https:\/\/www.elamazonico.com\/portal\/wp-json\/wp\/v2\/tags?post=24514"}],"curies":[{"name":"wp","href":"https:\/\/api.w.org\/{rel}","templated":true}]}}