{"id":24508,"date":"2025-06-25T15:04:52","date_gmt":"2025-06-25T20:04:52","guid":{"rendered":"https:\/\/www.elamazonico.com\/portal\/?p=24508"},"modified":"2025-06-25T15:04:52","modified_gmt":"2025-06-25T20:04:52","slug":"comandante-willy-sera-encerrado-en-la-nueva-carcel-de-maxima-seguridad-en-ecuador-tras-extradicion-de-espana","status":"publish","type":"post","link":"https:\/\/www.elamazonico.com\/portal\/comandante-willy-sera-encerrado-en-la-nueva-carcel-de-maxima-seguridad-en-ecuador-tras-extradicion-de-espana\/","title":{"rendered":"\u2018Comandante Willy\u2019 ser\u00e1 encerrado en la nueva c\u00e1rcel de m\u00e1xima seguridad en Ecuador, tras extradici\u00f3n de Espa\u00f1a"},"content":{"rendered":"<div class=\"paragraph texto\">\n<p class=\"p_0\"><b>William Joffre Alc\u00edvar Bautista<\/b>, alias &#8216;<b><a href=\"https:\/\/www.vistazo.com\/cronologia\/-\/meta\/comandante-willy\" target=\"_blank\" rel=\"noopener noreferrer\">Comandante Willy<\/a><\/b>&#8216; y se\u00f1alado como cabecilla de la organizaci\u00f3n criminal\u00a0<b>Los Tiguerones<\/b>, ser\u00e1 recluido en la\u00a0<u>nueva c\u00e1rcel para personas de alta peligrosidad<\/u>\u00a0que se construye en la provincia de\u00a0<b>Santa Elena<\/b>. As\u00ed lo anunci\u00f3 este mi\u00e9rcoles el ministro del Interior,\u00a0<b>John Reimberg<\/b>, tras conocerse que la Audiencia Nacional de\u00a0<b>Espa\u00f1a\u00a0<\/b>accedi\u00f3 a su<b>\u00a0extradici\u00f3n<\/b>\u00a0a Ecuador.<\/p>\n<p class=\"p_2\">\u00ab<u>Estamos en Ecuador listos para recibirlo. Yo creo que va a ser uno de los primeros usuarios de la nueva c\u00e1rcel<\/u>, as\u00ed que estamos esperando a que se fije fecha, eso va a tomar un poco de tiempo, pero me parece positivo que venga a cumplir sus penas ac\u00e1 en Ecuador\u00bb, dijo el ministro.<\/p>\n<p class=\"p_3\">Seg\u00fan Reimberg, la c\u00e1rcel que construyen en la provincia de Santa Elena estar\u00e1 lista antes de fin de a\u00f1o, y estar\u00e1 destinada \u00aba las personas de mayor peligrosidad\u00bb.<\/p>\n<div>\n<div class=\"trv-player-container\">\n<div class=\"trv-wrapper\">\n<div id=\"br_video_player_a5d907c1122676441ed9b14019c3ad5a7a4d6079\" class=\"trvd_video_player trvdfloater trv-right\">\n<div class=\"media-player\">\n<div class=\"trv-video\">\n<div id=\"truvid_ima_container56965\" class=\"truvid_ima_container\"><\/div>\n<\/div>\n<div class=\"video-overlay\">\u00abEse es el lugar donde vamos a trasladar a todos los PPLs (personas privadas de la libertad) que tienen alto riesgo, que son de alta peligrosidad\u00bb, explic\u00f3 al comentar sobre la situaci\u00f3n de Alc\u00edvar Bautista, acusado del asalto armado en <b>TC Televisi\u00f3n<\/b>.<\/div>\n<\/div>\n<\/div>\n<\/div>\n<\/div>\n<\/div>\n<p class=\"p_5\">\u00ab<u>No quiere volver a Ecuador porque dice que lo van a matar, pues bueno, tendr\u00e1 que venir al Ecuador. Ac\u00e1, el deber nuestro, por supuesto, ser\u00e1 garantizar la vida de \u00e9l<\/u>\u00ab, a\u00f1adi\u00f3 Reimberg al aseverar que se tomar\u00e1n \u00ablas medidas pertinentes para que \u00e9l pueda cumplir sus sentencias sin que nadie atente contra \u00e9l\u00bb.<\/p>\n<p class=\"p_6\">Esta prisi\u00f3n, bautizada por el presidente\u00a0<b>Daniel Noboa<\/b>\u00a0como la &#8216;<b>C\u00e1rcel del Encuentro<\/b>&#8216; en coincidencia con el nombre de la trama de corrupci\u00f3n que catapult\u00f3 la precipitada salida del poder de su predecesor Guillermo Lasso, comenz\u00f3 a construirse en junio de 2024 con un presupuesto de 52 millones de d\u00f3lares, a cargo del grupo espa\u00f1ol Puentes, controlado por la empresa estatal China Road and Bridge Corporation.<\/p>\n<p class=\"p_7\">La construcci\u00f3n, que tendr\u00e1\u00a0<u>capacidad para entre 700 y 800 presos<\/u>, se realiza en un paraje inh\u00f3spito de la provincia de Santa Elena con el objetivo de que su poblaci\u00f3n penitenciaria est\u00e9 lo m\u00e1s aislada posible.<\/p>\n<\/div>\n<h2 class=\"h2vistazo\">Extradici\u00f3n bajo condici\u00f3n<\/h2>\n<div class=\"paragraph texto\">\n<p class=\"p_8\">En un auto conocido el martes, la Audiencia Nacional de Espa\u00f1a\u00a0<b>condiciona\u00a0<\/b>la entrega del ecuatoriano a que, en el plazo de\u00a0<b>tres meses<\/b>, Ecuador\u00a0<b>garantice\u00a0<\/b>de forma efectiva el derecho a la vida y la integridad personal del procesado.<\/p>\n<p class=\"p_9\">El auto se\u00f1ala que, conforme a la legislaci\u00f3n ecuatoriana, los hechos atribuidos a &#8216;Comandante Willy&#8217; ser\u00edan constitutivos de un delito de\u00a0<b>terrorismo<\/b>, tipificaci\u00f3n que tambi\u00e9n encuentra correspondencia en el C\u00f3digo Penal espa\u00f1ol. Se le acusa de haber participado en el asalto armado al canal\u00a0<b>TC Televisi\u00f3n<\/b>, en Guayaquil, perpetrado el 9 de enero de 2024.<\/p>\n<p class=\"p_10\">En su resoluci\u00f3n\u00a0<u>el tribunal desestim\u00f3 todos los argumentos planteados por la defensa para oponerse la extradici\u00f3n<\/u>.<\/p>\n<p class=\"p_11\">No obstante, consider\u00f3 que debido a la situaci\u00f3n de\u00a0<b>violencia\u00a0<\/b>en c\u00e1rceles en Ecuador, es necesario exigir unas garant\u00edas para proceder a la entrega.<\/p>\n<p class=\"p_12\">En concreto, la condiciona a que en el plazo de tres meses las autoridades ecuatorianas \u00abpresten garant\u00eda suficiente de haber adoptado las medidas y realizado las acciones concretas indicadas por la\u00a0<b>Comisi\u00f3n Interamericana de Derechos Humanos<\/b> tendentes a garantizar de forma efectiva los derechos a la vida e integridad personal de los reclusos en sus centros penitenciarios\u00bb.<strong> Fuente: Vistazo<\/strong><\/p>\n<\/div>\n","protected":false},"excerpt":{"rendered":"<p>William Joffre Alc\u00edvar Bautista, alias &#8216;Comandante Willy&#8216; y se\u00f1alado como cabecilla de la organizaci\u00f3n criminal\u00a0Los Tiguerones, ser\u00e1 recluido en la\u00a0nueva c\u00e1rcel para personas de alta peligrosidad\u00a0que se construye en la provincia de\u00a0Santa Elena. As\u00ed lo anunci\u00f3 este mi\u00e9rcoles el ministro del Interior,\u00a0John Reimberg, tras conocerse que la Audiencia Nacional de\u00a0Espa\u00f1a\u00a0accedi\u00f3 a su\u00a0extradici\u00f3n\u00a0a Ecuador. \u00abEstamos en Ecuador listos para recibirlo. Yo creo que va a ser uno de los primeros usuarios de la nueva c\u00e1rcel, as\u00ed que estamos esperando a que se fije fecha, eso va a tomar un poco de tiempo, pero me parece positivo que venga a cumplir sus penas ac\u00e1 en Ecuador\u00bb, dijo el ministro. Seg\u00fan Reimberg, la c\u00e1rcel que construyen en la provincia de Santa Elena estar\u00e1 lista antes de fin de a\u00f1o, y estar\u00e1 destinada \u00aba las personas de mayor peligrosidad\u00bb. \u00abEse es el lugar donde vamos a trasladar a todos los PPLs (personas privadas de la libertad) que tienen alto riesgo, que son de alta peligrosidad\u00bb, explic\u00f3 al comentar sobre la situaci\u00f3n de Alc\u00edvar Bautista, acusado del asalto armado en TC Televisi\u00f3n. \u00abNo quiere volver a Ecuador porque dice que lo van a matar, pues bueno, tendr\u00e1 que venir al Ecuador. Ac\u00e1, el deber nuestro, por supuesto, ser\u00e1 garantizar la vida de \u00e9l\u00ab, a\u00f1adi\u00f3 Reimberg al aseverar que se tomar\u00e1n \u00ablas medidas pertinentes para que \u00e9l pueda cumplir sus sentencias sin que nadie atente contra \u00e9l\u00bb. Esta prisi\u00f3n, bautizada por el presidente\u00a0Daniel Noboa\u00a0como la &#8216;C\u00e1rcel del Encuentro&#8216; en coincidencia con el nombre de la trama de corrupci\u00f3n que catapult\u00f3 la precipitada salida del poder de su predecesor Guillermo Lasso, comenz\u00f3 a construirse en junio de 2024 con un presupuesto de 52 millones de d\u00f3lares, a cargo del grupo espa\u00f1ol Puentes, controlado por la empresa estatal China Road and Bridge Corporation. La construcci\u00f3n, que tendr\u00e1\u00a0capacidad para entre 700 y 800 presos, se realiza en un paraje inh\u00f3spito de la provincia de Santa Elena con el objetivo de que su poblaci\u00f3n penitenciaria est\u00e9 lo m\u00e1s aislada posible. Extradici\u00f3n bajo condici\u00f3n En un auto conocido el martes, la Audiencia Nacional de Espa\u00f1a\u00a0condiciona\u00a0la entrega del ecuatoriano a que, en el plazo de\u00a0tres meses, Ecuador\u00a0garantice\u00a0de forma efectiva el derecho a la vida y la integridad personal del procesado. El auto se\u00f1ala que, conforme a la legislaci\u00f3n ecuatoriana, los hechos atribuidos a &#8216;Comandante Willy&#8217; ser\u00edan constitutivos de un delito de\u00a0terrorismo, tipificaci\u00f3n que tambi\u00e9n encuentra correspondencia en el C\u00f3digo Penal espa\u00f1ol. Se le acusa de haber participado en el asalto armado al canal\u00a0TC Televisi\u00f3n, en Guayaquil, perpetrado el 9 de enero de 2024. En su resoluci\u00f3n\u00a0el tribunal desestim\u00f3 todos los argumentos planteados por la defensa para oponerse la extradici\u00f3n. No obstante, consider\u00f3 que debido a la situaci\u00f3n de\u00a0violencia\u00a0en c\u00e1rceles en Ecuador, es necesario exigir unas garant\u00edas para proceder a la entrega. En concreto, la condiciona a que en el plazo de tres meses las autoridades ecuatorianas \u00abpresten garant\u00eda suficiente de haber adoptado las medidas y realizado las acciones concretas indicadas por la\u00a0Comisi\u00f3n Interamericana de Derechos Humanos tendentes a garantizar de forma efectiva los derechos a la vida e integridad personal de los reclusos en sus centros penitenciarios\u00bb. Fuente: Vistazo<\/p>\n","protected":false},"author":1,"featured_media":24509,"comment_status":"open","ping_status":"open","sticky":false,"template":"","format":"standard","meta":{"footnotes":""},"categories":[268],"tags":[],"class_list":["post-24508","post","type-post","status-publish","format-standard","has-post-thumbnail","hentry","category-nacionales"],"_links":{"self":[{"href":"https:\/\/www.elamazonico.com\/portal\/wp-json\/wp\/v2\/posts\/24508","targetHints":{"allow":["GET"]}}],"collection":[{"href":"https:\/\/www.elamazonico.com\/portal\/wp-json\/wp\/v2\/posts"}],"about":[{"href":"https:\/\/www.elamazonico.com\/portal\/wp-json\/wp\/v2\/types\/post"}],"author":[{"embeddable":true,"href":"https:\/\/www.elamazonico.com\/portal\/wp-json\/wp\/v2\/users\/1"}],"replies":[{"embeddable":true,"href":"https:\/\/www.elamazonico.com\/portal\/wp-json\/wp\/v2\/comments?post=24508"}],"version-history":[{"count":1,"href":"https:\/\/www.elamazonico.com\/portal\/wp-json\/wp\/v2\/posts\/24508\/revisions"}],"predecessor-version":[{"id":24510,"href":"https:\/\/www.elamazonico.com\/portal\/wp-json\/wp\/v2\/posts\/24508\/revisions\/24510"}],"wp:featuredmedia":[{"embeddable":true,"href":"https:\/\/www.elamazonico.com\/portal\/wp-json\/wp\/v2\/media\/24509"}],"wp:attachment":[{"href":"https:\/\/www.elamazonico.com\/portal\/wp-json\/wp\/v2\/media?parent=24508"}],"wp:term":[{"taxonomy":"category","embeddable":true,"href":"https:\/\/www.elamazonico.com\/portal\/wp-json\/wp\/v2\/categories?post=24508"},{"taxonomy":"post_tag","embeddable":true,"href":"https:\/\/www.elamazonico.com\/portal\/wp-json\/wp\/v2\/tags?post=24508"}],"curies":[{"name":"wp","href":"https:\/\/api.w.org\/{rel}","templated":true}]}}