{"id":24505,"date":"2025-06-25T14:27:02","date_gmt":"2025-06-25T19:27:02","guid":{"rendered":"https:\/\/www.elamazonico.com\/portal\/?p=24505"},"modified":"2025-06-25T14:27:02","modified_gmt":"2025-06-25T19:27:02","slug":"en-ecuador-los-ninos-se-vinculan-a-las-bandas-criminales-desde-los-10-anos","status":"publish","type":"post","link":"https:\/\/www.elamazonico.com\/portal\/en-ecuador-los-ninos-se-vinculan-a-las-bandas-criminales-desde-los-10-anos\/","title":{"rendered":"En Ecuador los ni\u00f1os se vinculan a las bandas criminales desde los 10 a\u00f1os"},"content":{"rendered":"<div class=\"paragraph texto\">\n<p class=\"p_0\"><b>Un revelador estudio, que es presenta hoy en Quito en el marco de un seminario internacional, muestra que muchos ni\u00f1os, ni\u00f1as y j\u00f3venes se vinculan voluntariamente a las\u00a0<a href=\"https:\/\/www.vistazo.com\/busquedas\/-\/search\/bandas%20criminales\/false\/false\/19830625\/20250625\/date\/true\/true\/0\/0\/meta\/0\/0\/0\/1\">organizaciones delictivas<\/a>, impulsados por un \u201csentimiento de pertenencia, lealtad y protecci\u00f3n en contextos de precariedad econ\u00f3mica, exclusi\u00f3n educativa y falta de oportunidades\u201d.<\/b><\/p>\n<p class=\"p_1\">El informe fue preparado por un equipo multidisciplinario de expertos;\u00a0<b>encuest\u00f3 a 3.000 ni\u00f1os y j\u00f3venes<\/b>\u00a0de nueve ciudades costeras. El ocho por ciento de entrevistados\u00a0<b>admiti\u00f3 pertenecer a un grupo criminal.<\/b><\/p>\n<p class=\"p_3\">\u201cSal\u00ed de Esmeraldas cuando ten\u00eda 13 a\u00f1os. Estaba en el colegio y los chicos de una banda esperaban a la salida, para\u00a0<b>escoger novia<\/b>. Bueno, lo de novia es un decir. Escog\u00edan la chica para la farra del fin de semana\u201d.\u00a0<b>Dom\u00e9nica vive en Quito\u00a0<\/b>desde hace seis a\u00f1os. Sus hermanos mayores, que residen fuera del pa\u00eds, supieron que estaba en peligro cuando la mejor amiga de ella fue\u00a0<b>escogida como pareja de un \u2018duro\u2019<\/b>.<\/p>\n<div class=\"Center2Display\">\n<div id=\"Center2\" data-google-query-id=\"COaBgMOmjY4DFXrllAkdpFEszg\">\n<div id=\"google_ads_iframe_\/21839199781\/Vistazo\/Vistazo_Center2_0__container__\">Lejos de su casa, le cost\u00f3 acostumbrarse al fr\u00edo, a las distancias y al trato de la gente, que es \u2018m\u00e1s helada que el clima\u2019. Dom\u00e9nica empez\u00f3 a estudiar a distancia y a\u00fan <b>no termina la secundaria<\/b>. Pero cree que salir fue la mejor decisi\u00f3n y agradece a sus hermanos. No se imagina qu\u00e9 hubiera ocurrido con su vida, si permanec\u00eda ah\u00ed. Su amiga\u00a0<b>empez\u00f3 a consumir licor y drogas<\/b>\u00a0en las fiestas interminables. Se volvi\u00f3 una \u2018polilla\u2019, una consumidora que hace cualquier tarea que le encomiende el ex \u2018novio\u2019, con tal de acceder a su\u00a0<b>dosis diaria<\/b>. Ahora sabe de ni\u00f1as, \u201cpeladitas todav\u00eda\u201d, que siguen el mismo camino.<\/div>\n<\/div>\n<\/div>\n<p class=\"p_5\">La<b>\u00a0vinculaci\u00f3n de ni\u00f1os<\/b>, ni\u00f1as y adolescentes a los grupos criminales es un fen\u00f3meno inquietante en el pa\u00eds, agravado desde 2019.<\/p>\n<p class=\"p_6\">Un equipo multidisciplinario de expertos y organizaciones sum\u00f3 esfuerzos para mapear el problema. El resultado es un informe con impactantes hallazgos, que se presenta hoy en Quito, en el contexto de un seminario internacional el cual apunta a identificar estrategias de prevenci\u00f3n.<\/p>\n<p class=\"p_8\">El estudio fue elaborado en forma conjunta por investigadores de la Fundaci\u00f3n Panamericana para el Desarrollo (PADF por sus siglas en ingl\u00e9s); el\u00a0<b>Observatorio Ecuatoriano del Crimen Organizado<\/b>\u00a0(OECO); el aval acad\u00e9mico de la Facultad Latinoamericana de Ciencias Sociales (Flacso) y el programa Comunidades Seguras. La iniciativa cont\u00f3 con el apoyo de la<b>\u00a0Oficina de Asuntos Antinarc\u00f3ticos<\/b>\u00a0y Aplicaci\u00f3n de la Ley (INL) de la\u00a0<b>Embajada de los Estados Unidos\u00a0<\/b>en Ecuador.<\/p>\n<\/div>\n<div class=\"html_text\"><iframe id=\"datawrapper-chart-a1Gk7\" title=\"As\u00ed son reclutados los ni\u00f1os y j\u00f3venes por las bandas crimianales\" src=\"https:\/\/datawrapper.dwcdn.net\/a1Gk7\/1\/\" height=\"344\" frameborder=\"0\" scrolling=\"no\" aria-label=\"Table\" data-external=\"1\" data-mce-fragment=\"1\"><\/iframe><\/div>\n<h2 class=\"h2vistazo\">El problema se agrava con el poder territorial de las bandas criminales<\/h2>\n<div class=\"paragraph texto\">\n<p class=\"p_9\">A partir de 2019, en el marco de una profunda y sostenida crisis penitenciaria, \u201cemergieron nuevas bandas criminales que han incrementado progresivamente su poder mediante el control territorial,\u00a0<b>la violencia, la extorsi\u00f3n, el tr\u00e1fico de drogas y el secuestro<\/b>, especialmente en ciudades costeras del pa\u00eds\u201d, advierte el documento.<\/p>\n<p class=\"p_10\">Y aclara que la expansi\u00f3n se produjo en el marco del\u00a0<b>deterioro de indicadores sociales y de desarrollo<\/b>\u00a0del pa\u00eds. Cita el dato seg\u00fan el cual unos\u00a0<b>500 mil j\u00f3venes de entre 15 y 24 a\u00f1os no estudian ni trabajan<\/b>. En este contexto, las organizaciones criminales han ocupado los espacios abandonados por el sistema educativo, que ha excluido a m\u00e1s de 250 mil j\u00f3venes. De ellos, m\u00e1s de la mitad, de entre 15 y 17 a\u00f1os, no expresan inter\u00e9s en reincorporarse al sistema formal, seg\u00fan datos de UNICEF, de 2021, mencionados en la investigaci\u00f3n, cuyo t\u00edtulo es\u00a0<u>\u201cEstudio de Caracterizaci\u00f3n sobre la Vinculaci\u00f3n de Ni\u00f1os, Ni\u00f1as y Adolescentes a Organizaciones Criminales en Ecuador\u201d.<\/u><\/p>\n<p class=\"p_11\">Seg\u00fan datos del Observatorio Ecuatoriano de Crimen Organizado (OECO), de 2024, entre 2019 y 2022 los\u00a0<b>homicidios intencionales<\/b>\u00a0de ni\u00f1os, ni\u00f1as y j\u00f3venes,\u00a0<b>\u201caumentaron en un 640 por ciento\u201d<\/b>. El 87 por ciento se cometi\u00f3 con armas de fuego. Las cifras se incluyen en el estudio.<\/p>\n<p class=\"p_13\">Si bien en 2024 hubo una reducci\u00f3n general del 15 por ciento en la cifra de homicidios a nivel nacional, dice el documento, en el grupo etario de 0 a 17 a\u00f1os el n\u00famero de homicidios subi\u00f3 en 8 por ciento respecto del a\u00f1o anterior.<\/p>\n<\/div>\n<div class=\"html_text\"><iframe id=\"datawrapper-chart-xNJmo\" title=\"Por qu\u00e9 red social le ubicaron para ser parte de la banda criminal\" src=\"https:\/\/datawrapper.dwcdn.net\/xNJmo\/1\/\" height=\"416\" frameborder=\"0\" scrolling=\"no\" aria-label=\"Table\" data-external=\"1\" data-mce-fragment=\"1\"><\/iframe><\/div>\n<h2 class=\"h2vistazo\">Nueve ciudades de la costa ecuatoriana<\/h2>\n<div class=\"paragraph texto\">\n<p class=\"p_14\">Nueve ciudades del litoral ecuatoriano fueron incluidas en la investigaci\u00f3n, expuesta en el contexto del seminario internacional Seminario \u201cCrimen Organizado, Din\u00e1micas de Vinculaci\u00f3n de Ni\u00f1ez y Juventud a Grupos Criminales y Estrategias de Prevenci\u00f3n\u201d.<\/p>\n<p class=\"p_15\"><u>Las ciudades son: Manta, Portoviejo, Machala, Babahoyo, Quevedo, Esmeraldas, Santa Elena, Guayaquil y Dur\u00e1n.\u00a0<\/u>Los investigadores usaron una estrategia metodol\u00f3gica mixta, que us\u00f3 t\u00e9cnicas cuantitativas y cualitativas, se enfocaron en ni\u00f1os, ni\u00f1as y adolescentes de entre 12 y 17 a\u00f1os.<\/p>\n<p class=\"p_17\">Son nueve los principales hallazgos de este proceso. El que m\u00e1s llama la atenci\u00f3n: los n<b>uevos integrantes de bandas\u00a0<\/b>se vinculan motivados por incentivos, antes que por la fuerza o coerci\u00f3n. Y entre los atractivos se incluyen;\u00a0<u>el pago de recompensas (factores econ\u00f3micos); las presiones ejercidas por el c\u00edrculo social (sean amigos o familia); y, la imitaci\u00f3n de conductas y estereotipos propios del grupo,\u00a0<\/u>advierte el documento.<\/p>\n<p class=\"p_18\">Grupos como\u00a0<b>Los Lobos y Los Choneros<\/b>\u00a0ofrecen incentivos econ\u00f3micos como mecanismo de captaci\u00f3n de nuevos miembros, seg\u00fan el hallazgo. En tanto, Los Tiguerones y los Chone Killers usan estrategias de presi\u00f3n grupal.<\/p>\n<p class=\"p_19\">Seg\u00fan la investigaci\u00f3n, los nuevos miembros pueden tener inclusive\u00a0<b>diez a\u00f1os de edad<\/b>.<\/p>\n<p class=\"p_20\">Los nuevos miembros buscan \u201cel sentido de pertenencia y admiraci\u00f3n hacia el colectivo, la protecci\u00f3n brindada\u201d, buscan respuestas frente a \u201c<b>la precariedad derivada de la pobreza<\/b>\u00a0y la desigualdad social\u201d. En cambio, la motivaci\u00f3n para los grupos criminales \u201ces la instrumentalizaci\u00f3n de los menores por su inimputabilidad\u201d.<\/p>\n<p class=\"p_21\">El ejercicio investigativo incluy\u00f3 encuestas a casi 3.000 ni\u00f1os y j\u00f3venes.\u00a0<b>El ocho por ciento acept\u00f3 pertenecer a una banda<\/b>. M\u00e1s de una quinta parte de los encuestados afirm\u00f3 que encontr\u00f3 un sentimiento de importancia y respeto. Y el 11 por ciento mencion\u00f3 que se uni\u00f3 por su deseo de abandonar su hogar.<\/p>\n<p class=\"p_22\">M\u00e1s de la mitad de encuestados (51 por ciento) afirm\u00f3 que hay presencia de bandas criminales en su sector o barrio. Por tanto, cinco de cada diez est\u00e1n expuestos a estos grupos, cita el documento. En Santa Elena y Dur\u00e1n la percepci\u00f3n es m\u00e1s alta, de 77 y 75 por ciento.\u00a0<u>En Guayaquil el 70 por ciento de encuestados refiri\u00f3 que hay grupos criminales en su zona de vivienda.<\/u><\/p>\n<p class=\"p_23\">Seg\u00fan el 31 por ciento de los encuestados,<b>\u00a0el principal canal<\/b>\u00a0para vincularse y enrolarse\u00a0<b>es la plataforma WhatsApp<\/b>, seg\u00fan el estudio.<\/p>\n<p class=\"p_25\">Casi el 28 por ciento de los encuestados afirm\u00f3 que conoc\u00eda a un miembro de bandas criminales. En Esmeraldas, una cuarta parte de encuestados reconoci\u00f3 que u<b>no de sus familiares directos es miembro de una banda.<\/b><\/p>\n<\/div>\n<h2 class=\"h2vistazo\">Qu\u00e9 papel juega el entorno<\/h2>\n<div class=\"paragraph texto\">\n<p class=\"p_26\">El estudio explor\u00f3 el entorno territorial de los encuestados. Hay novedades. Surgen indicios de que los\u00a0<b>grupos violentos controlan<\/b>\u00a0los desplazamientos de la poblaci\u00f3n,<b>\u00a0regulan la vida cotidiana<\/b>\u00a0y resuelven\u00a0<b>conflictos entre los vecinos<\/b>. Pero m\u00e1s grave a\u00fan. Ciertos testimonios, recogidos en la fase cualitativa de la investigaci\u00f3n, mencionan que si una persona es de un barrio controlado por un grupo violento, por ejemplos los \u00c1guilas, debe tener un\u00a0<b>c\u00f3digo de vestimenta<\/b>, por ejemplo un tipo de calzado. Si esa persona se desplaza a otro sector, controlado por otra organizaci\u00f3n criminal, su integridad puede estar en peligro.<\/p>\n<p class=\"p_27\">El documento establece que el contexto familiar tampoco puede ser ignorado en un intento por abordar el fen\u00f3meno desde la pol\u00edtica p\u00fablica.\u00a0<b>La pobreza es un factor que contribuye a la vinculaci\u00f3n<\/b>\u00a0con grupos delictivos. \u201cEn contextos marcados por altos niveles de violencia,\u00a0<b>el abandono del hogar<\/b>, forzado o voluntario, es a\u00fan m\u00e1s determinante\u201d.<\/p>\n<p class=\"p_28\">La familia juega un papel determinante en la prevenci\u00f3n de la vinculaci\u00f3n de los j\u00f3venes a grupos criminales.<\/p>\n<p class=\"p_29\">\u00bfQu\u00e9 pasa con la escuela? El resultado del estudio es alarmante. Entre el 10 y el 25 por ciento de los chicos encuestados dijo que se sent\u00eda insatisfecho con su escuela.\u00a0<b>Los ni\u00f1os \u201cse sienten inseguros en las escuelas\u201d<\/b>, han sido testigos de intimidaci\u00f3n y violencia. Enfrentamientos de grupos, amenazas de bomba, vacunas, extorsiones y muerte de sus compa\u00f1eros. Todos ellos han ocurrido en los centros de estudio, seg\u00fan relataron los j\u00f3venes. <strong>Fuente: Vistazo<\/strong><\/p>\n<\/div>\n","protected":false},"excerpt":{"rendered":"<p>Un revelador estudio, que es presenta hoy en Quito en el marco de un seminario internacional, muestra que muchos ni\u00f1os, ni\u00f1as y j\u00f3venes se vinculan voluntariamente a las\u00a0organizaciones delictivas, impulsados por un \u201csentimiento de pertenencia, lealtad y protecci\u00f3n en contextos de precariedad econ\u00f3mica, exclusi\u00f3n educativa y falta de oportunidades\u201d. El informe fue preparado por un equipo multidisciplinario de expertos;\u00a0encuest\u00f3 a 3.000 ni\u00f1os y j\u00f3venes\u00a0de nueve ciudades costeras. El ocho por ciento de entrevistados\u00a0admiti\u00f3 pertenecer a un grupo criminal. \u201cSal\u00ed de Esmeraldas cuando ten\u00eda 13 a\u00f1os. Estaba en el colegio y los chicos de una banda esperaban a la salida, para\u00a0escoger novia. Bueno, lo de novia es un decir. Escog\u00edan la chica para la farra del fin de semana\u201d.\u00a0Dom\u00e9nica vive en Quito\u00a0desde hace seis a\u00f1os. Sus hermanos mayores, que residen fuera del pa\u00eds, supieron que estaba en peligro cuando la mejor amiga de ella fue\u00a0escogida como pareja de un \u2018duro\u2019. Lejos de su casa, le cost\u00f3 acostumbrarse al fr\u00edo, a las distancias y al trato de la gente, que es \u2018m\u00e1s helada que el clima\u2019. Dom\u00e9nica empez\u00f3 a estudiar a distancia y a\u00fan no termina la secundaria. Pero cree que salir fue la mejor decisi\u00f3n y agradece a sus hermanos. No se imagina qu\u00e9 hubiera ocurrido con su vida, si permanec\u00eda ah\u00ed. Su amiga\u00a0empez\u00f3 a consumir licor y drogas\u00a0en las fiestas interminables. Se volvi\u00f3 una \u2018polilla\u2019, una consumidora que hace cualquier tarea que le encomiende el ex \u2018novio\u2019, con tal de acceder a su\u00a0dosis diaria. Ahora sabe de ni\u00f1as, \u201cpeladitas todav\u00eda\u201d, que siguen el mismo camino. La\u00a0vinculaci\u00f3n de ni\u00f1os, ni\u00f1as y adolescentes a los grupos criminales es un fen\u00f3meno inquietante en el pa\u00eds, agravado desde 2019. Un equipo multidisciplinario de expertos y organizaciones sum\u00f3 esfuerzos para mapear el problema. El resultado es un informe con impactantes hallazgos, que se presenta hoy en Quito, en el contexto de un seminario internacional el cual apunta a identificar estrategias de prevenci\u00f3n. El estudio fue elaborado en forma conjunta por investigadores de la Fundaci\u00f3n Panamericana para el Desarrollo (PADF por sus siglas en ingl\u00e9s); el\u00a0Observatorio Ecuatoriano del Crimen Organizado\u00a0(OECO); el aval acad\u00e9mico de la Facultad Latinoamericana de Ciencias Sociales (Flacso) y el programa Comunidades Seguras. La iniciativa cont\u00f3 con el apoyo de la\u00a0Oficina de Asuntos Antinarc\u00f3ticos\u00a0y Aplicaci\u00f3n de la Ley (INL) de la\u00a0Embajada de los Estados Unidos\u00a0en Ecuador. El problema se agrava con el poder territorial de las bandas criminales A partir de 2019, en el marco de una profunda y sostenida crisis penitenciaria, \u201cemergieron nuevas bandas criminales que han incrementado progresivamente su poder mediante el control territorial,\u00a0la violencia, la extorsi\u00f3n, el tr\u00e1fico de drogas y el secuestro, especialmente en ciudades costeras del pa\u00eds\u201d, advierte el documento. Y aclara que la expansi\u00f3n se produjo en el marco del\u00a0deterioro de indicadores sociales y de desarrollo\u00a0del pa\u00eds. Cita el dato seg\u00fan el cual unos\u00a0500 mil j\u00f3venes de entre 15 y 24 a\u00f1os no estudian ni trabajan. En este contexto, las organizaciones criminales han ocupado los espacios abandonados por el sistema educativo, que ha excluido a m\u00e1s de 250 mil j\u00f3venes. De ellos, m\u00e1s de la mitad, de entre 15 y 17 a\u00f1os, no expresan inter\u00e9s en reincorporarse al sistema formal, seg\u00fan datos de UNICEF, de 2021, mencionados en la investigaci\u00f3n, cuyo t\u00edtulo es\u00a0\u201cEstudio de Caracterizaci\u00f3n sobre la Vinculaci\u00f3n de Ni\u00f1os, Ni\u00f1as y Adolescentes a Organizaciones Criminales en Ecuador\u201d. Seg\u00fan datos del Observatorio Ecuatoriano de Crimen Organizado (OECO), de 2024, entre 2019 y 2022 los\u00a0homicidios intencionales\u00a0de ni\u00f1os, ni\u00f1as y j\u00f3venes,\u00a0\u201caumentaron en un 640 por ciento\u201d. El 87 por ciento se cometi\u00f3 con armas de fuego. Las cifras se incluyen en el estudio. Si bien en 2024 hubo una reducci\u00f3n general del 15 por ciento en la cifra de homicidios a nivel nacional, dice el documento, en el grupo etario de 0 a 17 a\u00f1os el n\u00famero de homicidios subi\u00f3 en 8 por ciento respecto del a\u00f1o anterior. Nueve ciudades de la costa ecuatoriana Nueve ciudades del litoral ecuatoriano fueron incluidas en la investigaci\u00f3n, expuesta en el contexto del seminario internacional Seminario \u201cCrimen Organizado, Din\u00e1micas de Vinculaci\u00f3n de Ni\u00f1ez y Juventud a Grupos Criminales y Estrategias de Prevenci\u00f3n\u201d. Las ciudades son: Manta, Portoviejo, Machala, Babahoyo, Quevedo, Esmeraldas, Santa Elena, Guayaquil y Dur\u00e1n.\u00a0Los investigadores usaron una estrategia metodol\u00f3gica mixta, que us\u00f3 t\u00e9cnicas cuantitativas y cualitativas, se enfocaron en ni\u00f1os, ni\u00f1as y adolescentes de entre 12 y 17 a\u00f1os. Son nueve los principales hallazgos de este proceso. El que m\u00e1s llama la atenci\u00f3n: los nuevos integrantes de bandas\u00a0se vinculan motivados por incentivos, antes que por la fuerza o coerci\u00f3n. Y entre los atractivos se incluyen;\u00a0el pago de recompensas (factores econ\u00f3micos); las presiones ejercidas por el c\u00edrculo social (sean amigos o familia); y, la imitaci\u00f3n de conductas y estereotipos propios del grupo,\u00a0advierte el documento. Grupos como\u00a0Los Lobos y Los Choneros\u00a0ofrecen incentivos econ\u00f3micos como mecanismo de captaci\u00f3n de nuevos miembros, seg\u00fan el hallazgo. En tanto, Los Tiguerones y los Chone Killers usan estrategias de presi\u00f3n grupal. Seg\u00fan la investigaci\u00f3n, los nuevos miembros pueden tener inclusive\u00a0diez a\u00f1os de edad. Los nuevos miembros buscan \u201cel sentido de pertenencia y admiraci\u00f3n hacia el colectivo, la protecci\u00f3n brindada\u201d, buscan respuestas frente a \u201cla precariedad derivada de la pobreza\u00a0y la desigualdad social\u201d. En cambio, la motivaci\u00f3n para los grupos criminales \u201ces la instrumentalizaci\u00f3n de los menores por su inimputabilidad\u201d. El ejercicio investigativo incluy\u00f3 encuestas a casi 3.000 ni\u00f1os y j\u00f3venes.\u00a0El ocho por ciento acept\u00f3 pertenecer a una banda. M\u00e1s de una quinta parte de los encuestados afirm\u00f3 que encontr\u00f3 un sentimiento de importancia y respeto. Y el 11 por ciento mencion\u00f3 que se uni\u00f3 por su deseo de abandonar su hogar. M\u00e1s de la mitad de encuestados (51 por ciento) afirm\u00f3 que hay presencia de bandas criminales en su sector o barrio. Por tanto, cinco de cada diez est\u00e1n expuestos a estos grupos, cita el documento. En Santa Elena y Dur\u00e1n la percepci\u00f3n es m\u00e1s alta, de 77 y 75 por ciento.\u00a0En Guayaquil el 70 por ciento de encuestados refiri\u00f3 que hay grupos criminales en su zona de vivienda. Seg\u00fan el 31 por ciento de los encuestados,\u00a0el<\/p>\n","protected":false},"author":1,"featured_media":24506,"comment_status":"open","ping_status":"open","sticky":false,"template":"","format":"standard","meta":{"footnotes":""},"categories":[268],"tags":[],"class_list":["post-24505","post","type-post","status-publish","format-standard","has-post-thumbnail","hentry","category-nacionales"],"_links":{"self":[{"href":"https:\/\/www.elamazonico.com\/portal\/wp-json\/wp\/v2\/posts\/24505","targetHints":{"allow":["GET"]}}],"collection":[{"href":"https:\/\/www.elamazonico.com\/portal\/wp-json\/wp\/v2\/posts"}],"about":[{"href":"https:\/\/www.elamazonico.com\/portal\/wp-json\/wp\/v2\/types\/post"}],"author":[{"embeddable":true,"href":"https:\/\/www.elamazonico.com\/portal\/wp-json\/wp\/v2\/users\/1"}],"replies":[{"embeddable":true,"href":"https:\/\/www.elamazonico.com\/portal\/wp-json\/wp\/v2\/comments?post=24505"}],"version-history":[{"count":1,"href":"https:\/\/www.elamazonico.com\/portal\/wp-json\/wp\/v2\/posts\/24505\/revisions"}],"predecessor-version":[{"id":24507,"href":"https:\/\/www.elamazonico.com\/portal\/wp-json\/wp\/v2\/posts\/24505\/revisions\/24507"}],"wp:featuredmedia":[{"embeddable":true,"href":"https:\/\/www.elamazonico.com\/portal\/wp-json\/wp\/v2\/media\/24506"}],"wp:attachment":[{"href":"https:\/\/www.elamazonico.com\/portal\/wp-json\/wp\/v2\/media?parent=24505"}],"wp:term":[{"taxonomy":"category","embeddable":true,"href":"https:\/\/www.elamazonico.com\/portal\/wp-json\/wp\/v2\/categories?post=24505"},{"taxonomy":"post_tag","embeddable":true,"href":"https:\/\/www.elamazonico.com\/portal\/wp-json\/wp\/v2\/tags?post=24505"}],"curies":[{"name":"wp","href":"https:\/\/api.w.org\/{rel}","templated":true}]}}