{"id":24502,"date":"2025-06-25T11:35:32","date_gmt":"2025-06-25T16:35:32","guid":{"rendered":"https:\/\/www.elamazonico.com\/portal\/?p=24502"},"modified":"2025-06-25T11:35:32","modified_gmt":"2025-06-25T16:35:32","slug":"ley-de-integridad-publica-ecuador-endurece-penas-para-menores-y-unicef-expresa-su-preocupacion","status":"publish","type":"post","link":"https:\/\/www.elamazonico.com\/portal\/ley-de-integridad-publica-ecuador-endurece-penas-para-menores-y-unicef-expresa-su-preocupacion\/","title":{"rendered":"Ley de Integridad P\u00fablica: Ecuador endurece penas para menores y UNICEF expresa su preocupaci\u00f3n"},"content":{"rendered":"<div class=\"paragraph texto\">\n<p class=\"p_0\"><b>El pleno de la\u00a0<a href=\"https:\/\/www.vistazo.com\/cronologia\/-\/meta\/asamblea-nacional\">Asamblea Nacional<\/a>\u00a0aprob\u00f3 este martes la denominada Ley Org\u00e1nica de Integridad P\u00fablica, entre cuyas medidas establece el endurecimiento de penas contra menores de edad, lo que caus\u00f3 la preocupaci\u00f3n de Unicef, que calific\u00f3 la norma de \u00abreformas regresivas al sistema penal juvenil que afectan gravemente a los adolescentes\u00bb<\/b>.<\/p>\n<p class=\"p_2\">La Ley, impulsada por el presidente\u00a0<b>Daniel Noboa<\/b>, fue aprobada con\u00a0<b>84 votos a favor<\/b>\u00a0de un total de 151 asamble\u00edstas que componen el hemiciclo, frente a 62 votos en contra y 2 abstenciones.<\/p>\n<p class=\"p_3\">El texto aborda<b>\u00a0cuatro ejes<\/b>: la contrataci\u00f3n p\u00fablica; el fortalecimiento institucional del sector p\u00fablico. la gesti\u00f3n p\u00fablica en su conjunto, y la erradicaci\u00f3n de redes delictivas que amenazan a la ni\u00f1ez del pa\u00eds.<\/p>\n<div>\n<div class=\"trv-player-container\">\n<div class=\"trv-wrapper\">\n<div id=\"br_video_player_2d722996cc1fed5c11fab14019c3ad5a7a4d6079\" class=\"trvd_video_player trvdinstream\">\n<div class=\"media-player\">\n<div class=\"trv-overlay\">Es precisamente en este \u00faltimo punto donde <b>se establecen penas de hasta quince a\u00f1os de privaci\u00f3n de libertad<\/b>\u00a0para menores de edad que cometan delitos de gravedad relacionados con el crimen organizado.<\/div>\n<\/div>\n<\/div>\n<\/div>\n<\/div>\n<\/div>\n<p class=\"p_5\">Este planteamiento busca, de acuerdo al Gobierno,\u00a0<b>disuadir a los menores tras haber proliferado el reclutamiento de adolescentes por parte de las bandas criminales<\/b>\u00a0a las que Noboa declar\u00f3 la \u00abguerra\u00bb desde inicios de 2024 para combatir la escalada de violencia criminal en la que est\u00e1 inmerso el pa\u00eds.<\/p>\n<\/div>\n<div class=\"multimediaMacroWrapper img lateral\">\n<figure class=\"contentMedia art-img\">\n<div><img fetchpriority=\"high\" decoding=\"async\" class=\" lazyloaded\" title=\"El proyecto fue calificado como de car\u00e1cter econ\u00f3mico urgente por el presidente de Ecuador, Daniel Noboa.\" src=\"https:\/\/www.vistazo.com\/placeholder\/svg\/viewbox\/768x497\" sizes=\"100vw\" srcset=\"\/\/www.vistazo.com\/binrepository\/768x497\/0c0\/0d0\/none\/12727\/RSLT\/53351973906-4366595fbf-k_2271273_20250624224505.jpg 768w,\/\/www.vistazo.com\/binrepository\/640x414\/0c0\/0d0\/none\/12727\/RSLT\/53351973906-4366595fbf-k_2271273_20250624224505.jpg 640w,\/\/www.vistazo.com\/binrepository\/512x331\/0c0\/0d0\/none\/12727\/RSLP\/53351973906-4366595fbf-k_2271273_20250624224505.jpg 512w,\/\/www.vistazo.com\/binrepository\/384x249\/0c0\/0d0\/none\/12727\/RSLW\/53351973906-4366595fbf-k_2271273_20250624224505.jpg 384w,\/\/www.vistazo.com\/binrepository\/300x194\/0c0\/0d0\/none\/12727\/RSLH\/53351973906-4366595fbf-k_2271273_20250624224505.jpg 300w\" alt=\"$!El proyecto fue calificado como de car\u00e1cter econ\u00f3mico urgente por el presidente de Ecuador, Daniel Noboa.\" width=\"768\" height=\"497\" data-srcset=\"\/\/www.vistazo.com\/binrepository\/768x497\/0c0\/0d0\/none\/12727\/RSLT\/53351973906-4366595fbf-k_2271273_20250624224505.jpg 768w,\/\/www.vistazo.com\/binrepository\/640x414\/0c0\/0d0\/none\/12727\/RSLT\/53351973906-4366595fbf-k_2271273_20250624224505.jpg 640w,\/\/www.vistazo.com\/binrepository\/512x331\/0c0\/0d0\/none\/12727\/RSLP\/53351973906-4366595fbf-k_2271273_20250624224505.jpg 512w,\/\/www.vistazo.com\/binrepository\/384x249\/0c0\/0d0\/none\/12727\/RSLW\/53351973906-4366595fbf-k_2271273_20250624224505.jpg 384w,\/\/www.vistazo.com\/binrepository\/300x194\/0c0\/0d0\/none\/12727\/RSLH\/53351973906-4366595fbf-k_2271273_20250624224505.jpg 300w\" \/><\/div>\n<div class=\"cutline-byline\"><span class=\"cutline-text\">El proyecto fue calificado como de car\u00e1cter econ\u00f3mico urgente por el presidente de Ecuador, Daniel Noboa.<\/span><\/div>\n<\/figure>\n<\/div>\n<div class=\"paragraph texto\">\n<p class=\"p_6\">El a\u00f1o pasado fueron<b>\u00a0m\u00e1s de 3.500 los menores que fueron detenidos<\/b>\u00a0como parte de las acciones de las fuerzas de seguridad contra las bandas criminales, seg\u00fan confirm\u00f3 la pasada semana a EFE el ministro del Interior, John Reimberg.<\/p>\n<\/div>\n<div class=\"paragraph texto\">\n<p class=\"p_7\">En su comunicado, Unicef manifest\u00f3 que \u00abeste tipo de medidas<b>\u00a0no han demostrado ser efectivas para combatir la inseguridad<\/b>, y contravienen la Constituci\u00f3n de la Rep\u00fablica y la Convenci\u00f3n sobre los Derechos del Ni\u00f1o, ratificada por Ecuador\u00bb.<\/p>\n<p class=\"p_8\">\u00abIncluso podr\u00edan\u00a0<b>empeorar la situaci\u00f3n del sistema penitenciario<\/b>\u00a0y afectar posibilidad de reintegraci\u00f3n para los adolescentes\u00bb, apunt\u00f3 el Fondo de las Naciones Unidas para la Infancia.<\/p>\n<\/div>\n<h2 class=\"h2vistazo\">Expulsiones hasta por 40 a\u00f1os<\/h2>\n<div class=\"paragraph texto\">\n<p class=\"p_9\">Esta ley tambi\u00e9n introduce reformas a un total de diecinueve normas ya existentes para establecer cambios como<b>\u00a0la prohibici\u00f3n de retorno al pa\u00eds por el per\u00edodo de 40 a\u00f1os a los extranjeros que hayan sido expulsados de Ecuador<\/b>\u00a0tras cumplir penas por delitos con penas de c\u00e1rcel mayores a cinco a\u00f1os.<\/p>\n<p class=\"p_10\">De incumplir esta disposici\u00f3n,<b>\u00a0el extranjero podr\u00e1 ser declarado como un objetivo militar<\/b>, si persiste el \u00abconflicto armado interno\u00bb declarado por Noboa contra las bandas criminales.<\/p>\n<p class=\"p_11\"><b>Lea tambi\u00e9n |\u00a0<a href=\"https:\/\/www.vistazo.com\/actualidad\/nacional\/2025-06-23-ocho-mujeres-venezolanas-victimas-explotacion-sexual-repatriadas-ecuador-MC9554086\">Ocho mujeres venezolanas v\u00edctimas de explotaci\u00f3n sexual son repatriadas desde Ecuador<\/a><\/b><\/p>\n<p class=\"p_12\">La norma aprobada este martes tambi\u00e9n da al presidente la facultad de\u00a0<b>disolver ciertas instituciones p\u00fablicas<\/b>, as\u00ed como que las cooperativas de cr\u00e9dito y ahorros pasen del sistema de econom\u00eda popular y solidarias al sistema financiero privado.<\/p>\n<p class=\"p_13\">La aprobaci\u00f3n de la llamada<b>\u00a0Ley de Integridad P\u00fablica<\/b>\u00a0cont\u00f3 con<b>\u00a0el rechazo<\/b>\u00a0<b>del corre\u00edsmo<\/b>, principal fuerza opositora a Noboa, que en un comunicado advirti\u00f3 tambi\u00e9n que \u00abeliminaron de un plumazo los derechos laborales conquistados hace a\u00f1os, la estabilidad de funcionarios de carrera, el derecho internacional y convenciones de las que Ecuador es firmante\u00bb.<\/p>\n<\/div>\n","protected":false},"excerpt":{"rendered":"<p>El pleno de la\u00a0Asamblea Nacional\u00a0aprob\u00f3 este martes la denominada Ley Org\u00e1nica de Integridad P\u00fablica, entre cuyas medidas establece el endurecimiento de penas contra menores de edad, lo que caus\u00f3 la preocupaci\u00f3n de Unicef, que calific\u00f3 la norma de \u00abreformas regresivas al sistema penal juvenil que afectan gravemente a los adolescentes\u00bb. La Ley, impulsada por el presidente\u00a0Daniel Noboa, fue aprobada con\u00a084 votos a favor\u00a0de un total de 151 asamble\u00edstas que componen el hemiciclo, frente a 62 votos en contra y 2 abstenciones. El texto aborda\u00a0cuatro ejes: la contrataci\u00f3n p\u00fablica; el fortalecimiento institucional del sector p\u00fablico. la gesti\u00f3n p\u00fablica en su conjunto, y la erradicaci\u00f3n de redes delictivas que amenazan a la ni\u00f1ez del pa\u00eds. Es precisamente en este \u00faltimo punto donde se establecen penas de hasta quince a\u00f1os de privaci\u00f3n de libertad\u00a0para menores de edad que cometan delitos de gravedad relacionados con el crimen organizado. Este planteamiento busca, de acuerdo al Gobierno,\u00a0disuadir a los menores tras haber proliferado el reclutamiento de adolescentes por parte de las bandas criminales\u00a0a las que Noboa declar\u00f3 la \u00abguerra\u00bb desde inicios de 2024 para combatir la escalada de violencia criminal en la que est\u00e1 inmerso el pa\u00eds. El proyecto fue calificado como de car\u00e1cter econ\u00f3mico urgente por el presidente de Ecuador, Daniel Noboa. El a\u00f1o pasado fueron\u00a0m\u00e1s de 3.500 los menores que fueron detenidos\u00a0como parte de las acciones de las fuerzas de seguridad contra las bandas criminales, seg\u00fan confirm\u00f3 la pasada semana a EFE el ministro del Interior, John Reimberg. En su comunicado, Unicef manifest\u00f3 que \u00abeste tipo de medidas\u00a0no han demostrado ser efectivas para combatir la inseguridad, y contravienen la Constituci\u00f3n de la Rep\u00fablica y la Convenci\u00f3n sobre los Derechos del Ni\u00f1o, ratificada por Ecuador\u00bb. \u00abIncluso podr\u00edan\u00a0empeorar la situaci\u00f3n del sistema penitenciario\u00a0y afectar posibilidad de reintegraci\u00f3n para los adolescentes\u00bb, apunt\u00f3 el Fondo de las Naciones Unidas para la Infancia. Expulsiones hasta por 40 a\u00f1os Esta ley tambi\u00e9n introduce reformas a un total de diecinueve normas ya existentes para establecer cambios como\u00a0la prohibici\u00f3n de retorno al pa\u00eds por el per\u00edodo de 40 a\u00f1os a los extranjeros que hayan sido expulsados de Ecuador\u00a0tras cumplir penas por delitos con penas de c\u00e1rcel mayores a cinco a\u00f1os. De incumplir esta disposici\u00f3n,\u00a0el extranjero podr\u00e1 ser declarado como un objetivo militar, si persiste el \u00abconflicto armado interno\u00bb declarado por Noboa contra las bandas criminales. Lea tambi\u00e9n |\u00a0Ocho mujeres venezolanas v\u00edctimas de explotaci\u00f3n sexual son repatriadas desde Ecuador La norma aprobada este martes tambi\u00e9n da al presidente la facultad de\u00a0disolver ciertas instituciones p\u00fablicas, as\u00ed como que las cooperativas de cr\u00e9dito y ahorros pasen del sistema de econom\u00eda popular y solidarias al sistema financiero privado. La aprobaci\u00f3n de la llamada\u00a0Ley de Integridad P\u00fablica\u00a0cont\u00f3 con\u00a0el rechazo\u00a0del corre\u00edsmo, principal fuerza opositora a Noboa, que en un comunicado advirti\u00f3 tambi\u00e9n que \u00abeliminaron de un plumazo los derechos laborales conquistados hace a\u00f1os, la estabilidad de funcionarios de carrera, el derecho internacional y convenciones de las que Ecuador es firmante\u00bb.<\/p>\n","protected":false},"author":1,"featured_media":24503,"comment_status":"open","ping_status":"open","sticky":false,"template":"","format":"standard","meta":{"footnotes":""},"categories":[268],"tags":[],"class_list":["post-24502","post","type-post","status-publish","format-standard","has-post-thumbnail","hentry","category-nacionales"],"_links":{"self":[{"href":"https:\/\/www.elamazonico.com\/portal\/wp-json\/wp\/v2\/posts\/24502","targetHints":{"allow":["GET"]}}],"collection":[{"href":"https:\/\/www.elamazonico.com\/portal\/wp-json\/wp\/v2\/posts"}],"about":[{"href":"https:\/\/www.elamazonico.com\/portal\/wp-json\/wp\/v2\/types\/post"}],"author":[{"embeddable":true,"href":"https:\/\/www.elamazonico.com\/portal\/wp-json\/wp\/v2\/users\/1"}],"replies":[{"embeddable":true,"href":"https:\/\/www.elamazonico.com\/portal\/wp-json\/wp\/v2\/comments?post=24502"}],"version-history":[{"count":1,"href":"https:\/\/www.elamazonico.com\/portal\/wp-json\/wp\/v2\/posts\/24502\/revisions"}],"predecessor-version":[{"id":24504,"href":"https:\/\/www.elamazonico.com\/portal\/wp-json\/wp\/v2\/posts\/24502\/revisions\/24504"}],"wp:featuredmedia":[{"embeddable":true,"href":"https:\/\/www.elamazonico.com\/portal\/wp-json\/wp\/v2\/media\/24503"}],"wp:attachment":[{"href":"https:\/\/www.elamazonico.com\/portal\/wp-json\/wp\/v2\/media?parent=24502"}],"wp:term":[{"taxonomy":"category","embeddable":true,"href":"https:\/\/www.elamazonico.com\/portal\/wp-json\/wp\/v2\/categories?post=24502"},{"taxonomy":"post_tag","embeddable":true,"href":"https:\/\/www.elamazonico.com\/portal\/wp-json\/wp\/v2\/tags?post=24502"}],"curies":[{"name":"wp","href":"https:\/\/api.w.org\/{rel}","templated":true}]}}