{"id":24499,"date":"2025-06-25T06:11:00","date_gmt":"2025-06-25T11:11:00","guid":{"rendered":"https:\/\/www.elamazonico.com\/portal\/?p=24499"},"modified":"2025-06-25T06:11:00","modified_gmt":"2025-06-25T11:11:00","slug":"gobierno-entrega-titulos-de-pequena-mineria-y-apuesta-por-la-formalizacion","status":"publish","type":"post","link":"https:\/\/www.elamazonico.com\/portal\/gobierno-entrega-titulos-de-pequena-mineria-y-apuesta-por-la-formalizacion\/","title":{"rendered":"Gobierno entrega t\u00edtulos de peque\u00f1a miner\u00eda y apuesta por la formalizaci\u00f3n"},"content":{"rendered":"<p>En una jornada calificada como hist\u00f3rica para el sector minero de la provincia, el viceministro de Minas, Javier Sub\u00eda, visit\u00f3 Zamora Chinchipe este martes 24 de junio para oficializar la entrega de t\u00edtulos de peque\u00f1a miner\u00eda a tres asociaciones locales, en un acto que marca el inicio de un nuevo modelo de gesti\u00f3n basado en el di\u00e1logo, la legalidad y el desarrollo sostenible.<\/p>\n<p>Durante su intervenci\u00f3n, el viceministro Sub\u00eda expres\u00f3 su satisfacci\u00f3n por acompa\u00f1ar a las organizaciones beneficiadas en este proceso. \u201cHoy es un d\u00eda festivo en el que el di\u00e1logo ha primado y ha permitido concretar el sue\u00f1o de muchos mineros artesanales: obtener su propio t\u00edtulo minero para ejercer la actividad de forma legal\u201d, manifest\u00f3.<\/p>\n<p>Los t\u00edtulos entregados corresponden a las asociaciones MINER\u00cdA NUPERS S.A.S. (con dos \u00e1reas tituladas bajo los nombres Nueva Perspectiva 1 y Nueva Perspectiva 2), y a la Asociaci\u00f3n La Pangui, quienes a partir de ahora cuentan con la autorizaci\u00f3n formal para operar bajo los est\u00e1ndares de la peque\u00f1a miner\u00eda. Seg\u00fan cifras oficiales, entre estas organizaciones se agrupan m\u00e1s de mil mineros que ahora podr\u00e1n laborar con respaldo jur\u00eddico, en condiciones t\u00e9cnicas seguras y con responsabilidad ambiental, beneficiando directamente a sus familias y dinamizando la econom\u00eda local.<\/p>\n<p>\u201cEsto no solo implica m\u00e1s de mil empleos directos, sino un impacto econ\u00f3mico en m\u00e1s de cuatro mil personas, considerando tambi\u00e9n los trabajos indirectos asociados a la actividad minera legal\u201d, explic\u00f3 Sub\u00eda. Asimismo, destac\u00f3 que esta entrega constituye el primer paso en un proceso m\u00e1s amplio de regularizaci\u00f3n que el Gobierno Nacional, a trav\u00e9s del Ministerio de Energ\u00eda y Minas y sus agencias de control, impulsa en todo el pa\u00eds.<\/p>\n<p>El viceministro enfatiz\u00f3 que esta nueva etapa implica tambi\u00e9n un llamado a la corresponsabilidad: \u201cLa peque\u00f1a miner\u00eda debe ser responsable, debe cumplir con la normativa y aportar positivamente al pa\u00eds. A la par de la regularizaci\u00f3n, tambi\u00e9n combatiremos firmemente las actividades il\u00edcitas\u201d.<\/p>\n<p>En este sentido, se anunci\u00f3 que se iniciar\u00e1n procesos de fiscalizaci\u00f3n para aquellos titulares mineros que no han cumplido con sus obligaciones legales y que se intensificar\u00e1n los controles sobre la miner\u00eda aluvial no autorizada y la extracci\u00f3n de \u00e1ridos y p\u00e9treos en \u00e1reas no habilitadas.<\/p>\n<p>\u201cLa formalizaci\u00f3n va de la mano con el control. No se permitir\u00e1 que personas sin t\u00edtulo sigan explotando recursos en \u00e1reas libres o que se incurra en irregularidades. La ley es clara y vamos a actuar en conjunto con las autoridades locales\u201d, afirm\u00f3.<\/p>\n<p><strong>Reactivaci\u00f3n del Catastro Minero<\/strong><br \/>\nEn relaci\u00f3n con la planificaci\u00f3n sectorial, el viceministro inform\u00f3 que el Catastro Minero fue reabierto la semana anterior bajo un cronograma por etapas. En este primer tramo se habilit\u00f3 la peque\u00f1a miner\u00eda no met\u00e1lica, y se prev\u00e9 que en el \u00faltimo trimestre del a\u00f1o se abra el catastro para la peque\u00f1a miner\u00eda met\u00e1lica, particularmente significativa para Zamora Chinchipe por su riqueza geol\u00f3gica.<br \/>\n\u201cEste proceso ser\u00e1 gradual, transparente y enfocado en generar desarrollo territorial con responsabilidad social y ambiental\u201d, asegur\u00f3.<\/p>\n<p><strong>Una nueva perspectiva para la miner\u00eda local<\/strong><br \/>\nLa entrega de t\u00edtulos a las asociaciones mineras representa no solo el cumplimiento de una aspiraci\u00f3n hist\u00f3rica del sector artesanal, sino tambi\u00e9n un hito en la construcci\u00f3n de un modelo minero m\u00e1s justo y sostenible, que reconoce la importancia de formalizar la econom\u00eda local sin descuidar la protecci\u00f3n de los recursos naturales.<\/p>\n<p>El Ministerio de Energ\u00eda y Minas reitera su compromiso con el di\u00e1logo, la legalidad, la inclusi\u00f3n y la planificaci\u00f3n como ejes fundamentales para el desarrollo de la miner\u00eda responsable en Zamora Chinchipe y en el resto del pa\u00eds.<\/p>\n","protected":false},"excerpt":{"rendered":"<p>En una jornada calificada como hist\u00f3rica para el sector minero de la provincia, el viceministro de Minas, Javier Sub\u00eda, visit\u00f3 Zamora Chinchipe este martes 24 de junio para oficializar la entrega de t\u00edtulos de peque\u00f1a miner\u00eda a tres asociaciones locales, en un acto que marca el inicio de un nuevo modelo de gesti\u00f3n basado en el di\u00e1logo, la legalidad y el desarrollo sostenible. Durante su intervenci\u00f3n, el viceministro Sub\u00eda expres\u00f3 su satisfacci\u00f3n por acompa\u00f1ar a las organizaciones beneficiadas en este proceso. \u201cHoy es un d\u00eda festivo en el que el di\u00e1logo ha primado y ha permitido concretar el sue\u00f1o de muchos mineros artesanales: obtener su propio t\u00edtulo minero para ejercer la actividad de forma legal\u201d, manifest\u00f3. Los t\u00edtulos entregados corresponden a las asociaciones MINER\u00cdA NUPERS S.A.S. (con dos \u00e1reas tituladas bajo los nombres Nueva Perspectiva 1 y Nueva Perspectiva 2), y a la Asociaci\u00f3n La Pangui, quienes a partir de ahora cuentan con la autorizaci\u00f3n formal para operar bajo los est\u00e1ndares de la peque\u00f1a miner\u00eda. Seg\u00fan cifras oficiales, entre estas organizaciones se agrupan m\u00e1s de mil mineros que ahora podr\u00e1n laborar con respaldo jur\u00eddico, en condiciones t\u00e9cnicas seguras y con responsabilidad ambiental, beneficiando directamente a sus familias y dinamizando la econom\u00eda local. \u201cEsto no solo implica m\u00e1s de mil empleos directos, sino un impacto econ\u00f3mico en m\u00e1s de cuatro mil personas, considerando tambi\u00e9n los trabajos indirectos asociados a la actividad minera legal\u201d, explic\u00f3 Sub\u00eda. Asimismo, destac\u00f3 que esta entrega constituye el primer paso en un proceso m\u00e1s amplio de regularizaci\u00f3n que el Gobierno Nacional, a trav\u00e9s del Ministerio de Energ\u00eda y Minas y sus agencias de control, impulsa en todo el pa\u00eds. El viceministro enfatiz\u00f3 que esta nueva etapa implica tambi\u00e9n un llamado a la corresponsabilidad: \u201cLa peque\u00f1a miner\u00eda debe ser responsable, debe cumplir con la normativa y aportar positivamente al pa\u00eds. A la par de la regularizaci\u00f3n, tambi\u00e9n combatiremos firmemente las actividades il\u00edcitas\u201d. En este sentido, se anunci\u00f3 que se iniciar\u00e1n procesos de fiscalizaci\u00f3n para aquellos titulares mineros que no han cumplido con sus obligaciones legales y que se intensificar\u00e1n los controles sobre la miner\u00eda aluvial no autorizada y la extracci\u00f3n de \u00e1ridos y p\u00e9treos en \u00e1reas no habilitadas. \u201cLa formalizaci\u00f3n va de la mano con el control. No se permitir\u00e1 que personas sin t\u00edtulo sigan explotando recursos en \u00e1reas libres o que se incurra en irregularidades. La ley es clara y vamos a actuar en conjunto con las autoridades locales\u201d, afirm\u00f3. Reactivaci\u00f3n del Catastro Minero En relaci\u00f3n con la planificaci\u00f3n sectorial, el viceministro inform\u00f3 que el Catastro Minero fue reabierto la semana anterior bajo un cronograma por etapas. En este primer tramo se habilit\u00f3 la peque\u00f1a miner\u00eda no met\u00e1lica, y se prev\u00e9 que en el \u00faltimo trimestre del a\u00f1o se abra el catastro para la peque\u00f1a miner\u00eda met\u00e1lica, particularmente significativa para Zamora Chinchipe por su riqueza geol\u00f3gica. \u201cEste proceso ser\u00e1 gradual, transparente y enfocado en generar desarrollo territorial con responsabilidad social y ambiental\u201d, asegur\u00f3. Una nueva perspectiva para la miner\u00eda local La entrega de t\u00edtulos a las asociaciones mineras representa no solo el cumplimiento de una aspiraci\u00f3n hist\u00f3rica del sector artesanal, sino tambi\u00e9n un hito en la construcci\u00f3n de un modelo minero m\u00e1s justo y sostenible, que reconoce la importancia de formalizar la econom\u00eda local sin descuidar la protecci\u00f3n de los recursos naturales. El Ministerio de Energ\u00eda y Minas reitera su compromiso con el di\u00e1logo, la legalidad, la inclusi\u00f3n y la planificaci\u00f3n como ejes fundamentales para el desarrollo de la miner\u00eda responsable en Zamora Chinchipe y en el resto del pa\u00eds.<\/p>\n","protected":false},"author":1,"featured_media":24500,"comment_status":"open","ping_status":"open","sticky":false,"template":"","format":"standard","meta":{"footnotes":""},"categories":[243],"tags":[],"class_list":["post-24499","post","type-post","status-publish","format-standard","has-post-thumbnail","hentry","category-noticias-zamora"],"_links":{"self":[{"href":"https:\/\/www.elamazonico.com\/portal\/wp-json\/wp\/v2\/posts\/24499","targetHints":{"allow":["GET"]}}],"collection":[{"href":"https:\/\/www.elamazonico.com\/portal\/wp-json\/wp\/v2\/posts"}],"about":[{"href":"https:\/\/www.elamazonico.com\/portal\/wp-json\/wp\/v2\/types\/post"}],"author":[{"embeddable":true,"href":"https:\/\/www.elamazonico.com\/portal\/wp-json\/wp\/v2\/users\/1"}],"replies":[{"embeddable":true,"href":"https:\/\/www.elamazonico.com\/portal\/wp-json\/wp\/v2\/comments?post=24499"}],"version-history":[{"count":1,"href":"https:\/\/www.elamazonico.com\/portal\/wp-json\/wp\/v2\/posts\/24499\/revisions"}],"predecessor-version":[{"id":24501,"href":"https:\/\/www.elamazonico.com\/portal\/wp-json\/wp\/v2\/posts\/24499\/revisions\/24501"}],"wp:featuredmedia":[{"embeddable":true,"href":"https:\/\/www.elamazonico.com\/portal\/wp-json\/wp\/v2\/media\/24500"}],"wp:attachment":[{"href":"https:\/\/www.elamazonico.com\/portal\/wp-json\/wp\/v2\/media?parent=24499"}],"wp:term":[{"taxonomy":"category","embeddable":true,"href":"https:\/\/www.elamazonico.com\/portal\/wp-json\/wp\/v2\/categories?post=24499"},{"taxonomy":"post_tag","embeddable":true,"href":"https:\/\/www.elamazonico.com\/portal\/wp-json\/wp\/v2\/tags?post=24499"}],"curies":[{"name":"wp","href":"https:\/\/api.w.org\/{rel}","templated":true}]}}