{"id":24495,"date":"2025-06-24T18:49:12","date_gmt":"2025-06-24T23:49:12","guid":{"rendered":"https:\/\/www.elamazonico.com\/portal\/?p=24495"},"modified":"2025-06-24T18:49:12","modified_gmt":"2025-06-24T23:49:12","slug":"motin-en-la-carcel-de-riobamba-donde-fue-trasladado-daniel-salcedo-deja-herido-a-su-hermano-noe","status":"publish","type":"post","link":"https:\/\/www.elamazonico.com\/portal\/motin-en-la-carcel-de-riobamba-donde-fue-trasladado-daniel-salcedo-deja-herido-a-su-hermano-noe\/","title":{"rendered":"Mot\u00edn en la c\u00e1rcel de Riobamba, donde fue trasladado Daniel Salcedo, deja herido a su hermano No\u00e9"},"content":{"rendered":"<div id=\"\" class=\"portlet-boundary portlet-static-end content-viewer-portlet text__ last full-access norestricted\">\n<div class=\"text_detail\">\n<div class=\"text resizable\">\n<div class=\"paragraph texto\">\n<p class=\"p_0\"><b>La tarde de este mi\u00e9rcoles se registr\u00f3 un amotinamiento en la C\u00e1rcel de Riobamba, ubicada en la ciudad del mismo nombre, en la provincia de Chimborazo. A ese centro penitenciario fue trasladado el pasado domingo\u00a0<a href=\"https:\/\/www.vistazo.com\/cronologia\/-\/meta\/daniel-salcedo\">Daniel Salcedo Bonilla<\/a>, sentenciado por varios casos, entre esos el denominado &#8216;Met\u00e1stasis&#8217;, y su hermano, No\u00e9.<\/b><\/p>\n<p class=\"p_2\"><b>Veh\u00edculos de la Polic\u00eda y las Fuerzas Armadas se desplegaron hacia el centro de privaci\u00f3n de libertad<\/b>\u00a0tras una serie de\u00a0<b>detonaciones\u00a0<\/b>registradas en dichas instalaciones.<\/p>\n<\/div>\n<div class=\"multimediaMacroWrapper img lateral\">\n<figure class=\"contentMedia art-img\">\n<div><img fetchpriority=\"high\" decoding=\"async\" class=\" lazyloaded\" title=\"Fotograf\u00eda de Daniel Salcedo en la audiencia de procedimiento abreviado, en el Caso Met\u00e1stasis.\" src=\"https:\/\/www.vistazo.com\/placeholder\/svg\/viewbox\/768x512\" sizes=\"100vw\" srcset=\"\/\/www.vistazo.com\/binrepository\/768x512\/0c0\/0d0\/none\/12727\/XBVO\/20240730117729-caso-metastasis-daniel_2270980_20250624183705.jpg 768w,\/\/www.vistazo.com\/binrepository\/640x427\/0c0\/0d0\/none\/12727\/XBVC\/20240730117729-caso-metastasis-daniel_2270980_20250624183705.jpg 640w,\/\/www.vistazo.com\/binrepository\/512x341\/0c0\/0d0\/none\/12727\/XBVB\/20240730117729-caso-metastasis-daniel_2270980_20250624183705.jpg 512w,\/\/www.vistazo.com\/binrepository\/384x256\/0c0\/0d0\/none\/12727\/XBVP\/20240730117729-caso-metastasis-daniel_2270980_20250624183705.jpg 384w,\/\/www.vistazo.com\/binrepository\/300x200\/0c0\/0d0\/none\/12727\/XBVA\/20240730117729-caso-metastasis-daniel_2270980_20250624183705.jpg 300w\" alt=\"$!Fotograf\u00eda de Daniel Salcedo en la audiencia de procedimiento abreviado, en el Caso Met\u00e1stasis.\" width=\"768\" height=\"512\" data-srcset=\"\/\/www.vistazo.com\/binrepository\/768x512\/0c0\/0d0\/none\/12727\/XBVO\/20240730117729-caso-metastasis-daniel_2270980_20250624183705.jpg 768w,\/\/www.vistazo.com\/binrepository\/640x427\/0c0\/0d0\/none\/12727\/XBVC\/20240730117729-caso-metastasis-daniel_2270980_20250624183705.jpg 640w,\/\/www.vistazo.com\/binrepository\/512x341\/0c0\/0d0\/none\/12727\/XBVB\/20240730117729-caso-metastasis-daniel_2270980_20250624183705.jpg 512w,\/\/www.vistazo.com\/binrepository\/384x256\/0c0\/0d0\/none\/12727\/XBVP\/20240730117729-caso-metastasis-daniel_2270980_20250624183705.jpg 384w,\/\/www.vistazo.com\/binrepository\/300x200\/0c0\/0d0\/none\/12727\/XBVA\/20240730117729-caso-metastasis-daniel_2270980_20250624183705.jpg 300w\" \/><\/div>\n<div class=\"cutline-byline\"><span class=\"cutline-text\">Fotograf\u00eda de Daniel Salcedo en la audiencia de procedimiento abreviado, en el Caso Met\u00e1stasis.<\/span>\u00a0<span class=\"byline-image\">(ROLANDO ENRIQUEZ &#8211; API)<\/span><\/div>\n<\/figure>\n<\/div>\n<div class=\"paragraph texto\">\n<p class=\"p_3\">El Servicio Nacional de Atenci\u00f3n Integral a Personas Adultas Privadas de la Libertad y a Adolescentes Infractores (SNAI) dio a conocer a las 18h00 que\u00a0<b>No\u00e9 Salcedo<\/b>\u00a0<b>result\u00f3 herido en un enfrentamiento.<\/b><\/p>\n<div class=\"Center2Display\"><\/div>\n<\/div>\n<div class=\"paragraph texto\">\n<p class=\"p_4\">El \u00f3rgano, que regula el sistema carcelario en Ecuador, acot\u00f3 que\u00a0<b>fue trasladado a un centro de salud con un pron\u00f3stico estable<\/b>\u00a0y que, por otro lado, Daniel Salcedo\u00a0<b>\u201cno tiene lesiones que afecten su integridad f\u00edsica\u201d.<\/b><\/p>\n<\/div>\n<div class=\"paragraph texto\">\n<p class=\"p_5\">Ambos hermanos fueron\u00a0<b>sentenciados a trece a\u00f1os de prisi\u00f3n por el delito de lavado de activos, en enero de este a\u00f1o<\/b>. En el caso de Daniel Salcedo, dicha condena se suma a otras que devendr\u00edan en su encarcelamiento durante m\u00e1s de 30 a\u00f1os. No\u00e9 Salcedo, en cambio, acumula una sentencia de siete a\u00f1os de prisi\u00f3n por delincuencia organizada. <strong>Fuente: Vistazo<\/strong><\/p>\n<p class=\"p_6\"><b>Noticia en desarrollo&#8230;\u00a0<\/b><\/p>\n<\/div>\n<\/div>\n<\/div>\n<\/div>\n","protected":false},"excerpt":{"rendered":"<p>La tarde de este mi\u00e9rcoles se registr\u00f3 un amotinamiento en la C\u00e1rcel de Riobamba, ubicada en la ciudad del mismo nombre, en la provincia de Chimborazo. A ese centro penitenciario fue trasladado el pasado domingo\u00a0Daniel Salcedo Bonilla, sentenciado por varios casos, entre esos el denominado &#8216;Met\u00e1stasis&#8217;, y su hermano, No\u00e9. Veh\u00edculos de la Polic\u00eda y las Fuerzas Armadas se desplegaron hacia el centro de privaci\u00f3n de libertad\u00a0tras una serie de\u00a0detonaciones\u00a0registradas en dichas instalaciones. Fotograf\u00eda de Daniel Salcedo en la audiencia de procedimiento abreviado, en el Caso Met\u00e1stasis.\u00a0(ROLANDO ENRIQUEZ &#8211; API) El Servicio Nacional de Atenci\u00f3n Integral a Personas Adultas Privadas de la Libertad y a Adolescentes Infractores (SNAI) dio a conocer a las 18h00 que\u00a0No\u00e9 Salcedo\u00a0result\u00f3 herido en un enfrentamiento. El \u00f3rgano, que regula el sistema carcelario en Ecuador, acot\u00f3 que\u00a0fue trasladado a un centro de salud con un pron\u00f3stico estable\u00a0y que, por otro lado, Daniel Salcedo\u00a0\u201cno tiene lesiones que afecten su integridad f\u00edsica\u201d. Ambos hermanos fueron\u00a0sentenciados a trece a\u00f1os de prisi\u00f3n por el delito de lavado de activos, en enero de este a\u00f1o. En el caso de Daniel Salcedo, dicha condena se suma a otras que devendr\u00edan en su encarcelamiento durante m\u00e1s de 30 a\u00f1os. No\u00e9 Salcedo, en cambio, acumula una sentencia de siete a\u00f1os de prisi\u00f3n por delincuencia organizada. Fuente: Vistazo Noticia en desarrollo&#8230;\u00a0<\/p>\n","protected":false},"author":1,"featured_media":24496,"comment_status":"open","ping_status":"open","sticky":false,"template":"","format":"standard","meta":{"footnotes":""},"categories":[268],"tags":[],"class_list":["post-24495","post","type-post","status-publish","format-standard","has-post-thumbnail","hentry","category-nacionales"],"_links":{"self":[{"href":"https:\/\/www.elamazonico.com\/portal\/wp-json\/wp\/v2\/posts\/24495","targetHints":{"allow":["GET"]}}],"collection":[{"href":"https:\/\/www.elamazonico.com\/portal\/wp-json\/wp\/v2\/posts"}],"about":[{"href":"https:\/\/www.elamazonico.com\/portal\/wp-json\/wp\/v2\/types\/post"}],"author":[{"embeddable":true,"href":"https:\/\/www.elamazonico.com\/portal\/wp-json\/wp\/v2\/users\/1"}],"replies":[{"embeddable":true,"href":"https:\/\/www.elamazonico.com\/portal\/wp-json\/wp\/v2\/comments?post=24495"}],"version-history":[{"count":1,"href":"https:\/\/www.elamazonico.com\/portal\/wp-json\/wp\/v2\/posts\/24495\/revisions"}],"predecessor-version":[{"id":24497,"href":"https:\/\/www.elamazonico.com\/portal\/wp-json\/wp\/v2\/posts\/24495\/revisions\/24497"}],"wp:featuredmedia":[{"embeddable":true,"href":"https:\/\/www.elamazonico.com\/portal\/wp-json\/wp\/v2\/media\/24496"}],"wp:attachment":[{"href":"https:\/\/www.elamazonico.com\/portal\/wp-json\/wp\/v2\/media?parent=24495"}],"wp:term":[{"taxonomy":"category","embeddable":true,"href":"https:\/\/www.elamazonico.com\/portal\/wp-json\/wp\/v2\/categories?post=24495"},{"taxonomy":"post_tag","embeddable":true,"href":"https:\/\/www.elamazonico.com\/portal\/wp-json\/wp\/v2\/tags?post=24495"}],"curies":[{"name":"wp","href":"https:\/\/api.w.org\/{rel}","templated":true}]}}