{"id":24485,"date":"2025-06-25T04:10:59","date_gmt":"2025-06-25T09:10:59","guid":{"rendered":"https:\/\/www.elamazonico.com\/portal\/?p=24485"},"modified":"2025-06-24T16:24:39","modified_gmt":"2025-06-24T21:24:39","slug":"sindicato-de-choferes-fortalece-la-formacion-de-conductores-en-la-provincia","status":"publish","type":"post","link":"https:\/\/www.elamazonico.com\/portal\/sindicato-de-choferes-fortalece-la-formacion-de-conductores-en-la-provincia\/","title":{"rendered":"Sindicato de Choferes fortalece la formaci\u00f3n de conductores en la provincia"},"content":{"rendered":"<p>Con motivo de conmemorar el D\u00eda del Chofer Profesional Ecuatoriano, fecha establecida el 24 de junio de 1937 mediante decreto presidencial del Dr. Jos\u00e9 Mar\u00eda Velasco Ibarra, el Sindicato de Choferes Profesionales de Zamora Chinchipe realiz\u00f3 una serie de actos solemnes, culturales y de confraternidad que destacaron la labor de quienes movilizan al pa\u00eds desde el volante.<\/p>\n<p>En entrevista exclusiva con Diario El Amaz\u00f3nico, el secretario general del gremio, Luis Mauricio Rivera, comparti\u00f3 los detalles de las actividades organizadas y el papel que ha venido desempe\u00f1ando la instituci\u00f3n en la formaci\u00f3n profesional de conductores en la provincia.<\/p>\n<p>La agenda conmemorativa se desarroll\u00f3 el s\u00e1bado 21 de junio, incluyendo una misa en memoria de los compa\u00f1eros fallecidos, juegos tradicionales con la participaci\u00f3n de socios y sus familias, competencias con carritos de madera, y una noche cultural en la que participaron artistas locales y se celebr\u00f3 la sesi\u00f3n solemne institucional.<\/p>\n<p>Durante este acto se entregaron reconocimientos a 16 choferes profesionales que cumplieron 20 a\u00f1os de servicio activo en el sindicato. Rivera destac\u00f3 que este tipo de homenajes son una pr\u00e1ctica constante de la organizaci\u00f3n, orientada a visibilizar la trayectoria y compromiso de sus miembros.<\/p>\n<p>El Sindicato de Choferes Profesionales de Zamora Chinchipe fue fundado el 25 de febrero de 1969, y en sus 56 a\u00f1os de vida institucional ha graduado a m\u00e1s de 2.700 conductores en la provincia, a trav\u00e9s de los cursos de tipo C y tipo E. Seg\u00fan Rivera, a escala nacional, entre todos los sindicatos, se estima que m\u00e1s de 60.000 profesionales han sido formados con altos est\u00e1ndares de calidad.<\/p>\n<p>La escuela de conducci\u00f3n del sindicato destaca por la capacitaci\u00f3n permanente de su cuerpo docente e instructores, as\u00ed como por el mantenimiento continuo de los veh\u00edculos utilizados en las pr\u00e1cticas. \u201cGarantizar la formaci\u00f3n de un conductor va m\u00e1s all\u00e1 de lo t\u00e9cnico. Es una responsabilidad humana y social\u201d, enfatiz\u00f3 Rivera.<\/p>\n<p>En este marco, el sindicato ofrece capacitaciones espec\u00edficas para cooperativas de transporte, en \u00e1reas como la actualizaci\u00f3n de la Ley de Tr\u00e1nsito, atenci\u00f3n al cliente y relaciones humanas. Estas jornadas, seg\u00fan indic\u00f3, se han desarrollado exitosamente con cooperativas como Nambija y est\u00e1n abiertas para cualquier organizaci\u00f3n que lo solicite.<\/p>\n<p>Actualmente, se encuentran abiertas las matr\u00edculas para el curso de licencia tipo C, cuyo per\u00edodo se extiende del 15 de mayo al 15 de julio de 2025. El curso tiene una duraci\u00f3n de seis meses, con clases te\u00f3ricas virtuales y pr\u00e1cticas presenciales. El costo total es de 958,35 d\u00f3lares, e incluye matr\u00edcula, pruebas m\u00e9dicas, psicosensom\u00e9trica psicol\u00f3gicas o \u201csicolog\u00eda\u201d y. La instituci\u00f3n ofrece facilidades de pago y horarios flexibles para atender a estudiantes que trabajan o viven en zonas alejadas.<\/p>\n<p>Las inscripciones se realizan de forma presencial, de lunes a viernes, en horario de 08:00 a 12:00 y de 14:00 a 17:00. Para mayor informaci\u00f3n, los interesados pueden comunicarse al (07) 2606 200 o al n\u00famero 0996938988.<\/p>\n<p>Finalmente, Rivera reflexion\u00f3 sobre la evoluci\u00f3n del concepto de \u201cchofer\u201d, destacando que actualmente es una profesi\u00f3n digna y reconocida, que exige responsabilidad, disciplina, respeto a las normas de tr\u00e1nsito y vocaci\u00f3n de servicio. \u201cUn saludo, un gesto amable, una sonrisa. Todo eso tambi\u00e9n conduce\u201d, expres\u00f3.<\/p>\n<p>Asimismo, extendi\u00f3 una cordial invitaci\u00f3n a los gerentes de cooperativas y empresas de transporte a sumarse a las celebraciones y a participar activamente en las capacitaciones para fortalecer la calidad del servicio que brindan a la ciudadan\u00eda.<\/p>\n","protected":false},"excerpt":{"rendered":"<p>Con motivo de conmemorar el D\u00eda del Chofer Profesional Ecuatoriano, fecha establecida el 24 de junio de 1937 mediante decreto presidencial del Dr. Jos\u00e9 Mar\u00eda Velasco Ibarra, el Sindicato de Choferes Profesionales de Zamora Chinchipe realiz\u00f3 una serie de actos solemnes, culturales y de confraternidad que destacaron la labor de quienes movilizan al pa\u00eds desde el volante. En entrevista exclusiva con Diario El Amaz\u00f3nico, el secretario general del gremio, Luis Mauricio Rivera, comparti\u00f3 los detalles de las actividades organizadas y el papel que ha venido desempe\u00f1ando la instituci\u00f3n en la formaci\u00f3n profesional de conductores en la provincia. La agenda conmemorativa se desarroll\u00f3 el s\u00e1bado 21 de junio, incluyendo una misa en memoria de los compa\u00f1eros fallecidos, juegos tradicionales con la participaci\u00f3n de socios y sus familias, competencias con carritos de madera, y una noche cultural en la que participaron artistas locales y se celebr\u00f3 la sesi\u00f3n solemne institucional. Durante este acto se entregaron reconocimientos a 16 choferes profesionales que cumplieron 20 a\u00f1os de servicio activo en el sindicato. Rivera destac\u00f3 que este tipo de homenajes son una pr\u00e1ctica constante de la organizaci\u00f3n, orientada a visibilizar la trayectoria y compromiso de sus miembros. El Sindicato de Choferes Profesionales de Zamora Chinchipe fue fundado el 25 de febrero de 1969, y en sus 56 a\u00f1os de vida institucional ha graduado a m\u00e1s de 2.700 conductores en la provincia, a trav\u00e9s de los cursos de tipo C y tipo E. Seg\u00fan Rivera, a escala nacional, entre todos los sindicatos, se estima que m\u00e1s de 60.000 profesionales han sido formados con altos est\u00e1ndares de calidad. La escuela de conducci\u00f3n del sindicato destaca por la capacitaci\u00f3n permanente de su cuerpo docente e instructores, as\u00ed como por el mantenimiento continuo de los veh\u00edculos utilizados en las pr\u00e1cticas. \u201cGarantizar la formaci\u00f3n de un conductor va m\u00e1s all\u00e1 de lo t\u00e9cnico. Es una responsabilidad humana y social\u201d, enfatiz\u00f3 Rivera. En este marco, el sindicato ofrece capacitaciones espec\u00edficas para cooperativas de transporte, en \u00e1reas como la actualizaci\u00f3n de la Ley de Tr\u00e1nsito, atenci\u00f3n al cliente y relaciones humanas. Estas jornadas, seg\u00fan indic\u00f3, se han desarrollado exitosamente con cooperativas como Nambija y est\u00e1n abiertas para cualquier organizaci\u00f3n que lo solicite. Actualmente, se encuentran abiertas las matr\u00edculas para el curso de licencia tipo C, cuyo per\u00edodo se extiende del 15 de mayo al 15 de julio de 2025. El curso tiene una duraci\u00f3n de seis meses, con clases te\u00f3ricas virtuales y pr\u00e1cticas presenciales. El costo total es de 958,35 d\u00f3lares, e incluye matr\u00edcula, pruebas m\u00e9dicas, psicosensom\u00e9trica psicol\u00f3gicas o \u201csicolog\u00eda\u201d y. La instituci\u00f3n ofrece facilidades de pago y horarios flexibles para atender a estudiantes que trabajan o viven en zonas alejadas. Las inscripciones se realizan de forma presencial, de lunes a viernes, en horario de 08:00 a 12:00 y de 14:00 a 17:00. Para mayor informaci\u00f3n, los interesados pueden comunicarse al (07) 2606 200 o al n\u00famero 0996938988. Finalmente, Rivera reflexion\u00f3 sobre la evoluci\u00f3n del concepto de \u201cchofer\u201d, destacando que actualmente es una profesi\u00f3n digna y reconocida, que exige responsabilidad, disciplina, respeto a las normas de tr\u00e1nsito y vocaci\u00f3n de servicio. \u201cUn saludo, un gesto amable, una sonrisa. Todo eso tambi\u00e9n conduce\u201d, expres\u00f3. Asimismo, extendi\u00f3 una cordial invitaci\u00f3n a los gerentes de cooperativas y empresas de transporte a sumarse a las celebraciones y a participar activamente en las capacitaciones para fortalecer la calidad del servicio que brindan a la ciudadan\u00eda.<\/p>\n","protected":false},"author":1,"featured_media":24486,"comment_status":"open","ping_status":"open","sticky":false,"template":"","format":"standard","meta":{"footnotes":""},"categories":[243],"tags":[],"class_list":["post-24485","post","type-post","status-publish","format-standard","has-post-thumbnail","hentry","category-noticias-zamora"],"_links":{"self":[{"href":"https:\/\/www.elamazonico.com\/portal\/wp-json\/wp\/v2\/posts\/24485","targetHints":{"allow":["GET"]}}],"collection":[{"href":"https:\/\/www.elamazonico.com\/portal\/wp-json\/wp\/v2\/posts"}],"about":[{"href":"https:\/\/www.elamazonico.com\/portal\/wp-json\/wp\/v2\/types\/post"}],"author":[{"embeddable":true,"href":"https:\/\/www.elamazonico.com\/portal\/wp-json\/wp\/v2\/users\/1"}],"replies":[{"embeddable":true,"href":"https:\/\/www.elamazonico.com\/portal\/wp-json\/wp\/v2\/comments?post=24485"}],"version-history":[{"count":1,"href":"https:\/\/www.elamazonico.com\/portal\/wp-json\/wp\/v2\/posts\/24485\/revisions"}],"predecessor-version":[{"id":24487,"href":"https:\/\/www.elamazonico.com\/portal\/wp-json\/wp\/v2\/posts\/24485\/revisions\/24487"}],"wp:featuredmedia":[{"embeddable":true,"href":"https:\/\/www.elamazonico.com\/portal\/wp-json\/wp\/v2\/media\/24486"}],"wp:attachment":[{"href":"https:\/\/www.elamazonico.com\/portal\/wp-json\/wp\/v2\/media?parent=24485"}],"wp:term":[{"taxonomy":"category","embeddable":true,"href":"https:\/\/www.elamazonico.com\/portal\/wp-json\/wp\/v2\/categories?post=24485"},{"taxonomy":"post_tag","embeddable":true,"href":"https:\/\/www.elamazonico.com\/portal\/wp-json\/wp\/v2\/tags?post=24485"}],"curies":[{"name":"wp","href":"https:\/\/api.w.org\/{rel}","templated":true}]}}