{"id":24464,"date":"2025-06-23T16:14:57","date_gmt":"2025-06-23T21:14:57","guid":{"rendered":"https:\/\/www.elamazonico.com\/portal\/?p=24464"},"modified":"2025-06-23T19:27:20","modified_gmt":"2025-06-24T00:27:20","slug":"lavinia-valbonesi-sobre-el-proyecto-ana-hemos-transformado-vidas","status":"publish","type":"post","link":"https:\/\/www.elamazonico.com\/portal\/lavinia-valbonesi-sobre-el-proyecto-ana-hemos-transformado-vidas\/","title":{"rendered":"Lavinia Valbonesi sobre el proyecto Ana: \u201cHemos transformado vidas\u201d"},"content":{"rendered":"<p>Alegre, tranquila y con muchas ganas de ayudar a las mujeres. As\u00ed es<strong>\u00a0Lavinia Valbonesi<\/strong>, primera dama de Ecuador, quien habl\u00f3 sobre\u00a0<strong>Ana<\/strong>, su proyecto insignia que busca apoyar a las<strong>\u00a0mujeres v\u00edctimas de violencia<\/strong>.<\/p>\n<p>En entrevista al programa \u2018Esto es Ecuador\u2019, de Ecuador Tv, Valbonesi explic\u00f3 que desde que empezaron sus recorridos por las diferentes provincias del pa\u00eds constat\u00f3 una realidad fuerte:\u00a0<strong>7 de cada 10 mujeres han vivido temas de violencia f\u00edsica, psicol\u00f3gica, patrimonial y dem\u00e1s.\u00a0<\/strong><\/p>\n<p>Esas historias de superaci\u00f3n inspiraron a la primera dama para crear Ana, cuyo nombre surgi\u00f3 del testimonio de una ecuatoriana. \u201c<strong>No solo era una historia de dolor sino un ejemplo de que s\u00ed es posible cortar esos c\u00edrculos de violencia<\/strong>\u201d.<\/p>\n<p>De hecho, Valbonesi quer\u00eda que su proyecto tuviera \u201c<strong>el rostro de una mujer ecuatorian<\/strong>a\u201d.<\/p>\n<p>En ese marco, la primera dama dice que gracias al proyecto: \u201c<strong>Hemos transformado vidas<\/strong>\u00a0(&#8230;) simplemente\u00a0con ganas de servir y trabajar por la gente, por las mujeres\u201d.<\/p>\n<h2>Tres pilares que sostienen a Ana<\/h2>\n<p>El proyecto Ana tiene tres pilares fundamentales:<\/p>\n<ul>\n<li><strong>Prevenci\u00f3n<\/strong>. En este pilar se trabaja con ni\u00f1os, ni\u00f1as y j\u00f3venes, por lo que se han realizado convenios con universidades, agrupaciones art\u00edsticas, musicales; adem\u00e1s se han ofrecido becas para que las nuevas generaciones se mantengan ocupadas y se alejen de la violencia.<\/li>\n<li><strong>Educaci\u00f3n<\/strong>. En este eje se hicieron convenios con universidades, organizaciones, institutos nacionales e internacionales para ofrecer clases en diferentes \u00e1reas: marketing, carpinter\u00eda, ventas, mec\u00e1nica y otras.\u00a0Una de las novedades -dice con alegr\u00eda- es la pr\u00f3xima creaci\u00f3n del primer carro construido por mujeres, por manos ecuatorianas.<\/li>\n<li><strong>Empleabilidad<\/strong>. En este pilar se han realizado convenios con empresas para que den oportunidades laborales de mujeres o para que ellas potencien sus emprendimientos.<\/li>\n<\/ul>\n<h2>Los resultados del proyecto Ana<\/h2>\n<p>El proyecto Ana tiene\u00a0<strong>230.000 mujeres inscritas en su plataforma en l\u00ednea; 20.000 graduadas; 3.000 mujeres empleadas; y 120.000 familias ayudadas, gracias al apoyo de la empresa privada.<\/strong><\/p>\n<p>\u201cGracias a alianzas el proyecto es una realidad y es una fundaci\u00f3n autosustentable (&#8230;) Queremos crear productos para que la fundaci\u00f3n se sostenga m\u00e1s all\u00e1 del tiempo\u201d, se\u00f1al\u00f3.<\/p>\n<p>A esto se suma que ya est\u00e1n en varias provincias del pa\u00eds, entre ellas,<strong>\u00a0Orellana, Pichincha, Azuay, Esmeraldas, Guayas, Manab\u00ed, Los R\u00edos, El Oro y Gal\u00e1pagos.\u00a0<\/strong><\/p>\n<h2>\u00bfC\u00f3mo inscribirse en Ana?<\/h2>\n<ol>\n<li>Ingresa al sitio web\u00a0<a href=\"http:\/\/www.proyectoana.org\/\" target=\"_blank\" rel=\"noopener noreferrer\">www.proyectoana.org<\/a><\/li>\n<li><a href=\"https:\/\/www.eltelegrafo.com.ec\/noticias\/nacionales\/44\/lavinia-valbonesi-x\" target=\"_blank\" rel=\"noopener noreferrer\">Haz click en la pesta\u00f1a amarilla \u2018Quiero formar parte\u2019<\/a><\/li>\n<li>Llena el formulario que incluye los datos personales de la mujer. Estos son:<\/li>\n<\/ol>\n<ul>\n<li>-Nombres y apellidos<\/li>\n<li><\/li>\n<li>-C\u00e9dula de identidad<\/li>\n<li><\/li>\n<li>-Edad<\/li>\n<li><\/li>\n<li>-Provincia<\/li>\n<li><\/li>\n<li>-Ciudad<\/li>\n<li><\/li>\n<li>-Sector<\/li>\n<li><\/li>\n<li>-N\u00famero de contacto<\/li>\n<li><\/li>\n<li>-Ciudad de capacitaci\u00f3n<\/li>\n<li><\/li>\n<li>-Estado civil<\/li>\n<li><\/li>\n<li>-Hijos<\/li>\n<li><\/li>\n<li>-Edad de hijos<\/li>\n<li><\/li>\n<li>-Correo electr\u00f3nico<\/li>\n<li><\/li>\n<li>-Nivel de estudios<\/li>\n<li><\/li>\n<li>-Capacitaciones disponibles<\/li>\n<li><\/li>\n<li>-Becas disponibles para hijos menores de edad<\/li>\n<li><\/li>\n<li>-C\u00f3mo se enter\u00f3 del proyecto.<\/li>\n<\/ul>\n<p>\u201cEn la p\u00e1gina de Instagram tenemos los cursos. Nos mandan mensajes y estamos en contacto con todas las mujeres\u201d.<\/p>\n<p>Otra de las novedades de Ana es que no hay edades l\u00edmites para seguir los cursos en l\u00ednea de Ana. Tampoco sus condiciones, trabajo y dem\u00e1s.<\/p>\n<h2>Lavinia, entre su trabajo, la maternidad y sus gustos<\/h2>\n<p>Valbonesi trata de equilibrar su tiempo entre sus dos hijos:<strong>\u00a0Alvarito y Furio<\/strong>\u00a0y su trabajo en el proyecto Ana.<\/p>\n<p>\u201cSoy una primera dama de territorio. Trabajamos de lunes a domingo. Recorrimos todas las provincias, me gusta estar en territorio\u201d, exclam\u00f3 la primera dama.<\/p>\n<p>Cuenta que ha llegado a los lugares en donde han habido emergencias como\u00a0<strong>Cayambe, Manab\u00ed y Guayas<\/strong>. All\u00e1 ha llevado kits de alimentaci\u00f3n, semillas, cuyes, etc.<\/p>\n<p><strong>Lavinia Valbonesi<\/strong> reconoce que es una amante de la comida. Sus platos favoritos son los patacones con huevo, el arroz con menestra y el arroz verde con carne frita. De hecho. Fuente: <strong>El Tel\u00e9grafo<\/strong><\/p>\n","protected":false},"excerpt":{"rendered":"<p>Alegre, tranquila y con muchas ganas de ayudar a las mujeres. As\u00ed es\u00a0Lavinia Valbonesi, primera dama de Ecuador, quien habl\u00f3 sobre\u00a0Ana, su proyecto insignia que busca apoyar a las\u00a0mujeres v\u00edctimas de violencia. En entrevista al programa \u2018Esto es Ecuador\u2019, de Ecuador Tv, Valbonesi explic\u00f3 que desde que empezaron sus recorridos por las diferentes provincias del pa\u00eds constat\u00f3 una realidad fuerte:\u00a07 de cada 10 mujeres han vivido temas de violencia f\u00edsica, psicol\u00f3gica, patrimonial y dem\u00e1s.\u00a0 Esas historias de superaci\u00f3n inspiraron a la primera dama para crear Ana, cuyo nombre surgi\u00f3 del testimonio de una ecuatoriana. \u201cNo solo era una historia de dolor sino un ejemplo de que s\u00ed es posible cortar esos c\u00edrculos de violencia\u201d. De hecho, Valbonesi quer\u00eda que su proyecto tuviera \u201cel rostro de una mujer ecuatoriana\u201d. En ese marco, la primera dama dice que gracias al proyecto: \u201cHemos transformado vidas\u00a0(&#8230;) simplemente\u00a0con ganas de servir y trabajar por la gente, por las mujeres\u201d. Tres pilares que sostienen a Ana El proyecto Ana tiene tres pilares fundamentales: Prevenci\u00f3n. En este pilar se trabaja con ni\u00f1os, ni\u00f1as y j\u00f3venes, por lo que se han realizado convenios con universidades, agrupaciones art\u00edsticas, musicales; adem\u00e1s se han ofrecido becas para que las nuevas generaciones se mantengan ocupadas y se alejen de la violencia. Educaci\u00f3n. En este eje se hicieron convenios con universidades, organizaciones, institutos nacionales e internacionales para ofrecer clases en diferentes \u00e1reas: marketing, carpinter\u00eda, ventas, mec\u00e1nica y otras.\u00a0Una de las novedades -dice con alegr\u00eda- es la pr\u00f3xima creaci\u00f3n del primer carro construido por mujeres, por manos ecuatorianas. Empleabilidad. En este pilar se han realizado convenios con empresas para que den oportunidades laborales de mujeres o para que ellas potencien sus emprendimientos. Los resultados del proyecto Ana El proyecto Ana tiene\u00a0230.000 mujeres inscritas en su plataforma en l\u00ednea; 20.000 graduadas; 3.000 mujeres empleadas; y 120.000 familias ayudadas, gracias al apoyo de la empresa privada. \u201cGracias a alianzas el proyecto es una realidad y es una fundaci\u00f3n autosustentable (&#8230;) Queremos crear productos para que la fundaci\u00f3n se sostenga m\u00e1s all\u00e1 del tiempo\u201d, se\u00f1al\u00f3. A esto se suma que ya est\u00e1n en varias provincias del pa\u00eds, entre ellas,\u00a0Orellana, Pichincha, Azuay, Esmeraldas, Guayas, Manab\u00ed, Los R\u00edos, El Oro y Gal\u00e1pagos.\u00a0 \u00bfC\u00f3mo inscribirse en Ana? Ingresa al sitio web\u00a0www.proyectoana.org Haz click en la pesta\u00f1a amarilla \u2018Quiero formar parte\u2019 Llena el formulario que incluye los datos personales de la mujer. Estos son: -Nombres y apellidos -C\u00e9dula de identidad -Edad -Provincia -Ciudad -Sector -N\u00famero de contacto -Ciudad de capacitaci\u00f3n -Estado civil -Hijos -Edad de hijos -Correo electr\u00f3nico -Nivel de estudios -Capacitaciones disponibles -Becas disponibles para hijos menores de edad -C\u00f3mo se enter\u00f3 del proyecto. \u201cEn la p\u00e1gina de Instagram tenemos los cursos. Nos mandan mensajes y estamos en contacto con todas las mujeres\u201d. Otra de las novedades de Ana es que no hay edades l\u00edmites para seguir los cursos en l\u00ednea de Ana. Tampoco sus condiciones, trabajo y dem\u00e1s. Lavinia, entre su trabajo, la maternidad y sus gustos Valbonesi trata de equilibrar su tiempo entre sus dos hijos:\u00a0Alvarito y Furio\u00a0y su trabajo en el proyecto Ana. \u201cSoy una primera dama de territorio. Trabajamos de lunes a domingo. Recorrimos todas las provincias, me gusta estar en territorio\u201d, exclam\u00f3 la primera dama. Cuenta que ha llegado a los lugares en donde han habido emergencias como\u00a0Cayambe, Manab\u00ed y Guayas. All\u00e1 ha llevado kits de alimentaci\u00f3n, semillas, cuyes, etc. Lavinia Valbonesi reconoce que es una amante de la comida. Sus platos favoritos son los patacones con huevo, el arroz con menestra y el arroz verde con carne frita. De hecho. Fuente: El Tel\u00e9grafo<\/p>\n","protected":false},"author":1,"featured_media":24465,"comment_status":"open","ping_status":"open","sticky":false,"template":"","format":"standard","meta":{"footnotes":""},"categories":[268],"tags":[],"class_list":["post-24464","post","type-post","status-publish","format-standard","has-post-thumbnail","hentry","category-nacionales"],"_links":{"self":[{"href":"https:\/\/www.elamazonico.com\/portal\/wp-json\/wp\/v2\/posts\/24464","targetHints":{"allow":["GET"]}}],"collection":[{"href":"https:\/\/www.elamazonico.com\/portal\/wp-json\/wp\/v2\/posts"}],"about":[{"href":"https:\/\/www.elamazonico.com\/portal\/wp-json\/wp\/v2\/types\/post"}],"author":[{"embeddable":true,"href":"https:\/\/www.elamazonico.com\/portal\/wp-json\/wp\/v2\/users\/1"}],"replies":[{"embeddable":true,"href":"https:\/\/www.elamazonico.com\/portal\/wp-json\/wp\/v2\/comments?post=24464"}],"version-history":[{"count":1,"href":"https:\/\/www.elamazonico.com\/portal\/wp-json\/wp\/v2\/posts\/24464\/revisions"}],"predecessor-version":[{"id":24466,"href":"https:\/\/www.elamazonico.com\/portal\/wp-json\/wp\/v2\/posts\/24464\/revisions\/24466"}],"wp:featuredmedia":[{"embeddable":true,"href":"https:\/\/www.elamazonico.com\/portal\/wp-json\/wp\/v2\/media\/24465"}],"wp:attachment":[{"href":"https:\/\/www.elamazonico.com\/portal\/wp-json\/wp\/v2\/media?parent=24464"}],"wp:term":[{"taxonomy":"category","embeddable":true,"href":"https:\/\/www.elamazonico.com\/portal\/wp-json\/wp\/v2\/categories?post=24464"},{"taxonomy":"post_tag","embeddable":true,"href":"https:\/\/www.elamazonico.com\/portal\/wp-json\/wp\/v2\/tags?post=24464"}],"curies":[{"name":"wp","href":"https:\/\/api.w.org\/{rel}","templated":true}]}}