{"id":24461,"date":"2025-06-23T15:50:26","date_gmt":"2025-06-23T20:50:26","guid":{"rendered":"https:\/\/www.elamazonico.com\/portal\/?p=24461"},"modified":"2025-06-23T15:50:26","modified_gmt":"2025-06-23T20:50:26","slug":"tecnico-y-con-experiencia-penal-asi-deberia-ser-el-fiscal-general-del-estado-segun-juristas-y-academicos","status":"publish","type":"post","link":"https:\/\/www.elamazonico.com\/portal\/tecnico-y-con-experiencia-penal-asi-deberia-ser-el-fiscal-general-del-estado-segun-juristas-y-academicos\/","title":{"rendered":"T\u00e9cnico y con experiencia penal: as\u00ed deber\u00eda ser el Fiscal General del Estado, seg\u00fan juristas y acad\u00e9micos"},"content":{"rendered":"<p>Formaci\u00f3n penal s\u00f3lida, experiencia pr\u00e1ctica en litigaci\u00f3n, \u00e9tica profesional comprobada y comprensi\u00f3n del entorno pol\u00edtico. Esas son algunas de las caracter\u00edsticas que debe tener el pr\u00f3ximo Fiscal General del Estado, seg\u00fan coincidieron varios expertos reunidos en un conversatorio realizado este 23 de junio de 2025 en la Universidad Andina Sim\u00f3n Bol\u00edvar, en Quito.<\/p>\n<p>El evento se realiz\u00f3 en el contexto del proceso de selecci\u00f3n del Fiscal, que lleva adelante el Consejo de Participaci\u00f3n Ciudadana y Control Social (CPCCS) y reuni\u00f3 a juristas, acad\u00e9micos y representantes gremiales, con el objetivo de discutir los est\u00e1ndares m\u00ednimos que debe cumplir quien asuma la titularidad de esta instituci\u00f3n.<\/p>\n<p><strong>Conocimientos t\u00e9cnicos y experiencia penal<\/strong><br \/>\n\u201cDebe ser un abogado penalista, que conozca de derecho penal, procesal penal y pol\u00edtica criminal, pero sobre todo que tenga pr\u00e1ctica diaria en el sistema\u201d, subray\u00f3 Mar\u00eda del Mar Gallegos, litigante penal y una de las panelistas.<\/p>\n<p>En su criterio, la experiencia en el terreno es indispensable para conocer las falencias estructurales del sistema judicial y para saber c\u00f3mo abordarlas desde la Fiscal\u00eda.<\/p>\n<p>Pamela Aguirre, abogada constitucionalista, agreg\u00f3 que el pr\u00f3ximo fiscal debe actuar como garante del debido proceso, pero tambi\u00e9n ser firme en la persecuci\u00f3n penal.<\/p>\n<blockquote><p>\u201cLa Fiscal\u00eda es la llave de la confianza ciudadana en la justicia. No puede estar en manos de improvisados ni de personas sin formaci\u00f3n penal espec\u00edfica\u201d. Pamela Aguirre, abogada constitucionalista.<\/p><\/blockquote>\n<p>Ambas expertas coincidieron en que no se trata solo de cumplir requisitos legales. El pr\u00f3ximo fiscal debe entender el rol institucional de la Fiscal\u00eda como \u00f3rgano aut\u00f3nomo, t\u00e9cnico y con alta carga pol\u00edtica. Y eso requiere tambi\u00e9n conocimiento de derecho constitucional y derecho penal internacional.<\/p>\n<p><strong>Probidad y \u00e9tica profesional<\/strong><br \/>\nAdem\u00e1s de lo t\u00e9cnico, el componente \u00e9tico fue reiterado por todos los panelistas, dijo Gallegos, quien record\u00f3 que la Fiscal\u00eda, aunque no forma parte de la funci\u00f3n ejecutiva, cumple un rol pol\u00edtico en t\u00e9rminos de lucha contra la impunidad.<\/p>\n<blockquote><p>\n\u201cLa hoja de vida debe ser intachable. No podemos tener una autoridad que genere dudas sobre su integridad\u201d. <strong>Mar\u00eda del Mar Gallegos, litigante penal.\u00a0<\/strong><\/p><\/blockquote>\n<p>Pa\u00fal Oca\u00f1a, presidente del Colegio de Abogados de Pichincha, resalt\u00f3 que el perfil ideal tambi\u00e9n debe tener capacidad para generar confianza, dentro y fuera del sistema de justicia. \u201cTodos los que trabajamos en derecho penal sabemos qui\u00e9n es qui\u00e9n. La transparencia empieza por el perfil del candidato\u201d, dijo.<\/p>\n<p><strong>Capacidad de leer el contexto pol\u00edtico<\/strong><br \/>\nOtro elemento clave es que el pr\u00f3ximo Fiscal General sepa actuar con independencia y, al mismo tiempo, interpretar el contexto pol\u00edtico sin dejarse arrastrar por \u00e9l.<\/p>\n<p>\u201cNo se trata de que tome partido, sino de que entienda cu\u00e1l es el momento que vive el pa\u00eds y c\u00f3mo ejercer su rol sin convertirse en actor pol\u00edtico\u201d, explic\u00f3 Gallegos. Para eso, dijeron los panelistas, se necesita temple, autonom\u00eda y una visi\u00f3n clara de lo que implica hacer pol\u00edtica criminal desde el Estado.<\/p>\n<p><strong>El CES busca proponer un candidato<\/strong><br \/>\nEl presidente del Consejo de Educaci\u00f3n Superior (CES), Pablo Beltr\u00e1n, anunci\u00f3 durante el evento que el organismo trabaja para impulsar la participaci\u00f3n de acad\u00e9micos en este concurso.<\/p>\n<p>Seg\u00fan dijo, la idea es que docentes y expertos universitarios puedan postular como candidatos, contribuyendo con perfiles t\u00e9cnicos y comprometidos con el pa\u00eds.<\/p>\n<p>\u201cEl Ecuador necesita autoridades competentes y \u00e9ticas. Por eso, desde el CES hemos suscrito un convenio con el CPCCS para promover la participaci\u00f3n acad\u00e9mica en este y futuros procesos de selecci\u00f3n\u201d, asegur\u00f3 Beltr\u00e1n. <strong>Fuente: Primicias<\/strong><\/p>\n","protected":false},"excerpt":{"rendered":"<p>Formaci\u00f3n penal s\u00f3lida, experiencia pr\u00e1ctica en litigaci\u00f3n, \u00e9tica profesional comprobada y comprensi\u00f3n del entorno pol\u00edtico. Esas son algunas de las caracter\u00edsticas que debe tener el pr\u00f3ximo Fiscal General del Estado, seg\u00fan coincidieron varios expertos reunidos en un conversatorio realizado este 23 de junio de 2025 en la Universidad Andina Sim\u00f3n Bol\u00edvar, en Quito. El evento se realiz\u00f3 en el contexto del proceso de selecci\u00f3n del Fiscal, que lleva adelante el Consejo de Participaci\u00f3n Ciudadana y Control Social (CPCCS) y reuni\u00f3 a juristas, acad\u00e9micos y representantes gremiales, con el objetivo de discutir los est\u00e1ndares m\u00ednimos que debe cumplir quien asuma la titularidad de esta instituci\u00f3n. Conocimientos t\u00e9cnicos y experiencia penal \u201cDebe ser un abogado penalista, que conozca de derecho penal, procesal penal y pol\u00edtica criminal, pero sobre todo que tenga pr\u00e1ctica diaria en el sistema\u201d, subray\u00f3 Mar\u00eda del Mar Gallegos, litigante penal y una de las panelistas. En su criterio, la experiencia en el terreno es indispensable para conocer las falencias estructurales del sistema judicial y para saber c\u00f3mo abordarlas desde la Fiscal\u00eda. Pamela Aguirre, abogada constitucionalista, agreg\u00f3 que el pr\u00f3ximo fiscal debe actuar como garante del debido proceso, pero tambi\u00e9n ser firme en la persecuci\u00f3n penal. \u201cLa Fiscal\u00eda es la llave de la confianza ciudadana en la justicia. No puede estar en manos de improvisados ni de personas sin formaci\u00f3n penal espec\u00edfica\u201d. Pamela Aguirre, abogada constitucionalista. Ambas expertas coincidieron en que no se trata solo de cumplir requisitos legales. El pr\u00f3ximo fiscal debe entender el rol institucional de la Fiscal\u00eda como \u00f3rgano aut\u00f3nomo, t\u00e9cnico y con alta carga pol\u00edtica. Y eso requiere tambi\u00e9n conocimiento de derecho constitucional y derecho penal internacional. Probidad y \u00e9tica profesional Adem\u00e1s de lo t\u00e9cnico, el componente \u00e9tico fue reiterado por todos los panelistas, dijo Gallegos, quien record\u00f3 que la Fiscal\u00eda, aunque no forma parte de la funci\u00f3n ejecutiva, cumple un rol pol\u00edtico en t\u00e9rminos de lucha contra la impunidad. \u201cLa hoja de vida debe ser intachable. No podemos tener una autoridad que genere dudas sobre su integridad\u201d. Mar\u00eda del Mar Gallegos, litigante penal.\u00a0 Pa\u00fal Oca\u00f1a, presidente del Colegio de Abogados de Pichincha, resalt\u00f3 que el perfil ideal tambi\u00e9n debe tener capacidad para generar confianza, dentro y fuera del sistema de justicia. \u201cTodos los que trabajamos en derecho penal sabemos qui\u00e9n es qui\u00e9n. La transparencia empieza por el perfil del candidato\u201d, dijo. Capacidad de leer el contexto pol\u00edtico Otro elemento clave es que el pr\u00f3ximo Fiscal General sepa actuar con independencia y, al mismo tiempo, interpretar el contexto pol\u00edtico sin dejarse arrastrar por \u00e9l. \u201cNo se trata de que tome partido, sino de que entienda cu\u00e1l es el momento que vive el pa\u00eds y c\u00f3mo ejercer su rol sin convertirse en actor pol\u00edtico\u201d, explic\u00f3 Gallegos. Para eso, dijeron los panelistas, se necesita temple, autonom\u00eda y una visi\u00f3n clara de lo que implica hacer pol\u00edtica criminal desde el Estado. El CES busca proponer un candidato El presidente del Consejo de Educaci\u00f3n Superior (CES), Pablo Beltr\u00e1n, anunci\u00f3 durante el evento que el organismo trabaja para impulsar la participaci\u00f3n de acad\u00e9micos en este concurso. Seg\u00fan dijo, la idea es que docentes y expertos universitarios puedan postular como candidatos, contribuyendo con perfiles t\u00e9cnicos y comprometidos con el pa\u00eds. \u201cEl Ecuador necesita autoridades competentes y \u00e9ticas. Por eso, desde el CES hemos suscrito un convenio con el CPCCS para promover la participaci\u00f3n acad\u00e9mica en este y futuros procesos de selecci\u00f3n\u201d, asegur\u00f3 Beltr\u00e1n. Fuente: Primicias<\/p>\n","protected":false},"author":1,"featured_media":24462,"comment_status":"open","ping_status":"open","sticky":false,"template":"","format":"standard","meta":{"footnotes":""},"categories":[268],"tags":[],"class_list":["post-24461","post","type-post","status-publish","format-standard","has-post-thumbnail","hentry","category-nacionales"],"_links":{"self":[{"href":"https:\/\/www.elamazonico.com\/portal\/wp-json\/wp\/v2\/posts\/24461","targetHints":{"allow":["GET"]}}],"collection":[{"href":"https:\/\/www.elamazonico.com\/portal\/wp-json\/wp\/v2\/posts"}],"about":[{"href":"https:\/\/www.elamazonico.com\/portal\/wp-json\/wp\/v2\/types\/post"}],"author":[{"embeddable":true,"href":"https:\/\/www.elamazonico.com\/portal\/wp-json\/wp\/v2\/users\/1"}],"replies":[{"embeddable":true,"href":"https:\/\/www.elamazonico.com\/portal\/wp-json\/wp\/v2\/comments?post=24461"}],"version-history":[{"count":1,"href":"https:\/\/www.elamazonico.com\/portal\/wp-json\/wp\/v2\/posts\/24461\/revisions"}],"predecessor-version":[{"id":24463,"href":"https:\/\/www.elamazonico.com\/portal\/wp-json\/wp\/v2\/posts\/24461\/revisions\/24463"}],"wp:featuredmedia":[{"embeddable":true,"href":"https:\/\/www.elamazonico.com\/portal\/wp-json\/wp\/v2\/media\/24462"}],"wp:attachment":[{"href":"https:\/\/www.elamazonico.com\/portal\/wp-json\/wp\/v2\/media?parent=24461"}],"wp:term":[{"taxonomy":"category","embeddable":true,"href":"https:\/\/www.elamazonico.com\/portal\/wp-json\/wp\/v2\/categories?post=24461"},{"taxonomy":"post_tag","embeddable":true,"href":"https:\/\/www.elamazonico.com\/portal\/wp-json\/wp\/v2\/tags?post=24461"}],"curies":[{"name":"wp","href":"https:\/\/api.w.org\/{rel}","templated":true}]}}