{"id":24455,"date":"2025-06-23T15:32:21","date_gmt":"2025-06-23T20:32:21","guid":{"rendered":"https:\/\/www.elamazonico.com\/portal\/?p=24455"},"modified":"2025-06-23T15:32:21","modified_gmt":"2025-06-23T20:32:21","slug":"iran-bombardea-la-mayor-base-militar-de-ee-uu-en-catar-y-advierte-que-no-dejara-ningun-ataque-sin-respuesta","status":"publish","type":"post","link":"https:\/\/www.elamazonico.com\/portal\/iran-bombardea-la-mayor-base-militar-de-ee-uu-en-catar-y-advierte-que-no-dejara-ningun-ataque-sin-respuesta\/","title":{"rendered":"Ir\u00e1n bombardea la mayor base militar de EE.UU. en Catar y advierte que &#8216;no dejar\u00e1 ning\u00fan ataque sin respuesta&#8217;"},"content":{"rendered":"<div class=\"paragraph texto\">\n<p class=\"p_0\"><b><a href=\"https:\/\/www.vistazo.com\/cronologia\/-\/meta\/iran\" target=\"_blank\" rel=\"noopener noreferrer\">Ir\u00e1n<\/a>\u00a0<\/b>confirm\u00f3 que atac\u00f3 este lunes la\u00a0<b>mayor base militar<\/b>\u00a0de\u00a0<b>Estados Unidos<\/b>\u00a0en Catar en respuesta a los bombardeos estadounidenses contra sus instalaciones\u00a0<b>nucleares<\/b>.<\/p>\n<p class=\"p_1\">\u00ab<u>En respuesta a la acci\u00f3n agresiva e insolente de Estados Unidos contra los sitios e instalaciones nucleares de Ir\u00e1n<\/u>, las potentes fuerzas armadas de la Rep\u00fablica Isl\u00e1mica de Ir\u00e1n atacaron la base a\u00e9rea estadounidense de Al Udeid\u00bb, en\u00a0<b>Catar<\/b>, afirm\u00f3 el Consejo de Seguridad Nacional de Ir\u00e1n en un comunicado.<\/p>\n<p class=\"p_3\">El n\u00famero de\u00a0<b>misiles\u00a0<\/b>utilizados \u00abfue el mismo que el n\u00famero de bombas que Estados Unidos hab\u00eda empleado al atacar las instalaciones nucleares iran\u00edes\u00bb, agreg\u00f3.<\/p>\n<div>\n<div class=\"trv-player-container\">\n<div class=\"trv-wrapper\">\n<div id=\"br_video_player_e476a591089a61a00ce8b14019c3ad5a7a4d6079\" class=\"trvd_video_player trvdfloater trv-right\">\n<div class=\"media-player\">\n<div class=\"trv-video\">\n<div id=\"truvid_ima_container30786\" class=\"truvid_ima_container\">\n<div>\u00abEsta acci\u00f3n no supone ninguna amenaza para nuestro pa\u00eds amigo y hermano, Catar\u00bb, a\u00f1adi\u00f3.<\/div>\n<\/div>\n<\/div>\n<\/div>\n<\/div>\n<\/div>\n<\/div>\n<\/div>\n<\/div>\n<h2 class=\"h2vistazo\">Advertencia de la Guardia Revolucionaria<\/h2>\n<div class=\"paragraph texto\">\n<p class=\"p_5\">La Guardia Revolucionaria iran\u00ed tambi\u00e9n asegur\u00f3 que Ir\u00e1n no dejar\u00e1 sin respuesta\u00a0<b>ning\u00fan ataque<\/b>\u00a0contra su integridad territorial, despu\u00e9s del ataque con misiles que efectu\u00f3 contra la base a\u00e9rea estadounidense de Al Udeid, situada a las afueras de la capital de Catar, Doha.<\/p>\n<p class=\"p_6\">\u00abLa Rep\u00fablica Isl\u00e1mica de Ir\u00e1n no dejar\u00e1 sin respuesta bajo ninguna circunstancia ning\u00fan ataque a su integridad territorial, soberan\u00eda y seguridad nacional\u00bb, dijo el Cuerpo de la Guardia Revolucionaria.<\/p>\n<p class=\"p_7\"><u>Ir\u00e1n atac\u00f3 este lunes Al Udeid -la mayor base estadounidense en todo Oriente Medio<\/u>, ubicada a las afueras de Doha y que alberga a unos 10.000 soldados- como\u00a0<b>represalia\u00a0<\/b>por los bombardeos estadounidenses del fin de semana contra tres instalaciones nucleares del pa\u00eds.<\/p>\n<p class=\"p_8\">Adem\u00e1s, la Guardia Revolucionaria ha asegurado que las bases militares estadounidenses en Oriente Medio \u00abno son una fortaleza, sino una gran debilidad\u00bb, y record\u00f3 que la base atacada en Catar es \u00ab<u>el cuartel general de la Fuerza A\u00e9rea y el mayor activo estrat\u00e9gico del ej\u00e9rcito estadounidense<\/u>\u00bb en la regi\u00f3n.<\/p>\n<p class=\"p_9\">Seg\u00fan denuncian, la agresi\u00f3n estadounidense del fin de semana dej\u00f3 claro que \u00abla maldad de los\u00a0<b>sionistas\u00a0<\/b>(Israel) era una extensi\u00f3n del plan estadounidense\u00bb y advierten de que cualquier nuevo ataque contra su territorio \u00abconducir\u00e1 a la aceleraci\u00f3n del colapso de militar estadounidense en la regi\u00f3n\u00bb.<\/p>\n<\/div>\n","protected":false},"excerpt":{"rendered":"<p>Ir\u00e1n\u00a0confirm\u00f3 que atac\u00f3 este lunes la\u00a0mayor base militar\u00a0de\u00a0Estados Unidos\u00a0en Catar en respuesta a los bombardeos estadounidenses contra sus instalaciones\u00a0nucleares. \u00abEn respuesta a la acci\u00f3n agresiva e insolente de Estados Unidos contra los sitios e instalaciones nucleares de Ir\u00e1n, las potentes fuerzas armadas de la Rep\u00fablica Isl\u00e1mica de Ir\u00e1n atacaron la base a\u00e9rea estadounidense de Al Udeid\u00bb, en\u00a0Catar, afirm\u00f3 el Consejo de Seguridad Nacional de Ir\u00e1n en un comunicado. El n\u00famero de\u00a0misiles\u00a0utilizados \u00abfue el mismo que el n\u00famero de bombas que Estados Unidos hab\u00eda empleado al atacar las instalaciones nucleares iran\u00edes\u00bb, agreg\u00f3. \u00abEsta acci\u00f3n no supone ninguna amenaza para nuestro pa\u00eds amigo y hermano, Catar\u00bb, a\u00f1adi\u00f3. Advertencia de la Guardia Revolucionaria La Guardia Revolucionaria iran\u00ed tambi\u00e9n asegur\u00f3 que Ir\u00e1n no dejar\u00e1 sin respuesta\u00a0ning\u00fan ataque\u00a0contra su integridad territorial, despu\u00e9s del ataque con misiles que efectu\u00f3 contra la base a\u00e9rea estadounidense de Al Udeid, situada a las afueras de la capital de Catar, Doha. \u00abLa Rep\u00fablica Isl\u00e1mica de Ir\u00e1n no dejar\u00e1 sin respuesta bajo ninguna circunstancia ning\u00fan ataque a su integridad territorial, soberan\u00eda y seguridad nacional\u00bb, dijo el Cuerpo de la Guardia Revolucionaria. Ir\u00e1n atac\u00f3 este lunes Al Udeid -la mayor base estadounidense en todo Oriente Medio, ubicada a las afueras de Doha y que alberga a unos 10.000 soldados- como\u00a0represalia\u00a0por los bombardeos estadounidenses del fin de semana contra tres instalaciones nucleares del pa\u00eds. Adem\u00e1s, la Guardia Revolucionaria ha asegurado que las bases militares estadounidenses en Oriente Medio \u00abno son una fortaleza, sino una gran debilidad\u00bb, y record\u00f3 que la base atacada en Catar es \u00abel cuartel general de la Fuerza A\u00e9rea y el mayor activo estrat\u00e9gico del ej\u00e9rcito estadounidense\u00bb en la regi\u00f3n. Seg\u00fan denuncian, la agresi\u00f3n estadounidense del fin de semana dej\u00f3 claro que \u00abla maldad de los\u00a0sionistas\u00a0(Israel) era una extensi\u00f3n del plan estadounidense\u00bb y advierten de que cualquier nuevo ataque contra su territorio \u00abconducir\u00e1 a la aceleraci\u00f3n del colapso de militar estadounidense en la regi\u00f3n\u00bb.<\/p>\n","protected":false},"author":1,"featured_media":24456,"comment_status":"open","ping_status":"open","sticky":false,"template":"","format":"standard","meta":{"footnotes":""},"categories":[268],"tags":[],"class_list":["post-24455","post","type-post","status-publish","format-standard","has-post-thumbnail","hentry","category-nacionales"],"_links":{"self":[{"href":"https:\/\/www.elamazonico.com\/portal\/wp-json\/wp\/v2\/posts\/24455","targetHints":{"allow":["GET"]}}],"collection":[{"href":"https:\/\/www.elamazonico.com\/portal\/wp-json\/wp\/v2\/posts"}],"about":[{"href":"https:\/\/www.elamazonico.com\/portal\/wp-json\/wp\/v2\/types\/post"}],"author":[{"embeddable":true,"href":"https:\/\/www.elamazonico.com\/portal\/wp-json\/wp\/v2\/users\/1"}],"replies":[{"embeddable":true,"href":"https:\/\/www.elamazonico.com\/portal\/wp-json\/wp\/v2\/comments?post=24455"}],"version-history":[{"count":1,"href":"https:\/\/www.elamazonico.com\/portal\/wp-json\/wp\/v2\/posts\/24455\/revisions"}],"predecessor-version":[{"id":24457,"href":"https:\/\/www.elamazonico.com\/portal\/wp-json\/wp\/v2\/posts\/24455\/revisions\/24457"}],"wp:featuredmedia":[{"embeddable":true,"href":"https:\/\/www.elamazonico.com\/portal\/wp-json\/wp\/v2\/media\/24456"}],"wp:attachment":[{"href":"https:\/\/www.elamazonico.com\/portal\/wp-json\/wp\/v2\/media?parent=24455"}],"wp:term":[{"taxonomy":"category","embeddable":true,"href":"https:\/\/www.elamazonico.com\/portal\/wp-json\/wp\/v2\/categories?post=24455"},{"taxonomy":"post_tag","embeddable":true,"href":"https:\/\/www.elamazonico.com\/portal\/wp-json\/wp\/v2\/tags?post=24455"}],"curies":[{"name":"wp","href":"https:\/\/api.w.org\/{rel}","templated":true}]}}