{"id":24445,"date":"2025-06-23T11:22:04","date_gmt":"2025-06-23T16:22:04","guid":{"rendered":"https:\/\/www.elamazonico.com\/portal\/?p=24445"},"modified":"2025-06-23T11:22:04","modified_gmt":"2025-06-23T16:22:04","slug":"glas-enfrenta-13-anos-de-carcel-por-caso-manabi-no-administre-ni-una-botella-de-agua-dice","status":"publish","type":"post","link":"https:\/\/www.elamazonico.com\/portal\/glas-enfrenta-13-anos-de-carcel-por-caso-manabi-no-administre-ni-una-botella-de-agua-dice\/","title":{"rendered":"Glas enfrenta 13 a\u00f1os de c\u00e1rcel por caso Manab\u00ed: \u2018No administr\u00e9 ni una botella de agua, dice"},"content":{"rendered":"<p>El juicio por presunto peculado en la reconstrucci\u00f3n de Manab\u00ed sigue sumando tensi\u00f3n. La Fiscal\u00eda pidi\u00f3 13 a\u00f1os de prisi\u00f3n para Jorge Glas y Carlos Bernal, mientras el exvicepresidente insiste en que no manej\u00f3 ni un d\u00f3lar.<\/p>\n<div class=\"google-auto-placed ap_container\"><ins class=\"adsbygoogle adsbygoogle-noablate\" data-ad-format=\"auto\" data-ad-client=\"ca-pub-7837679359314521\" data-adsbygoogle-status=\"done\" data-ad-status=\"filled\"><\/p>\n<div id=\"aswift_1_host\"><iframe id=\"aswift_1\" tabindex=\"0\" title=\"Advertisement\" src=\"https:\/\/googleads.g.doubleclick.net\/pagead\/ads?client=ca-pub-7837679359314521&amp;output=html&amp;h=280&amp;adk=447382666&amp;adf=4003662409&amp;w=700&amp;abgtt=6&amp;fwrn=4&amp;fwrnh=100&amp;lmt=1750694973&amp;num_ads=1&amp;rafmt=1&amp;armr=3&amp;sem=mc&amp;pwprc=7177108918&amp;ad_type=text_image&amp;format=700x280&amp;url=https%3A%2F%2Fecuadorenvivo.com%2Fblog%2F2025%2F06%2F23%2Fglas-enfrenta-13-anos-de-carcel-por-caso-manabi-no-administre-ni-una-botella-de-agua-dice%2F&amp;fwr=0&amp;pra=3&amp;rh=175&amp;rw=700&amp;rpe=1&amp;resp_fmts=3&amp;wgl=1&amp;fa=27&amp;uach=WyJXaW5kb3dzIiwiMTAuMC4wIiwieDg2IiwiIiwiMTM3LjAuNzE1MS4xMjAiLG51bGwsMCxudWxsLCI2NCIsW1siR29vZ2xlIENocm9tZSIsIjEzNy4wLjcxNTEuMTIwIl0sWyJDaHJvbWl1bSIsIjEzNy4wLjcxNTEuMTIwIl0sWyJOb3QvQSlCcmFuZCIsIjI0LjAuMC4wIl1dLDBd&amp;dt=1750694973332&amp;bpp=2&amp;bdt=470&amp;idt=-M&amp;shv=r20250617&amp;mjsv=m202506170101&amp;ptt=9&amp;saldr=aa&amp;abxe=1&amp;cookie=ID%3Dd098912e4ff1fc64%3AT%3D1739306288%3ART%3D1750694892%3AS%3DALNI_MYVtprppY8q6-4XN_JutBmfAk4oeg&amp;gpic=UID%3D00000feeb9c6269d%3AT%3D1739306288%3ART%3D1750694892%3AS%3DALNI_MZHPNOIf7UWkvSEfD9THuGlX2j9Cw&amp;eo_id_str=ID%3D6d880834e8860579%3AT%3D1739306288%3ART%3D1750694892%3AS%3DAA-AfjbKZWkemPgfCPLBDO5QcWNu&amp;prev_fmts=0x0&amp;nras=2&amp;correlator=8338931483301&amp;frm=20&amp;pv=1&amp;u_tz=-300&amp;u_his=4&amp;u_h=768&amp;u_w=1366&amp;u_ah=728&amp;u_aw=1366&amp;u_cd=24&amp;u_sd=0.9&amp;dmc=8&amp;adx=211&amp;ady=1537&amp;biw=1501&amp;bih=674&amp;scr_x=0&amp;scr_y=0&amp;eid=31092114%2C42531705%2C95333409%2C95353386%2C95362302%2C95362435%2C95362655%2C95364340%2C42533294%2C95344791%2C95359265%2C95364333%2C95364390&amp;oid=2&amp;pvsid=3126824082220911&amp;tmod=810912006&amp;uas=0&amp;nvt=1&amp;ref=https%3A%2F%2Fecuadorenvivo.com%2F&amp;fc=1408&amp;brdim=0%2C0%2C0%2C0%2C1366%2C0%2C1366%2C728%2C1517%2C674&amp;vis=1&amp;rsz=%7C%7Cs%7C&amp;abl=NS&amp;fu=128&amp;bc=31&amp;bz=0.9&amp;td=1&amp;tdf=2&amp;psd=W251bGwsbnVsbCxudWxsLDNd&amp;nt=1&amp;pgls=CAA.~CAEaBTYuOC4x~CAEQBBoHMS4xNTQuMA..&amp;ifi=2&amp;uci=a!2&amp;btvi=1&amp;fsb=1&amp;dtd=8\" name=\"aswift_1\" width=\"700\" height=\"280\" frameborder=\"0\" marginwidth=\"0\" marginheight=\"0\" scrolling=\"no\" sandbox=\"allow-forms allow-popups allow-popups-to-escape-sandbox allow-same-origin allow-scripts allow-top-navigation-by-user-activation\" data-google-container-id=\"a!2\" aria-label=\"Advertisement\" data-google-query-id=\"CLbPgID3h44DFV9U3QIdqMYDgA\" data-load-complete=\"true\" data-mce-fragment=\"1\"><\/iframe><\/div>\n<p><\/ins><\/div>\n<p>Este domingo 22 de junio de 2025, la audiencia fue suspendida tras cinco jornadas intensas en la Corte Nacional de Justicia, en Quito. El Tribunal anunci\u00f3 que deliberar\u00e1 de forma permanente y dar\u00e1 su veredicto el pr\u00f3ximo\u00a0<strong>lunes 30 de junio, a las 09:00<\/strong>.<\/p>\n<p>La Fiscal\u00eda, junto al Consejo de Participaci\u00f3n Ciudadana (Cpccs) y la Procuradur\u00eda General del Estado, no solo solicitaron la pena m\u00e1xima para los acusados, sino tambi\u00e9n\u00a0<strong>una reparaci\u00f3n integral de USD 225 millones<\/strong>\u00a0y disculpas p\u00fablicas.<\/p>\n<h3 class=\"wp-block-heading\">\u201cNo he robado un centavo\u201d<\/h3>\n<p>En su intervenci\u00f3n final, Jorge Glas defendi\u00f3 su gesti\u00f3n al frente del Comit\u00e9 de Reconstrucci\u00f3n creado tras el terremoto de abril de 2016. \u201cYo no me he robado un centavo porque no he asignado un d\u00f3lar ni lo he administrado. Priorizar proyectos no es igual a contratarlos\u201d, dijo.<\/p>\n<p>Incluso fue m\u00e1s enf\u00e1tico al se\u00f1alar:\u00a0<strong>\u201cYo no administr\u00e9 nada, ni siquiera las botellas de agua que se entregaban en las sesiones\u201d<\/strong>, cuestionando que se lo acuse de peculado sin haber tenido acceso a recursos p\u00fablicos.<\/p>\n<p>Glas tambi\u00e9n se apoy\u00f3 en ejemplos hist\u00f3ricos para argumentar su defensa, comparando las medidas adoptadas por su gobierno con las pol\u00edticas contrac\u00edclicas del New Deal de Franklin Roosevelt en Estados Unidos, tras la Gran Depresi\u00f3n.<\/p>\n<p>Record\u00f3 que lider\u00f3 la reconstrucci\u00f3n durante unos 11 o 12 meses, hasta mayo de 2017, cuando el entonces presidente Len\u00edn Moreno \u2014seg\u00fan Glas\u2014 redujo los recursos asignados. \u201cSi despu\u00e9s no se hicieron las obras o no se les dio mantenimiento, es responsabilidad de otros gobiernos\u201d, a\u00f1adi\u00f3.<\/p>\n<div class=\"google-auto-placed ap_container\"><ins class=\"adsbygoogle adsbygoogle-noablate\" data-ad-format=\"auto\" data-ad-client=\"ca-pub-7837679359314521\" data-adsbygoogle-status=\"done\" data-ad-status=\"filled\"><\/p>\n<div id=\"aswift_2_host\">El caso, que ha sacudido nuevamente la escena pol\u00edtica ecuatoriana, pone en la mira el manejo de fondos destinados a la reconstrucci\u00f3n de una de las zonas m\u00e1s golpeadas por el terremoto del 2016. El pr\u00f3ximo 30 de junio se sabr\u00e1 si el Tribunal acoge la petici\u00f3n de Fiscal\u00eda o si Glas y Bernal logran evitar una nueva condena.<\/div>\n<p><\/ins><\/div>\n<p>&nbsp;<\/p>\n<figure class=\"wp-block-embed is-type-rich is-provider-twitter wp-block-embed-twitter\">\n<div class=\"wp-block-embed__wrapper\">\n<div class=\"embed-twitter\">\n<div class=\"twitter-tweet twitter-tweet-rendered\"><iframe id=\"twitter-widget-0\" class=\"\" title=\"X Post\" src=\"https:\/\/platform.twitter.com\/embed\/Tweet.html?creatorScreenName=ecuadorenvivo&amp;dnt=true&amp;embedId=twitter-widget-0&amp;features=eyJ0ZndfdGltZWxpbmVfbGlzdCI6eyJidWNrZXQiOltdLCJ2ZXJzaW9uIjpudWxsfSwidGZ3X2ZvbGxvd2VyX2NvdW50X3N1bnNldCI6eyJidWNrZXQiOnRydWUsInZlcnNpb24iOm51bGx9LCJ0ZndfdHdlZXRfZWRpdF9iYWNrZW5kIjp7ImJ1Y2tldCI6Im9uIiwidmVyc2lvbiI6bnVsbH0sInRmd19yZWZzcmNfc2Vzc2lvbiI6eyJidWNrZXQiOiJvbiIsInZlcnNpb24iOm51bGx9LCJ0ZndfZm9zbnJfc29mdF9pbnRlcnZlbnRpb25zX2VuYWJsZWQiOnsiYnVja2V0Ijoib24iLCJ2ZXJzaW9uIjpudWxsfSwidGZ3X21peGVkX21lZGlhXzE1ODk3Ijp7ImJ1Y2tldCI6InRyZWF0bWVudCIsInZlcnNpb24iOm51bGx9LCJ0ZndfZXhwZXJpbWVudHNfY29va2llX2V4cGlyYXRpb24iOnsiYnVja2V0IjoxMjA5NjAwLCJ2ZXJzaW9uIjpudWxsfSwidGZ3X3Nob3dfYmlyZHdhdGNoX3Bpdm90c19lbmFibGVkIjp7ImJ1Y2tldCI6Im9uIiwidmVyc2lvbiI6bnVsbH0sInRmd19kdXBsaWNhdGVfc2NyaWJlc190b19zZXR0aW5ncyI6eyJidWNrZXQiOiJvbiIsInZlcnNpb24iOm51bGx9LCJ0ZndfdXNlX3Byb2ZpbGVfaW1hZ2Vfc2hhcGVfZW5hYmxlZCI6eyJidWNrZXQiOiJvbiIsInZlcnNpb24iOm51bGx9LCJ0ZndfdmlkZW9faGxzX2R5bmFtaWNfbWFuaWZlc3RzXzE1MDgyIjp7ImJ1Y2tldCI6InRydWVfYml0cmF0ZSIsInZlcnNpb24iOm51bGx9LCJ0ZndfbGVnYWN5X3RpbWVsaW5lX3N1bnNldCI6eyJidWNrZXQiOnRydWUsInZlcnNpb24iOm51bGx9LCJ0ZndfdHdlZXRfZWRpdF9mcm9udGVuZCI6eyJidWNrZXQiOiJvbiIsInZlcnNpb24iOm51bGx9fQ%3D%3D&amp;frame=false&amp;hideCard=false&amp;hideThread=false&amp;id=1936919589570429409&amp;lang=es&amp;origin=https%3A%2F%2Fecuadorenvivo.com%2Fblog%2F2025%2F06%2F23%2Fglas-enfrenta-13-anos-de-carcel-por-caso-manabi-no-administre-ni-una-botella-de-agua-dice%2F&amp;sessionId=b2bc4ed576f61157da1459e12a0fc827a8203b24&amp;siteScreenName=ecuadorenvivo&amp;theme=light&amp;widgetsVersion=2615f7e52b7e0%3A1702314776716&amp;width=550px\" frameborder=\"0\" scrolling=\"no\" allowfullscreen=\"allowfullscreen\" data-tweet-id=\"1936919589570429409\" data-mce-fragment=\"1\"><\/iframe><\/div>\n<div>Fuente: Ecuadorenvivo<\/div>\n<\/div>\n<\/div>\n<\/figure>\n","protected":false},"excerpt":{"rendered":"<p>El juicio por presunto peculado en la reconstrucci\u00f3n de Manab\u00ed sigue sumando tensi\u00f3n. La Fiscal\u00eda pidi\u00f3 13 a\u00f1os de prisi\u00f3n para Jorge Glas y Carlos Bernal, mientras el exvicepresidente insiste en que no manej\u00f3 ni un d\u00f3lar. Este domingo 22 de junio de 2025, la audiencia fue suspendida tras cinco jornadas intensas en la Corte Nacional de Justicia, en Quito. El Tribunal anunci\u00f3 que deliberar\u00e1 de forma permanente y dar\u00e1 su veredicto el pr\u00f3ximo\u00a0lunes 30 de junio, a las 09:00. La Fiscal\u00eda, junto al Consejo de Participaci\u00f3n Ciudadana (Cpccs) y la Procuradur\u00eda General del Estado, no solo solicitaron la pena m\u00e1xima para los acusados, sino tambi\u00e9n\u00a0una reparaci\u00f3n integral de USD 225 millones\u00a0y disculpas p\u00fablicas. \u201cNo he robado un centavo\u201d En su intervenci\u00f3n final, Jorge Glas defendi\u00f3 su gesti\u00f3n al frente del Comit\u00e9 de Reconstrucci\u00f3n creado tras el terremoto de abril de 2016. \u201cYo no me he robado un centavo porque no he asignado un d\u00f3lar ni lo he administrado. Priorizar proyectos no es igual a contratarlos\u201d, dijo. Incluso fue m\u00e1s enf\u00e1tico al se\u00f1alar:\u00a0\u201cYo no administr\u00e9 nada, ni siquiera las botellas de agua que se entregaban en las sesiones\u201d, cuestionando que se lo acuse de peculado sin haber tenido acceso a recursos p\u00fablicos. Glas tambi\u00e9n se apoy\u00f3 en ejemplos hist\u00f3ricos para argumentar su defensa, comparando las medidas adoptadas por su gobierno con las pol\u00edticas contrac\u00edclicas del New Deal de Franklin Roosevelt en Estados Unidos, tras la Gran Depresi\u00f3n. Record\u00f3 que lider\u00f3 la reconstrucci\u00f3n durante unos 11 o 12 meses, hasta mayo de 2017, cuando el entonces presidente Len\u00edn Moreno \u2014seg\u00fan Glas\u2014 redujo los recursos asignados. \u201cSi despu\u00e9s no se hicieron las obras o no se les dio mantenimiento, es responsabilidad de otros gobiernos\u201d, a\u00f1adi\u00f3. El caso, que ha sacudido nuevamente la escena pol\u00edtica ecuatoriana, pone en la mira el manejo de fondos destinados a la reconstrucci\u00f3n de una de las zonas m\u00e1s golpeadas por el terremoto del 2016. El pr\u00f3ximo 30 de junio se sabr\u00e1 si el Tribunal acoge la petici\u00f3n de Fiscal\u00eda o si Glas y Bernal logran evitar una nueva condena. &nbsp; Fuente: Ecuadorenvivo<\/p>\n","protected":false},"author":1,"featured_media":24446,"comment_status":"open","ping_status":"open","sticky":false,"template":"","format":"standard","meta":{"footnotes":""},"categories":[268],"tags":[],"class_list":["post-24445","post","type-post","status-publish","format-standard","has-post-thumbnail","hentry","category-nacionales"],"_links":{"self":[{"href":"https:\/\/www.elamazonico.com\/portal\/wp-json\/wp\/v2\/posts\/24445","targetHints":{"allow":["GET"]}}],"collection":[{"href":"https:\/\/www.elamazonico.com\/portal\/wp-json\/wp\/v2\/posts"}],"about":[{"href":"https:\/\/www.elamazonico.com\/portal\/wp-json\/wp\/v2\/types\/post"}],"author":[{"embeddable":true,"href":"https:\/\/www.elamazonico.com\/portal\/wp-json\/wp\/v2\/users\/1"}],"replies":[{"embeddable":true,"href":"https:\/\/www.elamazonico.com\/portal\/wp-json\/wp\/v2\/comments?post=24445"}],"version-history":[{"count":1,"href":"https:\/\/www.elamazonico.com\/portal\/wp-json\/wp\/v2\/posts\/24445\/revisions"}],"predecessor-version":[{"id":24447,"href":"https:\/\/www.elamazonico.com\/portal\/wp-json\/wp\/v2\/posts\/24445\/revisions\/24447"}],"wp:featuredmedia":[{"embeddable":true,"href":"https:\/\/www.elamazonico.com\/portal\/wp-json\/wp\/v2\/media\/24446"}],"wp:attachment":[{"href":"https:\/\/www.elamazonico.com\/portal\/wp-json\/wp\/v2\/media?parent=24445"}],"wp:term":[{"taxonomy":"category","embeddable":true,"href":"https:\/\/www.elamazonico.com\/portal\/wp-json\/wp\/v2\/categories?post=24445"},{"taxonomy":"post_tag","embeddable":true,"href":"https:\/\/www.elamazonico.com\/portal\/wp-json\/wp\/v2\/tags?post=24445"}],"curies":[{"name":"wp","href":"https:\/\/api.w.org\/{rel}","templated":true}]}}