{"id":24438,"date":"2025-06-23T08:56:45","date_gmt":"2025-06-23T13:56:45","guid":{"rendered":"https:\/\/www.elamazonico.com\/portal\/?p=24438"},"modified":"2025-06-23T08:56:45","modified_gmt":"2025-06-23T13:56:45","slug":"1-millon-por-alias-fede-policias-y-militares-recibiran-recompensa-si-logran-abatir-al-cabecilla-profugo","status":"publish","type":"post","link":"https:\/\/www.elamazonico.com\/portal\/1-millon-por-alias-fede-policias-y-militares-recibiran-recompensa-si-logran-abatir-al-cabecilla-profugo\/","title":{"rendered":"$1 mill\u00f3n por alias &#8216;Fede&#8217;: Polic\u00edas y militares recibir\u00e1n recompensa si logran abatir al cabecilla pr\u00f3fugo"},"content":{"rendered":"<div class=\"paragraph texto\">\n<p class=\"p_0\">Tras la fuga de Federico G\u00f3mez,\u00a0<a href=\"https:\/\/www.vistazo.com\/cronologia\/-\/meta\/alias-fede\" target=\"_blank\" rel=\"noopener noreferrer\"><b>alias\u00a0<\/b><i><b>\u2018Fede\u2019<\/b><\/i><\/a>, el Gobierno ofreci\u00f3 una<b>\u00a0recompensa de un mill\u00f3n de d\u00f3lares<\/b>\u00a0por su\u00a0<b>captura o \u201cbaja\u201d<\/b>. El cabecilla de la organizaci\u00f3n criminal\u00a0<i><b>Los \u00c1guilas<\/b><\/i>, que se escap\u00f3 el viernes de la Penitenciar\u00eda del Litoral, en Guayaquil, es considerado un\u00a0<b>objetivo militar<\/b>.<\/p>\n<p class=\"p_1\">Esa suma de dinero ser\u00e1 otorgada a quienes aporten\u00a0<b>informaci\u00f3n confiable<\/b>\u00a0que conduzca al paradero del pr\u00f3fugo, as\u00ed como a<b>\u00a0polic\u00edas o militares<\/b>\u00a0que logren abatir al pr\u00f3fugo.<b><\/b><\/p>\n<p class=\"p_3\"><b>Alias &#8216;Fede&#8217;<\/b>, de 39 a\u00f1os, es uno de los cabecillas de la banda Los \u00c1guilas, anteriormente liderada por\u00a0<b>Junior Rold\u00e1n Paredes<\/b>, alias &#8216;JR&#8217;, quien fue asesinado en Colombia.<\/p>\n<div class=\"Center2Display\">\n<div id=\"Center2\" data-google-query-id=\"CNGh0PHYh44DFdSPWgUdbT46zw\">\n<div id=\"google_ads_iframe_\/21839199781\/Vistazo\/Vistazo_Center2_0__container__\">G\u00f3mez registra antecedentes penales desde 2009, por asesinato, robo, asociaci\u00f3n il\u00edcita y tenencia ilegal de armas.<\/div>\n<\/div>\n<\/div>\n<\/div>\n<h2 class=\"h2vistazo\">Recompensa de un mill\u00f3n de d\u00f3lares<\/h2>\n<div class=\"paragraph texto\">\n<p class=\"p_5\">A trav\u00e9s de un video, el ministro del Interior,\u00a0<b>Gian Carlo Loffredo<\/b>, dijo que el Gobierno \u00abofrece una recompensa de un mill\u00f3n de d\u00f3lares a quien entregue informaci\u00f3n verificada que permita la ubicaci\u00f3n y captura de alias &#8216;Fede&#8217;,\u00a0<u>uno de los criminales m\u00e1s buscados y peligrosos de Ecuador<\/u>\u00ab.<\/p>\n<p class=\"p_6\">\u00abEste sujeto lidera estructuras delictivas que han sembrado muerte y terror, y eso se acab\u00f3. El Estado lo busca y lo va a encontrar. Vamos a desarticular completamente su red criminal y responderemos con toda la fuerza de la ley\u00bb, advirti\u00f3.<\/p>\n<p class=\"p_7\">\u00abToda la informaci\u00f3n suministrada ser\u00e1 tratada con absoluta\u00a0<b>reserva<\/b>\u00ab, aclar\u00f3.<\/p>\n<p class=\"p_8\">En el mismo video, el ministro del Interior,\u00a0<b>John Reimberg<\/b>, dijo que \u00abnadie puede desafiar el Estado y pretender quedar impune\u00bb.<\/p>\n<p class=\"p_9\">\u00ab<u>El Gobierno reconocer\u00e1 con la misma recompensa de un mill\u00f3n de d\u00f3lares a los miembros de la Polic\u00eda Nacional y de las Fuerzas Armadas que logren capturar o dar de baja a\u00a0<\/u><u><b>Rolando Federico G\u00f3mez Kinde<\/b><\/u>, alias &#8216;Fede&#8217;, al tratarse de un objetivo militar, en el marco del cumplimiento de su deber\u00bb.<\/p>\n<p class=\"p_10\">\u00abA los delincuentes les decimos, se les acab\u00f3 el tiempo, no hay escondite, no hay refugio, no hay tregua. El Ecuador no se rinde, el Estado est\u00e1 de pie y responde\u00bb, subray\u00f3.<\/p>\n<p class=\"p_11\"><strong>22 procesados por la fuga<\/strong><\/p>\n<\/div>\n<div class=\"paragraph texto\">\n<p class=\"p_12\">Este domingo, un juez dict\u00f3\u00a0<b>prisi\u00f3n preventiva<\/b>\u00a0para\u00a0<b>22 personas<\/b>\u00a0\u2014entre ellas\u00a0<b>19 militares<\/b>,\u00a0<b>2 funcionarios del SNAI<\/b>\u00a0y\u00a0<b>1 interno del centro penitenciario<\/b>\u2014 por su presunta participaci\u00f3n en la fuga de alias\u00a0<i>\u2018Fede\u2019<\/i>. Todos fueron procesados por el delito de\u00a0<b>evasi\u00f3n<\/b>.<\/p>\n<p class=\"p_13\">El presidente\u00a0<b>Daniel Noboa<\/b>\u00a0hab\u00eda solicitado previamente la\u00a0<b>detenci\u00f3n en flagrancia<\/b>\u00a0del personal presuntamente implicado:<\/p>\n<p class=\"p_14\">\u00abLa fuga de alias &#8216;Fede&#8217; no fue un descuido, fue complicidad. Por eso, he pedido que se aprehenda en flagrancia a todo el personal del CPL Guayas N.\u00b01 que se sospecha estuvo involucrado, mientras Fiscal\u00eda determina responsabilidades\u00bb, escribi\u00f3 en su cuenta de\u00a0<b>X<\/b>.<\/p>\n<p class=\"p_15\">Noboa calific\u00f3 el hecho como un acto de\u00a0<b>traici\u00f3n<\/b>\u00a0y asegur\u00f3 que se aplicar\u00e1 la nueva normativa de seguridad:<\/p>\n<p class=\"p_16\">\u00abEsto no es solo una fuga. Es traici\u00f3n. Y la traici\u00f3n se reprime. &#8216;Fede&#8217; es objetivo militar y la nueva ley aplicar\u00e1 para \u00e9l\u00bb.<\/p>\n<p class=\"p_17\">En su publicaci\u00f3n, el mandatario comparti\u00f3 un extracto de la nueva legislaci\u00f3n, que autoriza a las fuerzas del orden el\u00a0<b>uso directo de la fuerza contra miembros de grupos armados<\/b>.<\/p>\n<\/div>\n","protected":false},"excerpt":{"rendered":"<p>Tras la fuga de Federico G\u00f3mez,\u00a0alias\u00a0\u2018Fede\u2019, el Gobierno ofreci\u00f3 una\u00a0recompensa de un mill\u00f3n de d\u00f3lares\u00a0por su\u00a0captura o \u201cbaja\u201d. El cabecilla de la organizaci\u00f3n criminal\u00a0Los \u00c1guilas, que se escap\u00f3 el viernes de la Penitenciar\u00eda del Litoral, en Guayaquil, es considerado un\u00a0objetivo militar. Esa suma de dinero ser\u00e1 otorgada a quienes aporten\u00a0informaci\u00f3n confiable\u00a0que conduzca al paradero del pr\u00f3fugo, as\u00ed como a\u00a0polic\u00edas o militares\u00a0que logren abatir al pr\u00f3fugo. Alias &#8216;Fede&#8217;, de 39 a\u00f1os, es uno de los cabecillas de la banda Los \u00c1guilas, anteriormente liderada por\u00a0Junior Rold\u00e1n Paredes, alias &#8216;JR&#8217;, quien fue asesinado en Colombia. G\u00f3mez registra antecedentes penales desde 2009, por asesinato, robo, asociaci\u00f3n il\u00edcita y tenencia ilegal de armas. Recompensa de un mill\u00f3n de d\u00f3lares A trav\u00e9s de un video, el ministro del Interior,\u00a0Gian Carlo Loffredo, dijo que el Gobierno \u00abofrece una recompensa de un mill\u00f3n de d\u00f3lares a quien entregue informaci\u00f3n verificada que permita la ubicaci\u00f3n y captura de alias &#8216;Fede&#8217;,\u00a0uno de los criminales m\u00e1s buscados y peligrosos de Ecuador\u00ab. \u00abEste sujeto lidera estructuras delictivas que han sembrado muerte y terror, y eso se acab\u00f3. El Estado lo busca y lo va a encontrar. Vamos a desarticular completamente su red criminal y responderemos con toda la fuerza de la ley\u00bb, advirti\u00f3. \u00abToda la informaci\u00f3n suministrada ser\u00e1 tratada con absoluta\u00a0reserva\u00ab, aclar\u00f3. En el mismo video, el ministro del Interior,\u00a0John Reimberg, dijo que \u00abnadie puede desafiar el Estado y pretender quedar impune\u00bb. \u00abEl Gobierno reconocer\u00e1 con la misma recompensa de un mill\u00f3n de d\u00f3lares a los miembros de la Polic\u00eda Nacional y de las Fuerzas Armadas que logren capturar o dar de baja a\u00a0Rolando Federico G\u00f3mez Kinde, alias &#8216;Fede&#8217;, al tratarse de un objetivo militar, en el marco del cumplimiento de su deber\u00bb. \u00abA los delincuentes les decimos, se les acab\u00f3 el tiempo, no hay escondite, no hay refugio, no hay tregua. El Ecuador no se rinde, el Estado est\u00e1 de pie y responde\u00bb, subray\u00f3. 22 procesados por la fuga Este domingo, un juez dict\u00f3\u00a0prisi\u00f3n preventiva\u00a0para\u00a022 personas\u00a0\u2014entre ellas\u00a019 militares,\u00a02 funcionarios del SNAI\u00a0y\u00a01 interno del centro penitenciario\u2014 por su presunta participaci\u00f3n en la fuga de alias\u00a0\u2018Fede\u2019. Todos fueron procesados por el delito de\u00a0evasi\u00f3n. El presidente\u00a0Daniel Noboa\u00a0hab\u00eda solicitado previamente la\u00a0detenci\u00f3n en flagrancia\u00a0del personal presuntamente implicado: \u00abLa fuga de alias &#8216;Fede&#8217; no fue un descuido, fue complicidad. Por eso, he pedido que se aprehenda en flagrancia a todo el personal del CPL Guayas N.\u00b01 que se sospecha estuvo involucrado, mientras Fiscal\u00eda determina responsabilidades\u00bb, escribi\u00f3 en su cuenta de\u00a0X. Noboa calific\u00f3 el hecho como un acto de\u00a0traici\u00f3n\u00a0y asegur\u00f3 que se aplicar\u00e1 la nueva normativa de seguridad: \u00abEsto no es solo una fuga. Es traici\u00f3n. Y la traici\u00f3n se reprime. &#8216;Fede&#8217; es objetivo militar y la nueva ley aplicar\u00e1 para \u00e9l\u00bb. En su publicaci\u00f3n, el mandatario comparti\u00f3 un extracto de la nueva legislaci\u00f3n, que autoriza a las fuerzas del orden el\u00a0uso directo de la fuerza contra miembros de grupos armados.<\/p>\n","protected":false},"author":1,"featured_media":24439,"comment_status":"open","ping_status":"open","sticky":false,"template":"","format":"standard","meta":{"footnotes":""},"categories":[268],"tags":[],"class_list":["post-24438","post","type-post","status-publish","format-standard","has-post-thumbnail","hentry","category-nacionales"],"_links":{"self":[{"href":"https:\/\/www.elamazonico.com\/portal\/wp-json\/wp\/v2\/posts\/24438","targetHints":{"allow":["GET"]}}],"collection":[{"href":"https:\/\/www.elamazonico.com\/portal\/wp-json\/wp\/v2\/posts"}],"about":[{"href":"https:\/\/www.elamazonico.com\/portal\/wp-json\/wp\/v2\/types\/post"}],"author":[{"embeddable":true,"href":"https:\/\/www.elamazonico.com\/portal\/wp-json\/wp\/v2\/users\/1"}],"replies":[{"embeddable":true,"href":"https:\/\/www.elamazonico.com\/portal\/wp-json\/wp\/v2\/comments?post=24438"}],"version-history":[{"count":1,"href":"https:\/\/www.elamazonico.com\/portal\/wp-json\/wp\/v2\/posts\/24438\/revisions"}],"predecessor-version":[{"id":24440,"href":"https:\/\/www.elamazonico.com\/portal\/wp-json\/wp\/v2\/posts\/24438\/revisions\/24440"}],"wp:featuredmedia":[{"embeddable":true,"href":"https:\/\/www.elamazonico.com\/portal\/wp-json\/wp\/v2\/media\/24439"}],"wp:attachment":[{"href":"https:\/\/www.elamazonico.com\/portal\/wp-json\/wp\/v2\/media?parent=24438"}],"wp:term":[{"taxonomy":"category","embeddable":true,"href":"https:\/\/www.elamazonico.com\/portal\/wp-json\/wp\/v2\/categories?post=24438"},{"taxonomy":"post_tag","embeddable":true,"href":"https:\/\/www.elamazonico.com\/portal\/wp-json\/wp\/v2\/tags?post=24438"}],"curies":[{"name":"wp","href":"https:\/\/api.w.org\/{rel}","templated":true}]}}