{"id":24434,"date":"2025-06-23T07:06:26","date_gmt":"2025-06-23T12:06:26","guid":{"rendered":"https:\/\/www.elamazonico.com\/portal\/?p=24434"},"modified":"2025-06-23T07:06:26","modified_gmt":"2025-06-23T12:06:26","slug":"caso-triple-a-fiscalia-solicita-prision-preventiva-para-aquiles-alvarez-por-incumplir-medida-judicial","status":"publish","type":"post","link":"https:\/\/www.elamazonico.com\/portal\/caso-triple-a-fiscalia-solicita-prision-preventiva-para-aquiles-alvarez-por-incumplir-medida-judicial\/","title":{"rendered":"Caso Triple A: Fiscal\u00eda solicita prisi\u00f3n preventiva para Aquiles Alvarez por incumplir medida judicial"},"content":{"rendered":"<div class=\"paragraph texto\">\n<p class=\"p_0\">Este\u00a0<b>domingo 22 de junio de 2025<\/b>, la\u00a0<b>Fiscal\u00eda del Estado<\/b>\u00a0concluy\u00f3 su\u00a0<b>anuncio de prueba<\/b>\u00a0en el marco del\u00a0<b><a href=\"https:\/\/www.vistazo.com\/cronologia\/-\/meta\/caso-triple-a\" target=\"_blank\" rel=\"noopener noreferrer\">caso Triple A<\/a>,\u00a0<\/b>se\u00f1alando directamente a\u00a0<b><a href=\"https:\/\/www.vistazo.com\/cronologia\/-\/meta\/aquiles-alvarez\" target=\"_blank\" rel=\"noopener noreferrer\">Aquiles Alvarez<\/a><\/b>, alcalde de Guayaquil, por su presunto incumplimiento de una medida judicial.<\/p>\n<p class=\"p_1\">El proceso se desarrolla en el sexto d\u00eda de la\u00a0<b>audiencia preparatoria de juicio<\/b>, que involucra a\u00a0<b>16 personas naturales y 6 jur\u00eddicas<\/b>\u00a0investigadas por la\u00a0<b>presunta comercializaci\u00f3n ilegal de hidrocarburos<\/b>.<\/p>\n<p><iframe width=\"1\" height=\"1\" frameborder=\"0\" scrolling=\"no\" data-mce-fragment=\"1\"><\/iframe><\/p>\n<p class=\"p_2\">Revise |\u00a0<b><a href=\"https:\/\/www.vistazo.com\/politica\/nacional\/2025-06-21-caso-triple-a-fiscalia-pide-enjuiciar-aquiles-alvarez-presunta-comercializacion-irregular-combustibles-NF9546395\" target=\"_blank\" rel=\"noopener noreferrer\">Caso Triple A: Fiscal\u00eda solicita juicio contra Aquiles \u00c1lvarez y otros 15 implicados<\/a><\/b><\/p>\n<\/div>\n<div class=\"paragraph texto\">\n<p class=\"p_3\">Al finalizar su intervenci\u00f3n, el Ministerio P\u00fablico solicit\u00f3 al juez\u00a0<b>Ren\u00e1n Andrade<\/b>\u00a0que se ordene\u00a0<b>prisi\u00f3n preventiva<\/b>\u00a0para\u00a0<b>Alvarez<\/b>\u00a0y\u00a0<b>Ra\u00fal Zambrano<\/b>, ya que ambos habr\u00edan\u00a0<b>incumplido la medida cautelar<\/b>\u00a0que les obligaba a portar un\u00a0<b>grillete electr\u00f3nico<\/b>, ordenada desde el pasado 9 de abril.<\/p>\n<div class=\"Center2Display\">\n<div id=\"Center2\" data-google-query-id=\"CIasqLvAh44DFWKPWgUd0MQFew\">\n<div id=\"google_ads_iframe_\/21839199781\/Vistazo\/Vistazo_Center2_0__container__\"><iframe id=\"google_ads_iframe_\/21839199781\/Vistazo\/Vistazo_Center2_0\" tabindex=\"0\" title=\"3rd party ad content\" name=\"google_ads_iframe_\/21839199781\/Vistazo\/Vistazo_Center2_0\" width=\"728\" height=\"180\" frameborder=\"0\" marginwidth=\"0\" marginheight=\"0\" scrolling=\"no\" aria-label=\"Advertisement\" data-google-container-id=\"4\" data-load-complete=\"true\" data-mce-fragment=\"1\"><\/iframe><\/div>\n<\/div>\n<\/div>\n<\/div>\n<div class=\"multimediaMacroWrapper img lateral\">\n<figure class=\"contentMedia art-img\">\n<div><img fetchpriority=\"high\" decoding=\"async\" class=\" lazyloaded\" title=\"Tuit de la Fiscal\u00eda en el que detalla las personas naturales y jur\u00eddicas llamadas a juicio por el caso Triple A.\" src=\"https:\/\/www.vistazo.com\/placeholder\/svg\/viewbox\/496x807\" sizes=\"100vw\" srcset=\"\/\/www.vistazo.com\/binrepository\/496x807\/0c0\/0d0\/none\/12727\/TKID\/22-06-2025-fiscalia-triple-a-tuit_2266322_20250622121352.png 496w,\/\/www.vistazo.com\/binrepository\/413x673\/0c0\/0d0\/none\/12727\/TKID\/22-06-2025-fiscalia-triple-a-tuit_2266322_20250622121352.png 413w,\/\/www.vistazo.com\/binrepository\/331x538\/0c0\/0d0\/none\/12727\/TKIM\/22-06-2025-fiscalia-triple-a-tuit_2266322_20250622121352.png 331w\" alt=\"$!Tuit de la Fiscal\u00eda en el que detalla las personas naturales y jur\u00eddicas llamadas a juicio por el caso Triple A.\" width=\"496\" height=\"807\" data-srcset=\"\/\/www.vistazo.com\/binrepository\/496x807\/0c0\/0d0\/none\/12727\/TKID\/22-06-2025-fiscalia-triple-a-tuit_2266322_20250622121352.png 496w,\/\/www.vistazo.com\/binrepository\/413x673\/0c0\/0d0\/none\/12727\/TKID\/22-06-2025-fiscalia-triple-a-tuit_2266322_20250622121352.png 413w,\/\/www.vistazo.com\/binrepository\/331x538\/0c0\/0d0\/none\/12727\/TKIM\/22-06-2025-fiscalia-triple-a-tuit_2266322_20250622121352.png 331w\" \/><\/div>\n<div class=\"cutline-byline\"><span class=\"cutline-text\">Tuit de la Fiscal\u00eda en el que detalla las personas naturales y jur\u00eddicas llamadas a juicio por el caso Triple A.\u00a0<\/span><span class=\"byline-image\">(Foto: X @FiscaliaEcuador)<\/span><\/div>\n<\/figure>\n<\/div>\n<h2 class=\"h2vistazo\">Aquiles Alvarez: un incumplimiento reiterado<\/h2>\n<div class=\"paragraph texto\">\n<p class=\"p_4\">Esta es la\u00a0<b>tercera ocasi\u00f3n<\/b>\u00a0en la que la Fiscal\u00eda solicita la\u00a0<b>detenci\u00f3n preventiva de Alvarez<\/b>, quien ha alegado que\u00a0<b>padece una afecci\u00f3n card\u00edaca<\/b>\u00a0que le impide usar el dispositivo electr\u00f3nico. Sin embargo, el fiscal del caso,\u00a0<b>Carlos Alarc\u00f3n<\/b>, insiste en que no ha habido voluntad para cumplir con la medida impuesta.<\/p>\n<p class=\"p_5\">El 23 de abril, el fiscal present\u00f3 una solicitud escrita argumentando que\u00a0<b>Alvarez no acudi\u00f3 a las dependencias correspondientes para la colocaci\u00f3n del dispositivo de vigilancia<\/b>. En ese escrito cit\u00f3 el\u00a0<b>art\u00edculo 522, numeral 6 del COIP<\/b>, que respalda la aplicaci\u00f3n de la prisi\u00f3n preventiva ante el incumplimiento de medidas cautelares.<\/p>\n<p class=\"p_6\">Lea |\u00a0<b><a href=\"https:\/\/www.vistazo.com\/politica\/nacional\/2025-06-13-aquiles-alvarez-arribo-quito-audiencia-caso-triple-a-pericias-dan-como-inocentes-AX9505345\" target=\"_blank\" rel=\"noopener noreferrer\">Aquiles Alvarez sobre audiencia del caso Triple A: &#8216;Todas las pericias nos dan como inocentes&#8217;<\/a><\/b><\/p>\n<\/div>\n<div class=\"multimediaMacroWrapper img lateral\">\n<figure class=\"contentMedia art-img\">\n<div><img decoding=\"async\" class=\" lazyloaded\" title=\"El alcalde de Guayaquil, Aquiles Alvarez, el viernes 13 de junio en Quito durante la audiencia del Caso triple A en el Complejo Judicial Norte.\" src=\"https:\/\/www.vistazo.com\/placeholder\/svg\/viewbox\/768x580\" sizes=\"100vw\" srcset=\"\/\/www.vistazo.com\/binrepository\/768x580\/0c0\/0d0\/none\/12727\/UHBI\/22-06-2025-aquiles-alvarez-caso-triple_2266337_20250622122915.jpg 768w,\/\/www.vistazo.com\/binrepository\/640x483\/0c0\/0d0\/none\/12727\/UHBB\/22-06-2025-aquiles-alvarez-caso-triple_2266337_20250622122915.jpg 640w,\/\/www.vistazo.com\/binrepository\/512x387\/0c0\/0d0\/none\/12727\/UHBG\/22-06-2025-aquiles-alvarez-caso-triple_2266337_20250622122915.jpg 512w,\/\/www.vistazo.com\/binrepository\/384x290\/0c0\/0d0\/none\/12727\/UHBI\/22-06-2025-aquiles-alvarez-caso-triple_2266337_20250622122915.jpg 384w,\/\/www.vistazo.com\/binrepository\/300x227\/0c0\/0d0\/none\/12727\/UHBI\/22-06-2025-aquiles-alvarez-caso-triple_2266337_20250622122915.jpg 300w\" alt=\"$!El alcalde de Guayaquil, Aquiles Alvarez, el viernes 13 de junio en Quito durante la audiencia del Caso triple A en el Complejo Judicial Norte.\" width=\"768\" height=\"580\" data-srcset=\"\/\/www.vistazo.com\/binrepository\/768x580\/0c0\/0d0\/none\/12727\/UHBI\/22-06-2025-aquiles-alvarez-caso-triple_2266337_20250622122915.jpg 768w,\/\/www.vistazo.com\/binrepository\/640x483\/0c0\/0d0\/none\/12727\/UHBB\/22-06-2025-aquiles-alvarez-caso-triple_2266337_20250622122915.jpg 640w,\/\/www.vistazo.com\/binrepository\/512x387\/0c0\/0d0\/none\/12727\/UHBG\/22-06-2025-aquiles-alvarez-caso-triple_2266337_20250622122915.jpg 512w,\/\/www.vistazo.com\/binrepository\/384x290\/0c0\/0d0\/none\/12727\/UHBI\/22-06-2025-aquiles-alvarez-caso-triple_2266337_20250622122915.jpg 384w,\/\/www.vistazo.com\/binrepository\/300x227\/0c0\/0d0\/none\/12727\/UHBI\/22-06-2025-aquiles-alvarez-caso-triple_2266337_20250622122915.jpg 300w\" \/><\/div>\n<div class=\"cutline-byline\"><span class=\"cutline-text\">El alcalde de Guayaquil, Aquiles Alvarez, el viernes 13 de junio en Quito durante la audiencia del Caso triple A en el Complejo Judicial Norte.\u00a0<\/span><span class=\"byline-image\">(Foto: API\/ ROLANDO ENRIQUEZ)<\/span><\/div>\n<\/figure>\n<\/div>\n<div class=\"paragraph texto\">\n<p class=\"p_7\">Pese a los argumentos de la Fiscal\u00eda, el juez\u00a0<b>no acogi\u00f3 el pedido anterior<\/b>, ni los realizados por otras entidades estatales como\u00a0<b>Petroecuador<\/b>\u00a0y la\u00a0<b>Agencia de Regulaci\u00f3n y Control de Hidrocarburos (ARCH)<\/b>.<\/p>\n<\/div>\n<h2 class=\"h2vistazo\">Caso Triple A: Fiscal\u00eda solicita que los procesados sean llamados a juicio<\/h2>\n<div class=\"paragraph texto\">\n<p class=\"p_8\">Adem\u00e1s del pedido de prisi\u00f3n, la Fiscal\u00eda solicit\u00f3 que<b>\u00a0Alvarez y otros 21 procesados<\/b>\u00a0sean\u00a0<b>llamados a juicio<\/b>\u00a0por su presunta participaci\u00f3n en el\u00a0<b>delito estipulado en el art\u00edculo 265 del C\u00f3digo Org\u00e1nico Integral Penal (COIP)<\/b>, que sanciona el\u00a0<b>almacenamiento, transporte, envasado o comercializaci\u00f3n no autorizada de hidrocarburos en zonas fronterizas o mar\u00edtimas<\/b>.<\/p>\n<\/div>\n<h2 class=\"h2vistazo\">Personas Naturales \u2013 Autores:<\/h2>\n<div class=\"paragraph texto\">\n<p class=\"p_9\">Fernando V., Jos\u00e9 C., Aquiles A., Ra\u00fal Z., Juan A., Fausto V., Edgar F., Edgar C., Rosa O.<\/p>\n<\/div>\n<h2 class=\"h2vistazo\">Personas Naturales \u2013 Coautores:<\/h2>\n<div class=\"paragraph texto\">\n<p class=\"p_10\">Lady C., Jessenia V., Carolina T., Juan A., Gloria S., Mar\u00eda C., Olga O.<\/p>\n<\/div>\n<h2 class=\"h2vistazo\">Personas Jur\u00eddicas \u2013 Autores:<\/h2>\n<div class=\"paragraph texto\">\n<p class=\"p_11\">Fuelcorp S.A., Codepesa S.A., Corpalubri S.A., Ternape Petroleum S.A., Indudiesel S.A.<\/p>\n<\/div>\n<h2 class=\"h2vistazo\">Personas Jur\u00eddicas \u2013 Coautores:<\/h2>\n<div class=\"paragraph texto\">\n<p class=\"p_12\">Harsajudi S.A. Fuente: Vistazo<\/p>\n<\/div>\n","protected":false},"excerpt":{"rendered":"<p>Este\u00a0domingo 22 de junio de 2025, la\u00a0Fiscal\u00eda del Estado\u00a0concluy\u00f3 su\u00a0anuncio de prueba\u00a0en el marco del\u00a0caso Triple A,\u00a0se\u00f1alando directamente a\u00a0Aquiles Alvarez, alcalde de Guayaquil, por su presunto incumplimiento de una medida judicial. El proceso se desarrolla en el sexto d\u00eda de la\u00a0audiencia preparatoria de juicio, que involucra a\u00a016 personas naturales y 6 jur\u00eddicas\u00a0investigadas por la\u00a0presunta comercializaci\u00f3n ilegal de hidrocarburos. Revise |\u00a0Caso Triple A: Fiscal\u00eda solicita juicio contra Aquiles \u00c1lvarez y otros 15 implicados Al finalizar su intervenci\u00f3n, el Ministerio P\u00fablico solicit\u00f3 al juez\u00a0Ren\u00e1n Andrade\u00a0que se ordene\u00a0prisi\u00f3n preventiva\u00a0para\u00a0Alvarez\u00a0y\u00a0Ra\u00fal Zambrano, ya que ambos habr\u00edan\u00a0incumplido la medida cautelar\u00a0que les obligaba a portar un\u00a0grillete electr\u00f3nico, ordenada desde el pasado 9 de abril. Tuit de la Fiscal\u00eda en el que detalla las personas naturales y jur\u00eddicas llamadas a juicio por el caso Triple A.\u00a0(Foto: X @FiscaliaEcuador) Aquiles Alvarez: un incumplimiento reiterado Esta es la\u00a0tercera ocasi\u00f3n\u00a0en la que la Fiscal\u00eda solicita la\u00a0detenci\u00f3n preventiva de Alvarez, quien ha alegado que\u00a0padece una afecci\u00f3n card\u00edaca\u00a0que le impide usar el dispositivo electr\u00f3nico. Sin embargo, el fiscal del caso,\u00a0Carlos Alarc\u00f3n, insiste en que no ha habido voluntad para cumplir con la medida impuesta. El 23 de abril, el fiscal present\u00f3 una solicitud escrita argumentando que\u00a0Alvarez no acudi\u00f3 a las dependencias correspondientes para la colocaci\u00f3n del dispositivo de vigilancia. En ese escrito cit\u00f3 el\u00a0art\u00edculo 522, numeral 6 del COIP, que respalda la aplicaci\u00f3n de la prisi\u00f3n preventiva ante el incumplimiento de medidas cautelares. Lea |\u00a0Aquiles Alvarez sobre audiencia del caso Triple A: &#8216;Todas las pericias nos dan como inocentes&#8217; El alcalde de Guayaquil, Aquiles Alvarez, el viernes 13 de junio en Quito durante la audiencia del Caso triple A en el Complejo Judicial Norte.\u00a0(Foto: API\/ ROLANDO ENRIQUEZ) Pese a los argumentos de la Fiscal\u00eda, el juez\u00a0no acogi\u00f3 el pedido anterior, ni los realizados por otras entidades estatales como\u00a0Petroecuador\u00a0y la\u00a0Agencia de Regulaci\u00f3n y Control de Hidrocarburos (ARCH). Caso Triple A: Fiscal\u00eda solicita que los procesados sean llamados a juicio Adem\u00e1s del pedido de prisi\u00f3n, la Fiscal\u00eda solicit\u00f3 que\u00a0Alvarez y otros 21 procesados\u00a0sean\u00a0llamados a juicio\u00a0por su presunta participaci\u00f3n en el\u00a0delito estipulado en el art\u00edculo 265 del C\u00f3digo Org\u00e1nico Integral Penal (COIP), que sanciona el\u00a0almacenamiento, transporte, envasado o comercializaci\u00f3n no autorizada de hidrocarburos en zonas fronterizas o mar\u00edtimas. Personas Naturales \u2013 Autores: Fernando V., Jos\u00e9 C., Aquiles A., Ra\u00fal Z., Juan A., Fausto V., Edgar F., Edgar C., Rosa O. Personas Naturales \u2013 Coautores: Lady C., Jessenia V., Carolina T., Juan A., Gloria S., Mar\u00eda C., Olga O. Personas Jur\u00eddicas \u2013 Autores: Fuelcorp S.A., Codepesa S.A., Corpalubri S.A., Ternape Petroleum S.A., Indudiesel S.A. Personas Jur\u00eddicas \u2013 Coautores: Harsajudi S.A. Fuente: Vistazo<\/p>\n","protected":false},"author":1,"featured_media":24435,"comment_status":"open","ping_status":"open","sticky":false,"template":"","format":"standard","meta":{"footnotes":""},"categories":[268],"tags":[],"class_list":["post-24434","post","type-post","status-publish","format-standard","has-post-thumbnail","hentry","category-nacionales"],"_links":{"self":[{"href":"https:\/\/www.elamazonico.com\/portal\/wp-json\/wp\/v2\/posts\/24434","targetHints":{"allow":["GET"]}}],"collection":[{"href":"https:\/\/www.elamazonico.com\/portal\/wp-json\/wp\/v2\/posts"}],"about":[{"href":"https:\/\/www.elamazonico.com\/portal\/wp-json\/wp\/v2\/types\/post"}],"author":[{"embeddable":true,"href":"https:\/\/www.elamazonico.com\/portal\/wp-json\/wp\/v2\/users\/1"}],"replies":[{"embeddable":true,"href":"https:\/\/www.elamazonico.com\/portal\/wp-json\/wp\/v2\/comments?post=24434"}],"version-history":[{"count":1,"href":"https:\/\/www.elamazonico.com\/portal\/wp-json\/wp\/v2\/posts\/24434\/revisions"}],"predecessor-version":[{"id":24436,"href":"https:\/\/www.elamazonico.com\/portal\/wp-json\/wp\/v2\/posts\/24434\/revisions\/24436"}],"wp:featuredmedia":[{"embeddable":true,"href":"https:\/\/www.elamazonico.com\/portal\/wp-json\/wp\/v2\/media\/24435"}],"wp:attachment":[{"href":"https:\/\/www.elamazonico.com\/portal\/wp-json\/wp\/v2\/media?parent=24434"}],"wp:term":[{"taxonomy":"category","embeddable":true,"href":"https:\/\/www.elamazonico.com\/portal\/wp-json\/wp\/v2\/categories?post=24434"},{"taxonomy":"post_tag","embeddable":true,"href":"https:\/\/www.elamazonico.com\/portal\/wp-json\/wp\/v2\/tags?post=24434"}],"curies":[{"name":"wp","href":"https:\/\/api.w.org\/{rel}","templated":true}]}}