{"id":24431,"date":"2025-06-23T06:44:29","date_gmt":"2025-06-23T11:44:29","guid":{"rendered":"https:\/\/www.elamazonico.com\/portal\/?p=24431"},"modified":"2025-06-23T06:44:29","modified_gmt":"2025-06-23T11:44:29","slug":"22-personas-son-procesadas-por-la-fuga-de-alias-fede","status":"publish","type":"post","link":"https:\/\/www.elamazonico.com\/portal\/22-personas-son-procesadas-por-la-fuga-de-alias-fede\/","title":{"rendered":"22 personas son procesadas por la fuga de alias \u201cFede\u201d"},"content":{"rendered":"<p><strong>La Fiscal\u00eda General del Estado inici\u00f3 una investigaci\u00f3n previa por el delito de evasi\u00f3n tras la fuga de Rolando Federico G\u00f3mez Quinde, alias \u201cFede\u201d<\/strong>, uno de los cabecillas del Grupo Delictivo Organizado (GDO) \u201cLas \u00c1guilas\u201d, quien escap\u00f3 el pasado 20 de junio del Centro de Privaci\u00f3n de Libertad Guayas N.\u00ba 1, en Guayaquil.<\/p>\n<p>La Unidad Judicial Cuartel Modelo fue escenario de la\u00a0<strong>audiencia de formulaci\u00f3n de cargos contra 22 personas \u2014entre ellas un privado de libertad, dos funcionarios del Servicio Nacional de Atenci\u00f3n Integral (SNAI) y 19 militares\u2014 por su presunta participaci\u00f3n en la fuga del recluso<\/strong>. El juez de la causa acogi\u00f3 los elementos de convicci\u00f3n presentados por la Fiscal\u00eda y dict\u00f3\u00a0<strong>prisi\u00f3n preventiva para todos los procesados por el presunto delito de evasi\u00f3n.<\/strong><\/p>\n<p>El parte policial indica que G\u00f3mez Quinde logr\u00f3 abandonar su pabell\u00f3n bajo circunstancias a\u00fan no esclarecidas. Las primeras indagaciones apuntan a una posible red de complicidades dentro del propio centro penitenciario, lo que motiv\u00f3 la r\u00e1pida reacci\u00f3n del<strong>\u00a0presidente Daniel Noboa<\/strong>.<\/p>\n<p>A trav\u00e9s de su cuenta en la red social\u00a0<em>X<\/em>, el Primer Mandatario expres\u00f3 con contundencia: \u201c<strong>La fuga de alias \u2018Fede\u2019 no fue un descuido, fue complicidad. Por eso, he pedido que se aprehenda en flagrancia a todo el personal del CPL Guayas N.\u00ba 1 que se sospecha estuvo involucrado, mientras Fiscal\u00eda determina responsabilidades<\/strong>\u201d.<\/p>\n<p>Noboa tambi\u00e9n calific\u00f3 el hecho como una traici\u00f3n: \u201c<strong>Esto no es solo una fuga. Es traici\u00f3n. Y la traici\u00f3n se reprime. \u2018Fede\u2019 es objetivo militar y la nueva ley aplicar\u00e1 para \u00e9l<\/strong>\u201d.<\/p>\n<p>La publicaci\u00f3n estuvo acompa\u00f1ada por una imagen del art\u00edculo 5, literal e, de la recientemente aprobada Ley Org\u00e1nica de Solidaridad Nacional, en la que se autoriza el uso directo de la fuerza por parte de las Fuerzas Armadas contra miembros de grupos armados organizados que representen una amenaza efectiva.<\/p>\n<p>Alias \u201cFede\u201d hab\u00eda sido recluido en la Penitenciar\u00eda del Litoral a inicios de este a\u00f1o y era considerado por las autoridades como un actor clave en el crimen organizado del pa\u00eds. Fuente: El Tel\u00e9grafo<\/p>\n","protected":false},"excerpt":{"rendered":"<p>La Fiscal\u00eda General del Estado inici\u00f3 una investigaci\u00f3n previa por el delito de evasi\u00f3n tras la fuga de Rolando Federico G\u00f3mez Quinde, alias \u201cFede\u201d, uno de los cabecillas del Grupo Delictivo Organizado (GDO) \u201cLas \u00c1guilas\u201d, quien escap\u00f3 el pasado 20 de junio del Centro de Privaci\u00f3n de Libertad Guayas N.\u00ba 1, en Guayaquil. La Unidad Judicial Cuartel Modelo fue escenario de la\u00a0audiencia de formulaci\u00f3n de cargos contra 22 personas \u2014entre ellas un privado de libertad, dos funcionarios del Servicio Nacional de Atenci\u00f3n Integral (SNAI) y 19 militares\u2014 por su presunta participaci\u00f3n en la fuga del recluso. El juez de la causa acogi\u00f3 los elementos de convicci\u00f3n presentados por la Fiscal\u00eda y dict\u00f3\u00a0prisi\u00f3n preventiva para todos los procesados por el presunto delito de evasi\u00f3n. El parte policial indica que G\u00f3mez Quinde logr\u00f3 abandonar su pabell\u00f3n bajo circunstancias a\u00fan no esclarecidas. Las primeras indagaciones apuntan a una posible red de complicidades dentro del propio centro penitenciario, lo que motiv\u00f3 la r\u00e1pida reacci\u00f3n del\u00a0presidente Daniel Noboa. A trav\u00e9s de su cuenta en la red social\u00a0X, el Primer Mandatario expres\u00f3 con contundencia: \u201cLa fuga de alias \u2018Fede\u2019 no fue un descuido, fue complicidad. Por eso, he pedido que se aprehenda en flagrancia a todo el personal del CPL Guayas N.\u00ba 1 que se sospecha estuvo involucrado, mientras Fiscal\u00eda determina responsabilidades\u201d. Noboa tambi\u00e9n calific\u00f3 el hecho como una traici\u00f3n: \u201cEsto no es solo una fuga. Es traici\u00f3n. Y la traici\u00f3n se reprime. \u2018Fede\u2019 es objetivo militar y la nueva ley aplicar\u00e1 para \u00e9l\u201d. La publicaci\u00f3n estuvo acompa\u00f1ada por una imagen del art\u00edculo 5, literal e, de la recientemente aprobada Ley Org\u00e1nica de Solidaridad Nacional, en la que se autoriza el uso directo de la fuerza por parte de las Fuerzas Armadas contra miembros de grupos armados organizados que representen una amenaza efectiva. Alias \u201cFede\u201d hab\u00eda sido recluido en la Penitenciar\u00eda del Litoral a inicios de este a\u00f1o y era considerado por las autoridades como un actor clave en el crimen organizado del pa\u00eds. Fuente: El Tel\u00e9grafo<\/p>\n","protected":false},"author":1,"featured_media":24432,"comment_status":"open","ping_status":"open","sticky":false,"template":"","format":"standard","meta":{"footnotes":""},"categories":[268],"tags":[],"class_list":["post-24431","post","type-post","status-publish","format-standard","has-post-thumbnail","hentry","category-nacionales"],"_links":{"self":[{"href":"https:\/\/www.elamazonico.com\/portal\/wp-json\/wp\/v2\/posts\/24431","targetHints":{"allow":["GET"]}}],"collection":[{"href":"https:\/\/www.elamazonico.com\/portal\/wp-json\/wp\/v2\/posts"}],"about":[{"href":"https:\/\/www.elamazonico.com\/portal\/wp-json\/wp\/v2\/types\/post"}],"author":[{"embeddable":true,"href":"https:\/\/www.elamazonico.com\/portal\/wp-json\/wp\/v2\/users\/1"}],"replies":[{"embeddable":true,"href":"https:\/\/www.elamazonico.com\/portal\/wp-json\/wp\/v2\/comments?post=24431"}],"version-history":[{"count":1,"href":"https:\/\/www.elamazonico.com\/portal\/wp-json\/wp\/v2\/posts\/24431\/revisions"}],"predecessor-version":[{"id":24433,"href":"https:\/\/www.elamazonico.com\/portal\/wp-json\/wp\/v2\/posts\/24431\/revisions\/24433"}],"wp:featuredmedia":[{"embeddable":true,"href":"https:\/\/www.elamazonico.com\/portal\/wp-json\/wp\/v2\/media\/24432"}],"wp:attachment":[{"href":"https:\/\/www.elamazonico.com\/portal\/wp-json\/wp\/v2\/media?parent=24431"}],"wp:term":[{"taxonomy":"category","embeddable":true,"href":"https:\/\/www.elamazonico.com\/portal\/wp-json\/wp\/v2\/categories?post=24431"},{"taxonomy":"post_tag","embeddable":true,"href":"https:\/\/www.elamazonico.com\/portal\/wp-json\/wp\/v2\/tags?post=24431"}],"curies":[{"name":"wp","href":"https:\/\/api.w.org\/{rel}","templated":true}]}}