{"id":24425,"date":"2025-06-23T04:30:21","date_gmt":"2025-06-23T09:30:21","guid":{"rendered":"https:\/\/www.elamazonico.com\/portal\/?p=24425"},"modified":"2025-06-21T12:54:47","modified_gmt":"2025-06-21T17:54:47","slug":"ciudadanos-de-centinela-del-condor-solicitan-intervencion-urgente-en-defensa-del-balneario-playas-de-cuje","status":"publish","type":"post","link":"https:\/\/www.elamazonico.com\/portal\/ciudadanos-de-centinela-del-condor-solicitan-intervencion-urgente-en-defensa-del-balneario-playas-de-cuje\/","title":{"rendered":"Ciudadanos de Centinela del C\u00f3ndor solicitan intervenci\u00f3n urgente en defensa del balneario \u201cPlayas de Cuje\u201d"},"content":{"rendered":"<p>Con profunda preocupaci\u00f3n, ciudadanos del cant\u00f3n Centinela del C\u00f3ndor realizaron un llamado p\u00fablico a las autoridades locales y provinciales ante el inminente riesgo de afectaci\u00f3n al tradicional balneario \u201cPlayas de Cuje\u201d, producto de la erosi\u00f3n progresiva de las riberas del r\u00edo Zamora.<\/p>\n<p>Durante un recorrido realizado en la zona, moradores del sector advirtieron que la creciente del r\u00edo, especialmente en temporada invernal, ha desplazado su cauce original, aproxim\u00e1ndose peligrosamente al \u00e1rea tur\u00edstica. A tan solo 20 metros del balneario, el r\u00edo contin\u00faa carcomiendo el terreno, lo que pone en grave riesgo no solo la infraestructura del sitio recreativo, sino tambi\u00e9n las propiedades y cultivos de al menos 10 familias colindantes.<\/p>\n<p>\u201cAntes el cauce estaba a m\u00e1s de 100 metros del balneario, hoy est\u00e1 a 20 y sigue avanzando. Si las lluvias contin\u00faan, no ser\u00e1 sorpresa que en cuesti\u00f3n de semanas perdamos este espacio emblem\u00e1tico que acoge a miles de visitantes, especialmente en carnavales\u201d, manifest\u00f3 uno de los propietarios afectados.<\/p>\n<p>Los ciudadanos exhortaron al alcalde de Centinela del C\u00f3ndor, Segundo Sarango, y a la prefecta de Zamora Chinchipe, Karla Re\u00e1tegui, a realizar una inspecci\u00f3n inmediata y coordinar acciones t\u00e9cnicas que permitan contener el avance del r\u00edo. Entre las propuestas comunitarias se incluye la movilizaci\u00f3n de maquinaria para trasladar material p\u00e9treo y reforzar las riberas en riesgo.<\/p>\n<p>\u201cPedimos a las autoridades sensibilidad y compromiso. Una visita t\u00e9cnica no requiere m\u00e1s de diez minutos, pero su intervenci\u00f3n puede evitar una p\u00e9rdida irreparable para el cant\u00f3n y el turismo local\u201d, agregaron.<\/p>\n<p>El balneario \u201cPlayas de Cuje\u201d se ha consolidado como un atractivo tur\u00edstico interprovincial, reconocido por su amplitud, belleza natural y capacidad de acogida durante celebraciones culturales. La posibilidad de su destrucci\u00f3n representa no solo una p\u00e9rdida ambiental, sino tambi\u00e9n un retroceso econ\u00f3mico para la comunidad.<\/p>\n<p>Asimismo, los afectados destacaron que, adem\u00e1s del balneario, el avance del r\u00edo amenaza plantaciones de yuca, pl\u00e1tano y ma\u00edz, as\u00ed como una importante quebrada de afluencia natural, lo que incrementa la urgencia de una soluci\u00f3n t\u00e9cnica e integral.<\/p>\n<p>Este llamado se suma a otras alertas realizadas por comunidades rurales de Zamora Chinchipe que enfrentan problem\u00e1ticas similares, producto del cambio clim\u00e1tico y la falta de infraestructura de mitigaci\u00f3n h\u00eddrica en zonas vulnerables.<\/p>\n<p>La ciudadan\u00eda espera que esta vez su voz sea escuchada, y que la respuesta institucional se traduzca en acciones concretas y sostenibles. \u201cNo esperemos perderlo todo para actuar\u201d, enfatizaron.<\/p>\n","protected":false},"excerpt":{"rendered":"<p>Con profunda preocupaci\u00f3n, ciudadanos del cant\u00f3n Centinela del C\u00f3ndor realizaron un llamado p\u00fablico a las autoridades locales y provinciales ante el inminente riesgo de afectaci\u00f3n al tradicional balneario \u201cPlayas de Cuje\u201d, producto de la erosi\u00f3n progresiva de las riberas del r\u00edo Zamora. Durante un recorrido realizado en la zona, moradores del sector advirtieron que la creciente del r\u00edo, especialmente en temporada invernal, ha desplazado su cauce original, aproxim\u00e1ndose peligrosamente al \u00e1rea tur\u00edstica. A tan solo 20 metros del balneario, el r\u00edo contin\u00faa carcomiendo el terreno, lo que pone en grave riesgo no solo la infraestructura del sitio recreativo, sino tambi\u00e9n las propiedades y cultivos de al menos 10 familias colindantes. \u201cAntes el cauce estaba a m\u00e1s de 100 metros del balneario, hoy est\u00e1 a 20 y sigue avanzando. Si las lluvias contin\u00faan, no ser\u00e1 sorpresa que en cuesti\u00f3n de semanas perdamos este espacio emblem\u00e1tico que acoge a miles de visitantes, especialmente en carnavales\u201d, manifest\u00f3 uno de los propietarios afectados. Los ciudadanos exhortaron al alcalde de Centinela del C\u00f3ndor, Segundo Sarango, y a la prefecta de Zamora Chinchipe, Karla Re\u00e1tegui, a realizar una inspecci\u00f3n inmediata y coordinar acciones t\u00e9cnicas que permitan contener el avance del r\u00edo. Entre las propuestas comunitarias se incluye la movilizaci\u00f3n de maquinaria para trasladar material p\u00e9treo y reforzar las riberas en riesgo. \u201cPedimos a las autoridades sensibilidad y compromiso. Una visita t\u00e9cnica no requiere m\u00e1s de diez minutos, pero su intervenci\u00f3n puede evitar una p\u00e9rdida irreparable para el cant\u00f3n y el turismo local\u201d, agregaron. El balneario \u201cPlayas de Cuje\u201d se ha consolidado como un atractivo tur\u00edstico interprovincial, reconocido por su amplitud, belleza natural y capacidad de acogida durante celebraciones culturales. La posibilidad de su destrucci\u00f3n representa no solo una p\u00e9rdida ambiental, sino tambi\u00e9n un retroceso econ\u00f3mico para la comunidad. Asimismo, los afectados destacaron que, adem\u00e1s del balneario, el avance del r\u00edo amenaza plantaciones de yuca, pl\u00e1tano y ma\u00edz, as\u00ed como una importante quebrada de afluencia natural, lo que incrementa la urgencia de una soluci\u00f3n t\u00e9cnica e integral. Este llamado se suma a otras alertas realizadas por comunidades rurales de Zamora Chinchipe que enfrentan problem\u00e1ticas similares, producto del cambio clim\u00e1tico y la falta de infraestructura de mitigaci\u00f3n h\u00eddrica en zonas vulnerables. La ciudadan\u00eda espera que esta vez su voz sea escuchada, y que la respuesta institucional se traduzca en acciones concretas y sostenibles. \u201cNo esperemos perderlo todo para actuar\u201d, enfatizaron.<\/p>\n","protected":false},"author":1,"featured_media":24422,"comment_status":"open","ping_status":"open","sticky":false,"template":"","format":"standard","meta":{"footnotes":""},"categories":[243],"tags":[],"class_list":["post-24425","post","type-post","status-publish","format-standard","has-post-thumbnail","hentry","category-noticias-zamora"],"_links":{"self":[{"href":"https:\/\/www.elamazonico.com\/portal\/wp-json\/wp\/v2\/posts\/24425","targetHints":{"allow":["GET"]}}],"collection":[{"href":"https:\/\/www.elamazonico.com\/portal\/wp-json\/wp\/v2\/posts"}],"about":[{"href":"https:\/\/www.elamazonico.com\/portal\/wp-json\/wp\/v2\/types\/post"}],"author":[{"embeddable":true,"href":"https:\/\/www.elamazonico.com\/portal\/wp-json\/wp\/v2\/users\/1"}],"replies":[{"embeddable":true,"href":"https:\/\/www.elamazonico.com\/portal\/wp-json\/wp\/v2\/comments?post=24425"}],"version-history":[{"count":1,"href":"https:\/\/www.elamazonico.com\/portal\/wp-json\/wp\/v2\/posts\/24425\/revisions"}],"predecessor-version":[{"id":24426,"href":"https:\/\/www.elamazonico.com\/portal\/wp-json\/wp\/v2\/posts\/24425\/revisions\/24426"}],"wp:featuredmedia":[{"embeddable":true,"href":"https:\/\/www.elamazonico.com\/portal\/wp-json\/wp\/v2\/media\/24422"}],"wp:attachment":[{"href":"https:\/\/www.elamazonico.com\/portal\/wp-json\/wp\/v2\/media?parent=24425"}],"wp:term":[{"taxonomy":"category","embeddable":true,"href":"https:\/\/www.elamazonico.com\/portal\/wp-json\/wp\/v2\/categories?post=24425"},{"taxonomy":"post_tag","embeddable":true,"href":"https:\/\/www.elamazonico.com\/portal\/wp-json\/wp\/v2\/tags?post=24425"}],"curies":[{"name":"wp","href":"https:\/\/api.w.org\/{rel}","templated":true}]}}