{"id":24421,"date":"2025-06-23T04:00:02","date_gmt":"2025-06-23T09:00:02","guid":{"rendered":"https:\/\/www.elamazonico.com\/portal\/?p=24421"},"modified":"2025-06-21T12:53:18","modified_gmt":"2025-06-21T17:53:18","slug":"fundacion-impulsa-la-formacion-musical-infantil-en-zamora-con-el-respaldo-de-la-empresa-privada","status":"publish","type":"post","link":"https:\/\/www.elamazonico.com\/portal\/fundacion-impulsa-la-formacion-musical-infantil-en-zamora-con-el-respaldo-de-la-empresa-privada\/","title":{"rendered":"Fundaci\u00f3n impulsa la formaci\u00f3n musical infantil en Zamora con el respaldo de la empresa privada"},"content":{"rendered":"<p>Con el firme prop\u00f3sito de fortalecer la educaci\u00f3n art\u00edstica y abrir espacios de formaci\u00f3n musical para ni\u00f1os y j\u00f3venes del cant\u00f3n Zamora, la Escuela de M\u00fasica de la Fundaci\u00f3n Cultural \u2014dirigida por el gestor Carlos Sarmiento\u2014 recibi\u00f3 una importante donaci\u00f3n de instrumentos de percusi\u00f3n, gracias al valioso respaldo de empresas privadas locales.<\/p>\n<p>En entrevista con Diario El Amaz\u00f3nico, Carlos Sarmiento expres\u00f3 su profundo agradecimiento a las empresas que, de forma solidaria y comprometida con la cultura, se sumaron a esta causa. Entre los donantes se encuentran Ferreter\u00eda y Comercial El Inti (representada por el Sr. Carlos Quispe), La Casa del Metal (a trav\u00e9s del Sr. Banner Erazo), y Ferri Freddy (de propiedad de la Sra. Lorena Villalta). Adem\u00e1s, se reconoce a otras personas que, desde el anonimato, han contribuido con generosidad a esta noble iniciativa.<\/p>\n<p>Gracias a estas gestiones, la Fundaci\u00f3n ha logrado adquirir una serie de instrumentos que permitir\u00e1n la formaci\u00f3n de decenas de ni\u00f1os en percusi\u00f3n, entre ellos: bombos, tambor, timbales, tumbas, congas, guiras (met\u00e1lica y sint\u00e9tica), platillos, claves, y una marimba esmeralde\u00f1a. Esta \u00faltima fue donada por el Sr. Manuel Ayovid, como parte del reconocimiento a la riqueza musical afroecuatoriana.<\/p>\n<p>Sarmiento resalt\u00f3 que estos aportes se canalizan gracias al beneficio tributario del 150% de deducibilidad del impuesto a la renta, establecido por ley para quienes apoyan proyectos culturales. \u201cEl comerciante accede a un beneficio tributario y, al mismo tiempo, impulsa el arte y la formaci\u00f3n musical en su propia comunidad\u201d, explic\u00f3.<\/p>\n<p>Actualmente, diez ni\u00f1os integran el grupo de percusi\u00f3n, entre ellos un ni\u00f1o con discapacidad y otro de tan solo tres a\u00f1os, que participa con el acompa\u00f1amiento de su madre. Las clases se imparten a diario, siendo los jueves la jornada dirigida por un profesor especializado, quien da seguimiento y orienta el avance de los alumnos. El resto de la semana los estudiantes desarrollan sus pr\u00e1cticas de manera aut\u00f3noma.<\/p>\n<p>\u201cLa m\u00fasica es parte del ser humano desde su nacimiento. Es sentimiento, es arte, y es identidad\u201d, manifest\u00f3 Sarmiento, quien hizo un llamado a los padres de familia para que inscriban a sus hijos \u2014entre 6 y 12 a\u00f1os\u2014 en la escuela de formaci\u00f3n musical. Asimismo, extendi\u00f3 la invitaci\u00f3n a j\u00f3venes mayores de edad con inter\u00e9s en aprender a tocar instrumentos de percusi\u00f3n y marimba.<\/p>\n<p>El proyecto contempla tambi\u00e9n la creaci\u00f3n de una banda musical comunitaria, conformada \u00edntegramente por ni\u00f1os y j\u00f3venes zamoranos. Esta agrupaci\u00f3n ser\u00e1 una plataforma para incentivar el talento local y fomentar el sentido de pertenencia cultural. Se espera que hac\u00eda octubre de este a\u00f1o, inicien tambi\u00e9n las clases de instrumentos de viento como trompeta y tromb\u00f3n, ampliando as\u00ed la oferta formativa.<\/p>\n<p>Finalmente, Sarmiento agradeci\u00f3 a todas las personas que han cre\u00eddo en este proyecto y reafirm\u00f3 su compromiso de continuar gestionando alianzas estrat\u00e9gicas que fortalezcan el arte y la cultura en Zamora. \u201cEstamos convencidos de que a trav\u00e9s de la m\u00fasica podemos transformar vidas y construir una sociedad m\u00e1s sensible, creativa y solidaria\u201d, concluy\u00f3.<\/p>\n","protected":false},"excerpt":{"rendered":"<p>Con el firme prop\u00f3sito de fortalecer la educaci\u00f3n art\u00edstica y abrir espacios de formaci\u00f3n musical para ni\u00f1os y j\u00f3venes del cant\u00f3n Zamora, la Escuela de M\u00fasica de la Fundaci\u00f3n Cultural \u2014dirigida por el gestor Carlos Sarmiento\u2014 recibi\u00f3 una importante donaci\u00f3n de instrumentos de percusi\u00f3n, gracias al valioso respaldo de empresas privadas locales. En entrevista con Diario El Amaz\u00f3nico, Carlos Sarmiento expres\u00f3 su profundo agradecimiento a las empresas que, de forma solidaria y comprometida con la cultura, se sumaron a esta causa. Entre los donantes se encuentran Ferreter\u00eda y Comercial El Inti (representada por el Sr. Carlos Quispe), La Casa del Metal (a trav\u00e9s del Sr. Banner Erazo), y Ferri Freddy (de propiedad de la Sra. Lorena Villalta). Adem\u00e1s, se reconoce a otras personas que, desde el anonimato, han contribuido con generosidad a esta noble iniciativa. Gracias a estas gestiones, la Fundaci\u00f3n ha logrado adquirir una serie de instrumentos que permitir\u00e1n la formaci\u00f3n de decenas de ni\u00f1os en percusi\u00f3n, entre ellos: bombos, tambor, timbales, tumbas, congas, guiras (met\u00e1lica y sint\u00e9tica), platillos, claves, y una marimba esmeralde\u00f1a. Esta \u00faltima fue donada por el Sr. Manuel Ayovid, como parte del reconocimiento a la riqueza musical afroecuatoriana. Sarmiento resalt\u00f3 que estos aportes se canalizan gracias al beneficio tributario del 150% de deducibilidad del impuesto a la renta, establecido por ley para quienes apoyan proyectos culturales. \u201cEl comerciante accede a un beneficio tributario y, al mismo tiempo, impulsa el arte y la formaci\u00f3n musical en su propia comunidad\u201d, explic\u00f3. Actualmente, diez ni\u00f1os integran el grupo de percusi\u00f3n, entre ellos un ni\u00f1o con discapacidad y otro de tan solo tres a\u00f1os, que participa con el acompa\u00f1amiento de su madre. Las clases se imparten a diario, siendo los jueves la jornada dirigida por un profesor especializado, quien da seguimiento y orienta el avance de los alumnos. El resto de la semana los estudiantes desarrollan sus pr\u00e1cticas de manera aut\u00f3noma. \u201cLa m\u00fasica es parte del ser humano desde su nacimiento. Es sentimiento, es arte, y es identidad\u201d, manifest\u00f3 Sarmiento, quien hizo un llamado a los padres de familia para que inscriban a sus hijos \u2014entre 6 y 12 a\u00f1os\u2014 en la escuela de formaci\u00f3n musical. Asimismo, extendi\u00f3 la invitaci\u00f3n a j\u00f3venes mayores de edad con inter\u00e9s en aprender a tocar instrumentos de percusi\u00f3n y marimba. El proyecto contempla tambi\u00e9n la creaci\u00f3n de una banda musical comunitaria, conformada \u00edntegramente por ni\u00f1os y j\u00f3venes zamoranos. Esta agrupaci\u00f3n ser\u00e1 una plataforma para incentivar el talento local y fomentar el sentido de pertenencia cultural. Se espera que hac\u00eda octubre de este a\u00f1o, inicien tambi\u00e9n las clases de instrumentos de viento como trompeta y tromb\u00f3n, ampliando as\u00ed la oferta formativa. Finalmente, Sarmiento agradeci\u00f3 a todas las personas que han cre\u00eddo en este proyecto y reafirm\u00f3 su compromiso de continuar gestionando alianzas estrat\u00e9gicas que fortalezcan el arte y la cultura en Zamora. \u201cEstamos convencidos de que a trav\u00e9s de la m\u00fasica podemos transformar vidas y construir una sociedad m\u00e1s sensible, creativa y solidaria\u201d, concluy\u00f3.<\/p>\n","protected":false},"author":1,"featured_media":24423,"comment_status":"open","ping_status":"open","sticky":false,"template":"","format":"standard","meta":{"footnotes":""},"categories":[243],"tags":[],"class_list":["post-24421","post","type-post","status-publish","format-standard","has-post-thumbnail","hentry","category-noticias-zamora"],"_links":{"self":[{"href":"https:\/\/www.elamazonico.com\/portal\/wp-json\/wp\/v2\/posts\/24421","targetHints":{"allow":["GET"]}}],"collection":[{"href":"https:\/\/www.elamazonico.com\/portal\/wp-json\/wp\/v2\/posts"}],"about":[{"href":"https:\/\/www.elamazonico.com\/portal\/wp-json\/wp\/v2\/types\/post"}],"author":[{"embeddable":true,"href":"https:\/\/www.elamazonico.com\/portal\/wp-json\/wp\/v2\/users\/1"}],"replies":[{"embeddable":true,"href":"https:\/\/www.elamazonico.com\/portal\/wp-json\/wp\/v2\/comments?post=24421"}],"version-history":[{"count":1,"href":"https:\/\/www.elamazonico.com\/portal\/wp-json\/wp\/v2\/posts\/24421\/revisions"}],"predecessor-version":[{"id":24424,"href":"https:\/\/www.elamazonico.com\/portal\/wp-json\/wp\/v2\/posts\/24421\/revisions\/24424"}],"wp:featuredmedia":[{"embeddable":true,"href":"https:\/\/www.elamazonico.com\/portal\/wp-json\/wp\/v2\/media\/24423"}],"wp:attachment":[{"href":"https:\/\/www.elamazonico.com\/portal\/wp-json\/wp\/v2\/media?parent=24421"}],"wp:term":[{"taxonomy":"category","embeddable":true,"href":"https:\/\/www.elamazonico.com\/portal\/wp-json\/wp\/v2\/categories?post=24421"},{"taxonomy":"post_tag","embeddable":true,"href":"https:\/\/www.elamazonico.com\/portal\/wp-json\/wp\/v2\/tags?post=24421"}],"curies":[{"name":"wp","href":"https:\/\/api.w.org\/{rel}","templated":true}]}}