{"id":2441,"date":"2022-01-24T11:19:10","date_gmt":"2022-01-24T16:19:10","guid":{"rendered":"https:\/\/www.elamazonico.com\/portal\/?p=2441"},"modified":"2022-01-24T11:19:16","modified_gmt":"2022-01-24T16:19:16","slug":"explotan-vehiculo-de-empleado-de-remediacion-del-socavon-en-zaruma","status":"publish","type":"post","link":"https:\/\/www.elamazonico.com\/portal\/explotan-vehiculo-de-empleado-de-remediacion-del-socavon-en-zaruma\/","title":{"rendered":"Explotan veh\u00edculo de empleado de remediaci\u00f3n del socav\u00f3n en Zaruma"},"content":{"rendered":"\n<p>La noche del domingo 23 de enero de 2022 se registr\u00f3 la explosi\u00f3n de un veh\u00edculo en el cant\u00f3n Zaruma, provincia de El Oro. Sujetos desconocidos lanzaron dinamita para detonar la camioneta de un empleado dedicado a las labores de remediaci\u00f3n por el socav\u00f3n en la zona.<\/p>\n\n\n\n<p>El veh\u00edculo estall\u00f3 en el parqueadero de un inmueble, ubicado en el sector de Limoncito. El automotor qued\u00f3 completamente destruido. Los escombros llegaron a parte de la sala y cocina de la casa.<\/p>\n\n\n\n<p>Wilmer T., propietario de la camioneta, coment\u00f3 a la Polic\u00eda Nacional que al escuchar un ruido y salir de su habitaci\u00f3n constat\u00f3 que las estructuras met\u00e1licas de las puertas y ventanas hab\u00edan sido afectadas por la explosi\u00f3n. El hombre es un gu\u00eda minero que colabora con las acciones de remediaci\u00f3n.<\/p>\n\n\n\n<p>Seg\u00fan reportes preliminares, no se reportan heridos ni v\u00edctimas, solo da\u00f1os materiales. La Polic\u00eda Nacional investiga las causas de este incidente.<\/p>\n\n\n\n<p>En ese cant\u00f3n se efect\u00faa un plan de remediaci\u00f3n por parte del Gobierno Nacional para evitar nuevos desastres como el socav\u00f3n de diciembre de 2021 que ocasion\u00f3 el desplome de tres viviendas. Para ello, la Polic\u00eda Nacional tambi\u00e9n combate a las actividades de miner\u00eda ilegal que se realizan en la zona.<\/p>\n\n\n\n<p>Se especula que este atentado es una retaliaci\u00f3n de las organizaciones dedicadas a la extracci\u00f3n il\u00edcita de minerales, tras los operativos para impedir sus operaciones.<\/p>\n","protected":false},"excerpt":{"rendered":"<p>La noche del domingo 23 de enero de 2022 se registr\u00f3 la explosi\u00f3n de un veh\u00edculo en el cant\u00f3n Zaruma, provincia de El Oro. Sujetos desconocidos lanzaron dinamita para detonar la camioneta de un empleado dedicado a las labores de remediaci\u00f3n por el socav\u00f3n en la zona. El veh\u00edculo estall\u00f3 en el parqueadero de un inmueble, ubicado en el sector de Limoncito. El automotor qued\u00f3 completamente destruido. Los escombros llegaron a parte de la sala y cocina de la casa. Wilmer T., propietario de la camioneta, coment\u00f3 a la Polic\u00eda Nacional que al escuchar un ruido y salir de su habitaci\u00f3n constat\u00f3 que las estructuras met\u00e1licas de las puertas y ventanas hab\u00edan sido afectadas por la explosi\u00f3n. El hombre es un gu\u00eda minero que colabora con las acciones de remediaci\u00f3n. Seg\u00fan reportes preliminares, no se reportan heridos ni v\u00edctimas, solo da\u00f1os materiales. La Polic\u00eda Nacional investiga las causas de este incidente. En ese cant\u00f3n se efect\u00faa un plan de remediaci\u00f3n por parte del Gobierno Nacional para evitar nuevos desastres como el socav\u00f3n de diciembre de 2021 que ocasion\u00f3 el desplome de tres viviendas. Para ello, la Polic\u00eda Nacional tambi\u00e9n combate a las actividades de miner\u00eda ilegal que se realizan en la zona. Se especula que este atentado es una retaliaci\u00f3n de las organizaciones dedicadas a la extracci\u00f3n il\u00edcita de minerales, tras los operativos para impedir sus operaciones.<\/p>\n","protected":false},"author":1,"featured_media":2442,"comment_status":"open","ping_status":"open","sticky":false,"template":"","format":"standard","meta":{"footnotes":""},"categories":[268],"tags":[],"class_list":["post-2441","post","type-post","status-publish","format-standard","has-post-thumbnail","hentry","category-nacionales"],"_links":{"self":[{"href":"https:\/\/www.elamazonico.com\/portal\/wp-json\/wp\/v2\/posts\/2441","targetHints":{"allow":["GET"]}}],"collection":[{"href":"https:\/\/www.elamazonico.com\/portal\/wp-json\/wp\/v2\/posts"}],"about":[{"href":"https:\/\/www.elamazonico.com\/portal\/wp-json\/wp\/v2\/types\/post"}],"author":[{"embeddable":true,"href":"https:\/\/www.elamazonico.com\/portal\/wp-json\/wp\/v2\/users\/1"}],"replies":[{"embeddable":true,"href":"https:\/\/www.elamazonico.com\/portal\/wp-json\/wp\/v2\/comments?post=2441"}],"version-history":[{"count":1,"href":"https:\/\/www.elamazonico.com\/portal\/wp-json\/wp\/v2\/posts\/2441\/revisions"}],"predecessor-version":[{"id":2443,"href":"https:\/\/www.elamazonico.com\/portal\/wp-json\/wp\/v2\/posts\/2441\/revisions\/2443"}],"wp:featuredmedia":[{"embeddable":true,"href":"https:\/\/www.elamazonico.com\/portal\/wp-json\/wp\/v2\/media\/2442"}],"wp:attachment":[{"href":"https:\/\/www.elamazonico.com\/portal\/wp-json\/wp\/v2\/media?parent=2441"}],"wp:term":[{"taxonomy":"category","embeddable":true,"href":"https:\/\/www.elamazonico.com\/portal\/wp-json\/wp\/v2\/categories?post=2441"},{"taxonomy":"post_tag","embeddable":true,"href":"https:\/\/www.elamazonico.com\/portal\/wp-json\/wp\/v2\/tags?post=2441"}],"curies":[{"name":"wp","href":"https:\/\/api.w.org\/{rel}","templated":true}]}}