{"id":24406,"date":"2025-06-20T07:06:16","date_gmt":"2025-06-20T12:06:16","guid":{"rendered":"https:\/\/www.elamazonico.com\/portal\/?p=24406"},"modified":"2025-06-20T07:06:16","modified_gmt":"2025-06-20T12:06:16","slug":"mineria-si-pero-con-justicia-chinapintza-exige-dialogo-respeto-y-reparacion","status":"publish","type":"post","link":"https:\/\/www.elamazonico.com\/portal\/mineria-si-pero-con-justicia-chinapintza-exige-dialogo-respeto-y-reparacion\/","title":{"rendered":"\u00abMiner\u00eda s\u00ed, pero con justicia: Chinapintza exige di\u00e1logo, respeto y reparaci\u00f3n\u00bb"},"content":{"rendered":"<p data-start=\"308\" data-end=\"797\">La <strong data-start=\"311\" data-end=\"360\">C\u00e1mara Nacional de Miner\u00eda de la provincia<\/strong>, en atenci\u00f3n a los recientes acontecimientos registrados en el <strong data-start=\"424\" data-end=\"458\">Distrito Minero de Chinapintza<\/strong>, cant\u00f3n Paquisha, provincia de Zamora Chinchipe, expresa su profunda preocupaci\u00f3n frente a las denuncias de presuntas vulneraciones a los derechos humanos, ambientales y de participaci\u00f3n ciudadana ocurridas durante un operativo que involucr\u00f3 a efectivos de la fuerza p\u00fablica y personal vinculado a la empresa privada <strong data-start=\"776\" data-end=\"797\">CONDORMINING S.A.<\/strong><\/p>\n<p data-start=\"799\" data-end=\"1262\">Como entidad que representa al sector minero formal y comprometido con el desarrollo sostenible del pa\u00eds, rechazamos categ\u00f3ricamente cualquier acci\u00f3n que atente contra la <strong data-start=\"970\" data-end=\"998\">dignidad de las personas<\/strong>, el <strong data-start=\"1003\" data-end=\"1027\">debido proceso legal<\/strong>, o que derive en pr\u00e1cticas que contravengan los principios consagrados en la <strong data-start=\"1105\" data-end=\"1133\">Constituci\u00f3n del Ecuador<\/strong>, en el <strong data-start=\"1141\" data-end=\"1173\">C\u00f3digo Org\u00e1nico del Ambiente<\/strong>, as\u00ed como en los <strong data-start=\"1191\" data-end=\"1261\">convenios internacionales sobre derechos humanos y consulta previa<\/strong>.<\/p>\n<h3 data-start=\"1264\" data-end=\"1307\">Compromiso con la miner\u00eda responsable<\/h3>\n<p data-start=\"1308\" data-end=\"1437\">La C\u00e1mara de Miner\u00eda reitera su visi\u00f3n estrat\u00e9gica de que la miner\u00eda moderna debe sustentarse sobre tres pilares fundamentales:<\/p>\n<ol data-start=\"1438\" data-end=\"1647\">\n<li data-start=\"1438\" data-end=\"1510\">\n<p data-start=\"1441\" data-end=\"1510\"><strong data-start=\"1441\" data-end=\"1454\">Legalidad<\/strong> y respeto a los procedimientos del Estado de Derecho.<\/p>\n<\/li>\n<li data-start=\"1511\" data-end=\"1577\">\n<p data-start=\"1514\" data-end=\"1577\"><strong data-start=\"1514\" data-end=\"1536\">Di\u00e1logo permanente<\/strong> con las comunidades y actores locales.<\/p>\n<\/li>\n<li data-start=\"1578\" data-end=\"1647\">\n<p data-start=\"1581\" data-end=\"1647\"><strong data-start=\"1581\" data-end=\"1647\">Sostenibilidad ambiental y responsabilidad social empresarial.<\/strong><\/p>\n<\/li>\n<\/ol>\n<p data-start=\"1649\" data-end=\"2025\">Por ello, hacen un llamado firme y urgente a que se <strong data-start=\"1703\" data-end=\"1736\">investiguen con transparencia<\/strong> los hechos suscitados el 18 de junio, en los que se habr\u00eda procedido sin orden judicial previa ni protocolos de intervenci\u00f3n social adecuados, afectando directamente la propiedad, la vida familiar y el trabajo de mineros artesanales que hist\u00f3ricamente han contribuido a la econom\u00eda local.<\/p>\n<h3 data-start=\"2027\" data-end=\"2087\">Sobre el discurso ambiental y el respeto a la consulta<\/h3>\n<p data-start=\"2088\" data-end=\"2389\">Nos preocupa sobremanera la posibilidad de que principios como el <strong data-start=\"2154\" data-end=\"2175\">cuidado ambiental<\/strong> o la <strong data-start=\"2181\" data-end=\"2215\">remediaci\u00f3n de pasivos mineros<\/strong> est\u00e9n siendo utilizados como argumento para justificar intervenciones sin planificaci\u00f3n ni participaci\u00f3n, deslegitimando as\u00ed el verdadero esp\u00edritu del desarrollo sostenible.<\/p>\n<p data-start=\"2391\" data-end=\"2724\">Reafirmamos que el respeto al <strong data-start=\"2421\" data-end=\"2439\">medio ambiente<\/strong> no puede desvincularse del respeto a las personas que habitan, cuidan y trabajan los territorios. <strong data-start=\"2538\" data-end=\"2588\">Sin justicia social no hay justicia ambiental.<\/strong> Por ello, la consulta previa, libre e informada debe ser un requisito ineludible en todo proceso que afecte a comunidades directamente.<\/p>\n<h3 data-start=\"2726\" data-end=\"2774\">Exhortaci\u00f3n a la institucionalidad p\u00fablica<\/h3>\n<p data-start=\"2775\" data-end=\"2902\">Desde la C\u00e1mara de Miner\u00eda, exhortamos al Estado ecuatoriano, y en particular a las entidades rectoras de la pol\u00edtica minera y ambiental, a:<\/p>\n<ul data-start=\"2904\" data-end=\"3379\">\n<li data-start=\"2904\" data-end=\"2999\">\n<p data-start=\"2906\" data-end=\"2999\"><strong data-start=\"2906\" data-end=\"2997\">Aclarar de forma p\u00fablica los fundamentos legales del operativo ocurrido en Chinapintza.<\/strong><\/p>\n<\/li>\n<li data-start=\"3000\" data-end=\"3136\">\n<p data-start=\"3002\" data-end=\"3136\"><strong data-start=\"3002\" data-end=\"3134\">Establecer una mesa de di\u00e1logo permanente con participaci\u00f3n de comunidades, gobiernos locales, actores mineros y sociedad civil.<\/strong><\/p>\n<\/li>\n<li data-start=\"3137\" data-end=\"3234\">\n<p data-start=\"3139\" data-end=\"3234\"><strong data-start=\"3139\" data-end=\"3232\">Revisar los protocolos de intervenci\u00f3n estatal en zonas de conflicto social y productivo.<\/strong><\/p>\n<\/li>\n<li data-start=\"3235\" data-end=\"3379\">\n<p data-start=\"3237\" data-end=\"3379\"><strong data-start=\"3237\" data-end=\"3379\">Fortalecer la articulaci\u00f3n entre la miner\u00eda industrial, la peque\u00f1a miner\u00eda y la miner\u00eda artesanal, reconociendo sus aportes y diferencias.<\/strong><\/p>\n<\/li>\n<\/ul>\n<p data-start=\"3398\" data-end=\"3851\">La C\u00e1mara de Miner\u00eda no es indiferente al dolor de las familias que hoy claman justicia. Entendemos que el futuro minero del Ecuador debe construirse sobre bases \u00e9ticas, t\u00e9cnicas y humanas. Lo sucedido en Chinapintza no puede repetirse, y por ello manifestamos nuestra disposici\u00f3n a <strong data-start=\"3681\" data-end=\"3762\">contribuir activamente en la b\u00fasqueda de soluciones estructurales y pac\u00edficas<\/strong> que garanticen la <strong data-start=\"3781\" data-end=\"3851\">convivencia arm\u00f3nica entre inversi\u00f3n minera, ambiente y comunidad.<\/strong><\/p>\n<p data-start=\"3853\" data-end=\"3976\">Porque <strong data-start=\"3860\" data-end=\"3975\">la miner\u00eda del siglo XXI no debe ser impuesta, sino consensuada; no debe ser extractivista, sino transformadora<\/strong>.<\/p>\n","protected":false},"excerpt":{"rendered":"<p>La C\u00e1mara Nacional de Miner\u00eda de la provincia, en atenci\u00f3n a los recientes acontecimientos registrados en el Distrito Minero de Chinapintza, cant\u00f3n Paquisha, provincia de Zamora Chinchipe, expresa su profunda preocupaci\u00f3n frente a las denuncias de presuntas vulneraciones a los derechos humanos, ambientales y de participaci\u00f3n ciudadana ocurridas durante un operativo que involucr\u00f3 a efectivos de la fuerza p\u00fablica y personal vinculado a la empresa privada CONDORMINING S.A. Como entidad que representa al sector minero formal y comprometido con el desarrollo sostenible del pa\u00eds, rechazamos categ\u00f3ricamente cualquier acci\u00f3n que atente contra la dignidad de las personas, el debido proceso legal, o que derive en pr\u00e1cticas que contravengan los principios consagrados en la Constituci\u00f3n del Ecuador, en el C\u00f3digo Org\u00e1nico del Ambiente, as\u00ed como en los convenios internacionales sobre derechos humanos y consulta previa. Compromiso con la miner\u00eda responsable La C\u00e1mara de Miner\u00eda reitera su visi\u00f3n estrat\u00e9gica de que la miner\u00eda moderna debe sustentarse sobre tres pilares fundamentales: Legalidad y respeto a los procedimientos del Estado de Derecho. Di\u00e1logo permanente con las comunidades y actores locales. Sostenibilidad ambiental y responsabilidad social empresarial. Por ello, hacen un llamado firme y urgente a que se investiguen con transparencia los hechos suscitados el 18 de junio, en los que se habr\u00eda procedido sin orden judicial previa ni protocolos de intervenci\u00f3n social adecuados, afectando directamente la propiedad, la vida familiar y el trabajo de mineros artesanales que hist\u00f3ricamente han contribuido a la econom\u00eda local. Sobre el discurso ambiental y el respeto a la consulta Nos preocupa sobremanera la posibilidad de que principios como el cuidado ambiental o la remediaci\u00f3n de pasivos mineros est\u00e9n siendo utilizados como argumento para justificar intervenciones sin planificaci\u00f3n ni participaci\u00f3n, deslegitimando as\u00ed el verdadero esp\u00edritu del desarrollo sostenible. Reafirmamos que el respeto al medio ambiente no puede desvincularse del respeto a las personas que habitan, cuidan y trabajan los territorios. Sin justicia social no hay justicia ambiental. Por ello, la consulta previa, libre e informada debe ser un requisito ineludible en todo proceso que afecte a comunidades directamente. Exhortaci\u00f3n a la institucionalidad p\u00fablica Desde la C\u00e1mara de Miner\u00eda, exhortamos al Estado ecuatoriano, y en particular a las entidades rectoras de la pol\u00edtica minera y ambiental, a: Aclarar de forma p\u00fablica los fundamentos legales del operativo ocurrido en Chinapintza. Establecer una mesa de di\u00e1logo permanente con participaci\u00f3n de comunidades, gobiernos locales, actores mineros y sociedad civil. Revisar los protocolos de intervenci\u00f3n estatal en zonas de conflicto social y productivo. Fortalecer la articulaci\u00f3n entre la miner\u00eda industrial, la peque\u00f1a miner\u00eda y la miner\u00eda artesanal, reconociendo sus aportes y diferencias. La C\u00e1mara de Miner\u00eda no es indiferente al dolor de las familias que hoy claman justicia. Entendemos que el futuro minero del Ecuador debe construirse sobre bases \u00e9ticas, t\u00e9cnicas y humanas. Lo sucedido en Chinapintza no puede repetirse, y por ello manifestamos nuestra disposici\u00f3n a contribuir activamente en la b\u00fasqueda de soluciones estructurales y pac\u00edficas que garanticen la convivencia arm\u00f3nica entre inversi\u00f3n minera, ambiente y comunidad. Porque la miner\u00eda del siglo XXI no debe ser impuesta, sino consensuada; no debe ser extractivista, sino transformadora.<\/p>\n","protected":false},"author":1,"featured_media":24407,"comment_status":"open","ping_status":"open","sticky":false,"template":"","format":"standard","meta":{"footnotes":""},"categories":[243],"tags":[],"class_list":["post-24406","post","type-post","status-publish","format-standard","has-post-thumbnail","hentry","category-noticias-zamora"],"_links":{"self":[{"href":"https:\/\/www.elamazonico.com\/portal\/wp-json\/wp\/v2\/posts\/24406","targetHints":{"allow":["GET"]}}],"collection":[{"href":"https:\/\/www.elamazonico.com\/portal\/wp-json\/wp\/v2\/posts"}],"about":[{"href":"https:\/\/www.elamazonico.com\/portal\/wp-json\/wp\/v2\/types\/post"}],"author":[{"embeddable":true,"href":"https:\/\/www.elamazonico.com\/portal\/wp-json\/wp\/v2\/users\/1"}],"replies":[{"embeddable":true,"href":"https:\/\/www.elamazonico.com\/portal\/wp-json\/wp\/v2\/comments?post=24406"}],"version-history":[{"count":1,"href":"https:\/\/www.elamazonico.com\/portal\/wp-json\/wp\/v2\/posts\/24406\/revisions"}],"predecessor-version":[{"id":24408,"href":"https:\/\/www.elamazonico.com\/portal\/wp-json\/wp\/v2\/posts\/24406\/revisions\/24408"}],"wp:featuredmedia":[{"embeddable":true,"href":"https:\/\/www.elamazonico.com\/portal\/wp-json\/wp\/v2\/media\/24407"}],"wp:attachment":[{"href":"https:\/\/www.elamazonico.com\/portal\/wp-json\/wp\/v2\/media?parent=24406"}],"wp:term":[{"taxonomy":"category","embeddable":true,"href":"https:\/\/www.elamazonico.com\/portal\/wp-json\/wp\/v2\/categories?post=24406"},{"taxonomy":"post_tag","embeddable":true,"href":"https:\/\/www.elamazonico.com\/portal\/wp-json\/wp\/v2\/tags?post=24406"}],"curies":[{"name":"wp","href":"https:\/\/api.w.org\/{rel}","templated":true}]}}