{"id":24397,"date":"2025-06-20T04:00:25","date_gmt":"2025-06-20T09:00:25","guid":{"rendered":"https:\/\/www.elamazonico.com\/portal\/?p=24397"},"modified":"2025-06-19T14:41:46","modified_gmt":"2025-06-19T19:41:46","slug":"obras-claves-en-san-carlos-cubierta-escolar-asfaltado-y-alcantarillado-avanzan-con-apoyo-interinstitucional","status":"publish","type":"post","link":"https:\/\/www.elamazonico.com\/portal\/obras-claves-en-san-carlos-cubierta-escolar-asfaltado-y-alcantarillado-avanzan-con-apoyo-interinstitucional\/","title":{"rendered":"Obras claves en San Carlos: cubierta escolar, asfaltado y alcantarillado avanzan con apoyo interinstitucional"},"content":{"rendered":"<p>El presidente del Gobierno Aut\u00f3nomo Descentralizado Parroquial de San Carlos de las Minas, Juan Saca, anunci\u00f3 importantes avances y gestiones para el desarrollo integral de su jurisdicci\u00f3n, en el marco de una jornada informativa dirigida a la ciudadan\u00eda. El evento tuvo como objetivo principal socializar las acciones ejecutadas y en marcha en beneficio de la comunidad, as\u00ed como extender una cordial invitaci\u00f3n a la Campa\u00f1a de Esterilizaci\u00f3n Canina y Felina que se desarrollar\u00e1 el pr\u00f3ximo jueves 26 de junio.<\/p>\n<p>En su intervenci\u00f3n, el presidente parroquial destac\u00f3 el compromiso de las autoridades locales y cantonales con el bienestar animal.<\/p>\n<p>\u201cInvitamos a todos los habitantes de San Carlos de las Minas y sus barrios aleda\u00f1os a acudir a la cancha con cubierta, donde se instalar\u00e1 el quir\u00f3fano m\u00f3vil veterinario para esterilizar a perros y gatos. Esta acci\u00f3n permitir\u00e1 prevenir la sobrepoblaci\u00f3n y enfermedades, promoviendo una tenencia responsable\u201d, manifest\u00f3. Adem\u00e1s, extendi\u00f3 su agradecimiento al alcalde del cant\u00f3n Zamora, Manuel Gonz\u00e1lez, por el respaldo decidido a esta iniciativa que alcanza a todas las parroquias rurales del cant\u00f3n.<\/p>\n<p><strong>Obras en beneficio de la educaci\u00f3n: una nueva cubierta para la Escuela V\u00edctor Manuel<\/strong><br \/>\nEn materia de infraestructura educativa, Juan Saca inform\u00f3 que ya se encuentran en los \u00faltimos tr\u00e1mites para la firma del convenio tripartito entre el Gobierno Parroquial, el Ministerio de Educaci\u00f3n y el GAD Municipal de Zamora, con el fin de construir una cubierta met\u00e1lica para la Escuela V\u00edctor Manuel. El proyecto cuenta con un presupuesto conjunto de 82 mil d\u00f3lares, de los cuales 60 mil ser\u00e1n financiados por el Municipio y 22 mil por el Gobierno Parroquial. \u201cNuestro agradecimiento a la directora de la escuela por su compromiso, y al alcalde por su buena voluntad hacia los estudiantes\u201d, acot\u00f3 el presidente parroquial.<\/p>\n<p><strong>Mejoras viales: asfaltado y alcantarillado en proceso<\/strong><br \/>\nAsimismo, Saca dio a conocer los avances en el mejoramiento vial de la parroquia. Destac\u00f3 que ya se han iniciado los trabajos de base para el asfaltado de la v\u00eda de acceso principal a San Carlos de las Minas, en coordinaci\u00f3n con la Prefectura de Zamora Chinchipe. La se\u00f1ora prefecta, Karla Re\u00e1tegui, se ha comprometido con la aplicaci\u00f3n de la capa asf\u00e1ltica de esta obra, que es una demanda prioritaria de la comunidad.<br \/>\nEn cuanto a saneamiento b\u00e1sico, el presidente parroquial inform\u00f3 que ya se est\u00e1n construyendo las pozas para el sistema de alcantarillado en el sector Valle de Buena Esperanza, tramo vial que conecta con San Carlos. Estas obras son ejecutadas por el mismo contratista que actualmente trabaja en el sistema de alcantarillado en la parroquia Cumbaratza. A la fecha, cinco pozas ya se encuentran listas, y se espera que la pr\u00f3xima semana se inicie la instalaci\u00f3n de la red.<\/p>\n<p><strong>Gesti\u00f3n articulada para el desarrollo rural<\/strong><br \/>\nSaca subray\u00f3 que estos logros son fruto del trabajo articulado entre el Gobierno Parroquial, el Municipio de Zamora y la Empresa P\u00fablica Municipal de Agua Potable y Alcantarillado Emapaz EP. \u201cGracias al apoyo del alcalde Manuel Gonz\u00e1lez, de la se\u00f1ora prefecta y del gerente de Emapaz, estamos avanzando con obras fundamentales para nuestra parroquia. La coordinaci\u00f3n entre instituciones es clave para el progreso\u201d, puntualiz\u00f3.<\/p>\n<p>Finalmente, agradeci\u00f3 a la ciudadan\u00eda de San Carlos de las Minas, del cant\u00f3n y de la provincia, por la confianza depositada y reafirm\u00f3 su compromiso de seguir gestionando obras y proyectos que eleven la calidad de vida de las familias de esta parroquia rural.<\/p>\n","protected":false},"excerpt":{"rendered":"<p>El presidente del Gobierno Aut\u00f3nomo Descentralizado Parroquial de San Carlos de las Minas, Juan Saca, anunci\u00f3 importantes avances y gestiones para el desarrollo integral de su jurisdicci\u00f3n, en el marco de una jornada informativa dirigida a la ciudadan\u00eda. El evento tuvo como objetivo principal socializar las acciones ejecutadas y en marcha en beneficio de la comunidad, as\u00ed como extender una cordial invitaci\u00f3n a la Campa\u00f1a de Esterilizaci\u00f3n Canina y Felina que se desarrollar\u00e1 el pr\u00f3ximo jueves 26 de junio. En su intervenci\u00f3n, el presidente parroquial destac\u00f3 el compromiso de las autoridades locales y cantonales con el bienestar animal. \u201cInvitamos a todos los habitantes de San Carlos de las Minas y sus barrios aleda\u00f1os a acudir a la cancha con cubierta, donde se instalar\u00e1 el quir\u00f3fano m\u00f3vil veterinario para esterilizar a perros y gatos. Esta acci\u00f3n permitir\u00e1 prevenir la sobrepoblaci\u00f3n y enfermedades, promoviendo una tenencia responsable\u201d, manifest\u00f3. Adem\u00e1s, extendi\u00f3 su agradecimiento al alcalde del cant\u00f3n Zamora, Manuel Gonz\u00e1lez, por el respaldo decidido a esta iniciativa que alcanza a todas las parroquias rurales del cant\u00f3n. Obras en beneficio de la educaci\u00f3n: una nueva cubierta para la Escuela V\u00edctor Manuel En materia de infraestructura educativa, Juan Saca inform\u00f3 que ya se encuentran en los \u00faltimos tr\u00e1mites para la firma del convenio tripartito entre el Gobierno Parroquial, el Ministerio de Educaci\u00f3n y el GAD Municipal de Zamora, con el fin de construir una cubierta met\u00e1lica para la Escuela V\u00edctor Manuel. El proyecto cuenta con un presupuesto conjunto de 82 mil d\u00f3lares, de los cuales 60 mil ser\u00e1n financiados por el Municipio y 22 mil por el Gobierno Parroquial. \u201cNuestro agradecimiento a la directora de la escuela por su compromiso, y al alcalde por su buena voluntad hacia los estudiantes\u201d, acot\u00f3 el presidente parroquial. Mejoras viales: asfaltado y alcantarillado en proceso Asimismo, Saca dio a conocer los avances en el mejoramiento vial de la parroquia. Destac\u00f3 que ya se han iniciado los trabajos de base para el asfaltado de la v\u00eda de acceso principal a San Carlos de las Minas, en coordinaci\u00f3n con la Prefectura de Zamora Chinchipe. La se\u00f1ora prefecta, Karla Re\u00e1tegui, se ha comprometido con la aplicaci\u00f3n de la capa asf\u00e1ltica de esta obra, que es una demanda prioritaria de la comunidad. En cuanto a saneamiento b\u00e1sico, el presidente parroquial inform\u00f3 que ya se est\u00e1n construyendo las pozas para el sistema de alcantarillado en el sector Valle de Buena Esperanza, tramo vial que conecta con San Carlos. Estas obras son ejecutadas por el mismo contratista que actualmente trabaja en el sistema de alcantarillado en la parroquia Cumbaratza. A la fecha, cinco pozas ya se encuentran listas, y se espera que la pr\u00f3xima semana se inicie la instalaci\u00f3n de la red. Gesti\u00f3n articulada para el desarrollo rural Saca subray\u00f3 que estos logros son fruto del trabajo articulado entre el Gobierno Parroquial, el Municipio de Zamora y la Empresa P\u00fablica Municipal de Agua Potable y Alcantarillado Emapaz EP. \u201cGracias al apoyo del alcalde Manuel Gonz\u00e1lez, de la se\u00f1ora prefecta y del gerente de Emapaz, estamos avanzando con obras fundamentales para nuestra parroquia. La coordinaci\u00f3n entre instituciones es clave para el progreso\u201d, puntualiz\u00f3. Finalmente, agradeci\u00f3 a la ciudadan\u00eda de San Carlos de las Minas, del cant\u00f3n y de la provincia, por la confianza depositada y reafirm\u00f3 su compromiso de seguir gestionando obras y proyectos que eleven la calidad de vida de las familias de esta parroquia rural.<\/p>\n","protected":false},"author":1,"featured_media":24398,"comment_status":"open","ping_status":"open","sticky":false,"template":"","format":"standard","meta":{"footnotes":""},"categories":[243],"tags":[],"class_list":["post-24397","post","type-post","status-publish","format-standard","has-post-thumbnail","hentry","category-noticias-zamora"],"_links":{"self":[{"href":"https:\/\/www.elamazonico.com\/portal\/wp-json\/wp\/v2\/posts\/24397","targetHints":{"allow":["GET"]}}],"collection":[{"href":"https:\/\/www.elamazonico.com\/portal\/wp-json\/wp\/v2\/posts"}],"about":[{"href":"https:\/\/www.elamazonico.com\/portal\/wp-json\/wp\/v2\/types\/post"}],"author":[{"embeddable":true,"href":"https:\/\/www.elamazonico.com\/portal\/wp-json\/wp\/v2\/users\/1"}],"replies":[{"embeddable":true,"href":"https:\/\/www.elamazonico.com\/portal\/wp-json\/wp\/v2\/comments?post=24397"}],"version-history":[{"count":1,"href":"https:\/\/www.elamazonico.com\/portal\/wp-json\/wp\/v2\/posts\/24397\/revisions"}],"predecessor-version":[{"id":24399,"href":"https:\/\/www.elamazonico.com\/portal\/wp-json\/wp\/v2\/posts\/24397\/revisions\/24399"}],"wp:featuredmedia":[{"embeddable":true,"href":"https:\/\/www.elamazonico.com\/portal\/wp-json\/wp\/v2\/media\/24398"}],"wp:attachment":[{"href":"https:\/\/www.elamazonico.com\/portal\/wp-json\/wp\/v2\/media?parent=24397"}],"wp:term":[{"taxonomy":"category","embeddable":true,"href":"https:\/\/www.elamazonico.com\/portal\/wp-json\/wp\/v2\/categories?post=24397"},{"taxonomy":"post_tag","embeddable":true,"href":"https:\/\/www.elamazonico.com\/portal\/wp-json\/wp\/v2\/tags?post=24397"}],"curies":[{"name":"wp","href":"https:\/\/api.w.org\/{rel}","templated":true}]}}