{"id":24390,"date":"2025-06-18T18:49:53","date_gmt":"2025-06-18T23:49:53","guid":{"rendered":"https:\/\/www.elamazonico.com\/portal\/?p=24390"},"modified":"2025-06-18T18:49:53","modified_gmt":"2025-06-18T23:49:53","slug":"alias-topo-la-mano-derecha-de-fito-a-quien-la-justicia-de-ecuador-ha-beneficiado-al-menos-tres-veces","status":"publish","type":"post","link":"https:\/\/www.elamazonico.com\/portal\/alias-topo-la-mano-derecha-de-fito-a-quien-la-justicia-de-ecuador-ha-beneficiado-al-menos-tres-veces\/","title":{"rendered":"Alias &#8216;Topo&#8217;, la mano derecha de &#8216;Fito&#8217; a quien la justicia de Ecuador ha beneficiado, al menos, tres veces"},"content":{"rendered":"<p>La vida criminal de\u00a0Dar\u00edo Javier Pe\u00f1afiel Nieto, alias &#8216;Topo&#8217;, empez\u00f3 en 2016. Con 26 a\u00f1os, y como un profesional en topograf\u00eda, este sujeto fue vinculado al secuestro de un ciudadano austriaco en Gonzalo Pizarro, cant\u00f3n de Sucumb\u00edos, cerca de la frontera de Ecuador con Colombia.<\/p>\n<p>&#8216;Topo&#8217; fue capturado e, inicialmente, detenido en la C\u00e1rcel de Sucumb\u00edos. A mediados de 2017, un Tribunal Penal lo sentenci\u00f3 a 11 a\u00f1os de c\u00e1rcel por secuestro y a tres a\u00f1os por asociaci\u00f3n il\u00edcita. Adem\u00e1s, dispuso que sus condenas las cumpliera en la C\u00e1rcel Regional del Guayas.<\/p>\n<p>Pe\u00f1afiel se encontr\u00f3 con una prisi\u00f3n dominada por Los Choneros, espec\u00edficamente por Adolfo Mac\u00edas Villamar, alias &#8216;Fito&#8217;, quien era el segundo al mando de esa organizaci\u00f3n y, adem\u00e1s, manejaba a Los Fatales, un equipo de sicarios que operaba en el Litoral ecuatoriano.<\/p>\n<p>Seg\u00fan informaci\u00f3n de inteligencia policial, &#8216;Topo&#8217; se convirti\u00f3 en una de las personas de confianza para &#8216;Fito&#8217;. As\u00ed, tras cinco a\u00f1os en prisi\u00f3n -en julio de 2022- empez\u00f3 a tramitar su libertad anticipada. Para esa \u00e9poca, Mac\u00edas ya era el mandam\u00e1s de Los Choneros, que estaban en guerra con Los Lobos y buscaban expandir su dominio.<\/p>\n<p><strong>El regreso a la Amazon\u00eda y la guerra con los CDF<\/strong><br \/>\nEl 3 de junio de 2023, tras cumplir los tres a\u00f1os de la condena por asociaci\u00f3n il\u00edcita y el 60% de la pena de 11 a\u00f1os por secuestro, &#8216;Topo&#8217; se acogi\u00f3 al r\u00e9gimen semiabierto, la justicia lo favoreci\u00f3 por primera vez y fue liberado.<\/p>\n<p>Un a\u00f1o antes, en Ecuador se hab\u00eda empezado a reportar el florecimiento de la miner\u00eda ilegal de oro en la cuenca del R\u00edo Punino, en Orellana. Justamente, Los Choneros pusieron la vista en esos yacimientos y tomaron el control cobrando extorsiones a los mineros ilegales y vendiendo el combustible ilegal para las m\u00e1quinas de extracci\u00f3n del mineral.<\/p>\n<p>Seg\u00fan inteligencia militar, para tener un mayor control en la zona, &#8216;Fito&#8217; aprovech\u00f3 la liberaci\u00f3n de &#8216;Topo&#8217; y lo envi\u00f3 a Orellana.<\/p>\n<p>Sin embargo, esto gener\u00f3 un cisma en esta organizaci\u00f3n. La facci\u00f3n Los Choneros en El Coca\u00a0qued\u00f3 bajo el mando de &#8216;Topo&#8217;; mientras que los\u00a0grupo de Joya de Los Sachas y\u00a0Shushufindi se aliaron con alias &#8216;Camilo&#8217;, otro cabecilla que operaba desde la C\u00e1rcel de Sucumb\u00edos.<\/p>\n<p>As\u00ed empez\u00f3 un enfrentamiento que empez\u00f3 a dejar una serie de muertes y provoc\u00f3 las primeras masacres en ambos cantones de la provincia de Orellana, desde mediados hasta finales de 2023.<\/p>\n<p>Pero todo empeor\u00f3. Los mineros ilegales ten\u00edan que pagar &#8216;vacunas&#8217; a ambas facciones de Los Choneros. Por lo que, cansados de eso, se desplazaron a Lumbaqui, en Sucumb\u00edos, y contactaron a los Comandos de la Frontera (CDF),\u00a0una disidencia de las FARC, para pedir ayuda.<\/p>\n<p>Los CDF aceptaron dar seguridad a los mineros ilegales a cambio de una parte del negocio y de dirigir su propia l\u00ednea de abastecimiento de combustible. Entonces, los enfrentamientos empezaron a ser entre Los Choneros y los Comandos de la Frontera.<\/p>\n<p><strong>Los nuevos casos del &#8216;Topo&#8217;<\/strong><br \/>\nAs\u00ed &#8216;Topo&#8217; entr\u00f3 otra vez en el radar de las autoridades. En marzo de 2024, la Fiscal\u00eda empez\u00f3 a investigarlo por un atentado contra el polic\u00eda Byron Morej\u00f3n, quien supuestamente trabajaba para los Comandos de la Frontera y quien habr\u00eda intentado asesinar a un fiscal.<\/p>\n<p>El polic\u00eda Morej\u00f3n fue asesinado el 1 de mayo de ese mismo a\u00f1o. Un video en redes sociales revel\u00f3 como tres personas armadas bajaron de un veh\u00edculo negro y lo dispararon varias veces. Seg\u00fan la Polic\u00eda, uno de los atacantes era &#8216;Topo&#8217;.<\/p>\n<p>Byron Gavilanes, juez de Lago Agrio, dict\u00f3 medidas alternativas a la prisi\u00f3n preventiva a favor de &#8216;Topo&#8217;. y, a finales de mayo de 2025, lo sobresey\u00f3. Una fuente policial dijo a PRIMICIAS que el magistrado consider\u00f3 que la c\u00e1mara de seguridad no capt\u00f3 con claridad que uno de los atacantes era Pe\u00f1afiel.<\/p>\n<p>En medio de las investigaciones por el asesinato de ese polic\u00eda, el 15 de marzo de 2025, nuevamente &#8216;Topo&#8217; fue arrestado en Orellana, ahora por\u00a0posesi\u00f3n de armas de grueso calibre. Esta vez, el juez Walter P\u00edo le dict\u00f3 prisi\u00f3n preventiva al cabecilla de Los Choneros.<\/p>\n<p>Pero el arresto dur\u00f3 poco, el 6 de junio de 2025, el juez P\u00edo declar\u00f3 nulo el proceso por tr\u00e1fico de armas, aduciendo que hubo un mal uso del tipo penal y desnaturaliz\u00f3 la causa. Ese mismo d\u00eda, dict\u00f3 la orden de liberaci\u00f3n y &#8216;Topo&#8217; fue liberado otra vez.<\/p>\n<p>Tras esa liberaci\u00f3n, el Gobierno -a trav\u00e9s del SNAI- ha enviado varios oficios para indagar sobre el proceso, ya que seg\u00fan la norma, pese a no tener sentencia en los nuevos casos, &#8216;Topo&#8217; deber\u00eda seguir en prisi\u00f3n, pues por esos procesos deb\u00eda perder autom\u00e1ticamente la libertad anticipada y volver a la c\u00e1rcel a cumplir la pena de 11 a\u00f1os por el secuestro de 2016.<\/p>\n<p>Sin embargo, los controles judiciales y penitenciarios fallaron. Actualmente, &#8216;Topo&#8217; est\u00e1 pr\u00f3fugo por el caso de secuestro y no tiene cuentas pendientes por los casos de miner\u00eda ilegal, el asesinato de un polic\u00eda o la tenencia ilegal de fusiles. <strong>Fuente: Primicias<\/strong><\/p>\n","protected":false},"excerpt":{"rendered":"<p>La vida criminal de\u00a0Dar\u00edo Javier Pe\u00f1afiel Nieto, alias &#8216;Topo&#8217;, empez\u00f3 en 2016. Con 26 a\u00f1os, y como un profesional en topograf\u00eda, este sujeto fue vinculado al secuestro de un ciudadano austriaco en Gonzalo Pizarro, cant\u00f3n de Sucumb\u00edos, cerca de la frontera de Ecuador con Colombia. &#8216;Topo&#8217; fue capturado e, inicialmente, detenido en la C\u00e1rcel de Sucumb\u00edos. A mediados de 2017, un Tribunal Penal lo sentenci\u00f3 a 11 a\u00f1os de c\u00e1rcel por secuestro y a tres a\u00f1os por asociaci\u00f3n il\u00edcita. Adem\u00e1s, dispuso que sus condenas las cumpliera en la C\u00e1rcel Regional del Guayas. Pe\u00f1afiel se encontr\u00f3 con una prisi\u00f3n dominada por Los Choneros, espec\u00edficamente por Adolfo Mac\u00edas Villamar, alias &#8216;Fito&#8217;, quien era el segundo al mando de esa organizaci\u00f3n y, adem\u00e1s, manejaba a Los Fatales, un equipo de sicarios que operaba en el Litoral ecuatoriano. Seg\u00fan informaci\u00f3n de inteligencia policial, &#8216;Topo&#8217; se convirti\u00f3 en una de las personas de confianza para &#8216;Fito&#8217;. As\u00ed, tras cinco a\u00f1os en prisi\u00f3n -en julio de 2022- empez\u00f3 a tramitar su libertad anticipada. Para esa \u00e9poca, Mac\u00edas ya era el mandam\u00e1s de Los Choneros, que estaban en guerra con Los Lobos y buscaban expandir su dominio. El regreso a la Amazon\u00eda y la guerra con los CDF El 3 de junio de 2023, tras cumplir los tres a\u00f1os de la condena por asociaci\u00f3n il\u00edcita y el 60% de la pena de 11 a\u00f1os por secuestro, &#8216;Topo&#8217; se acogi\u00f3 al r\u00e9gimen semiabierto, la justicia lo favoreci\u00f3 por primera vez y fue liberado. Un a\u00f1o antes, en Ecuador se hab\u00eda empezado a reportar el florecimiento de la miner\u00eda ilegal de oro en la cuenca del R\u00edo Punino, en Orellana. Justamente, Los Choneros pusieron la vista en esos yacimientos y tomaron el control cobrando extorsiones a los mineros ilegales y vendiendo el combustible ilegal para las m\u00e1quinas de extracci\u00f3n del mineral. Seg\u00fan inteligencia militar, para tener un mayor control en la zona, &#8216;Fito&#8217; aprovech\u00f3 la liberaci\u00f3n de &#8216;Topo&#8217; y lo envi\u00f3 a Orellana. Sin embargo, esto gener\u00f3 un cisma en esta organizaci\u00f3n. La facci\u00f3n Los Choneros en El Coca\u00a0qued\u00f3 bajo el mando de &#8216;Topo&#8217;; mientras que los\u00a0grupo de Joya de Los Sachas y\u00a0Shushufindi se aliaron con alias &#8216;Camilo&#8217;, otro cabecilla que operaba desde la C\u00e1rcel de Sucumb\u00edos. As\u00ed empez\u00f3 un enfrentamiento que empez\u00f3 a dejar una serie de muertes y provoc\u00f3 las primeras masacres en ambos cantones de la provincia de Orellana, desde mediados hasta finales de 2023. Pero todo empeor\u00f3. Los mineros ilegales ten\u00edan que pagar &#8216;vacunas&#8217; a ambas facciones de Los Choneros. Por lo que, cansados de eso, se desplazaron a Lumbaqui, en Sucumb\u00edos, y contactaron a los Comandos de la Frontera (CDF),\u00a0una disidencia de las FARC, para pedir ayuda. Los CDF aceptaron dar seguridad a los mineros ilegales a cambio de una parte del negocio y de dirigir su propia l\u00ednea de abastecimiento de combustible. Entonces, los enfrentamientos empezaron a ser entre Los Choneros y los Comandos de la Frontera. Los nuevos casos del &#8216;Topo&#8217; As\u00ed &#8216;Topo&#8217; entr\u00f3 otra vez en el radar de las autoridades. En marzo de 2024, la Fiscal\u00eda empez\u00f3 a investigarlo por un atentado contra el polic\u00eda Byron Morej\u00f3n, quien supuestamente trabajaba para los Comandos de la Frontera y quien habr\u00eda intentado asesinar a un fiscal. El polic\u00eda Morej\u00f3n fue asesinado el 1 de mayo de ese mismo a\u00f1o. Un video en redes sociales revel\u00f3 como tres personas armadas bajaron de un veh\u00edculo negro y lo dispararon varias veces. Seg\u00fan la Polic\u00eda, uno de los atacantes era &#8216;Topo&#8217;. Byron Gavilanes, juez de Lago Agrio, dict\u00f3 medidas alternativas a la prisi\u00f3n preventiva a favor de &#8216;Topo&#8217;. y, a finales de mayo de 2025, lo sobresey\u00f3. Una fuente policial dijo a PRIMICIAS que el magistrado consider\u00f3 que la c\u00e1mara de seguridad no capt\u00f3 con claridad que uno de los atacantes era Pe\u00f1afiel. En medio de las investigaciones por el asesinato de ese polic\u00eda, el 15 de marzo de 2025, nuevamente &#8216;Topo&#8217; fue arrestado en Orellana, ahora por\u00a0posesi\u00f3n de armas de grueso calibre. Esta vez, el juez Walter P\u00edo le dict\u00f3 prisi\u00f3n preventiva al cabecilla de Los Choneros. Pero el arresto dur\u00f3 poco, el 6 de junio de 2025, el juez P\u00edo declar\u00f3 nulo el proceso por tr\u00e1fico de armas, aduciendo que hubo un mal uso del tipo penal y desnaturaliz\u00f3 la causa. Ese mismo d\u00eda, dict\u00f3 la orden de liberaci\u00f3n y &#8216;Topo&#8217; fue liberado otra vez. Tras esa liberaci\u00f3n, el Gobierno -a trav\u00e9s del SNAI- ha enviado varios oficios para indagar sobre el proceso, ya que seg\u00fan la norma, pese a no tener sentencia en los nuevos casos, &#8216;Topo&#8217; deber\u00eda seguir en prisi\u00f3n, pues por esos procesos deb\u00eda perder autom\u00e1ticamente la libertad anticipada y volver a la c\u00e1rcel a cumplir la pena de 11 a\u00f1os por el secuestro de 2016. Sin embargo, los controles judiciales y penitenciarios fallaron. Actualmente, &#8216;Topo&#8217; est\u00e1 pr\u00f3fugo por el caso de secuestro y no tiene cuentas pendientes por los casos de miner\u00eda ilegal, el asesinato de un polic\u00eda o la tenencia ilegal de fusiles. Fuente: Primicias<\/p>\n","protected":false},"author":1,"featured_media":24391,"comment_status":"open","ping_status":"open","sticky":false,"template":"","format":"standard","meta":{"footnotes":""},"categories":[268],"tags":[],"class_list":["post-24390","post","type-post","status-publish","format-standard","has-post-thumbnail","hentry","category-nacionales"],"_links":{"self":[{"href":"https:\/\/www.elamazonico.com\/portal\/wp-json\/wp\/v2\/posts\/24390","targetHints":{"allow":["GET"]}}],"collection":[{"href":"https:\/\/www.elamazonico.com\/portal\/wp-json\/wp\/v2\/posts"}],"about":[{"href":"https:\/\/www.elamazonico.com\/portal\/wp-json\/wp\/v2\/types\/post"}],"author":[{"embeddable":true,"href":"https:\/\/www.elamazonico.com\/portal\/wp-json\/wp\/v2\/users\/1"}],"replies":[{"embeddable":true,"href":"https:\/\/www.elamazonico.com\/portal\/wp-json\/wp\/v2\/comments?post=24390"}],"version-history":[{"count":1,"href":"https:\/\/www.elamazonico.com\/portal\/wp-json\/wp\/v2\/posts\/24390\/revisions"}],"predecessor-version":[{"id":24392,"href":"https:\/\/www.elamazonico.com\/portal\/wp-json\/wp\/v2\/posts\/24390\/revisions\/24392"}],"wp:featuredmedia":[{"embeddable":true,"href":"https:\/\/www.elamazonico.com\/portal\/wp-json\/wp\/v2\/media\/24391"}],"wp:attachment":[{"href":"https:\/\/www.elamazonico.com\/portal\/wp-json\/wp\/v2\/media?parent=24390"}],"wp:term":[{"taxonomy":"category","embeddable":true,"href":"https:\/\/www.elamazonico.com\/portal\/wp-json\/wp\/v2\/categories?post=24390"},{"taxonomy":"post_tag","embeddable":true,"href":"https:\/\/www.elamazonico.com\/portal\/wp-json\/wp\/v2\/tags?post=24390"}],"curies":[{"name":"wp","href":"https:\/\/api.w.org\/{rel}","templated":true}]}}