{"id":24387,"date":"2025-06-19T04:20:49","date_gmt":"2025-06-19T09:20:49","guid":{"rendered":"https:\/\/www.elamazonico.com\/portal\/?p=24387"},"modified":"2025-06-18T18:46:45","modified_gmt":"2025-06-18T23:46:45","slug":"zona-7-clausura-actividades-de-redes-de-aprendizaje-en-regimen-sierra-amazonia","status":"publish","type":"post","link":"https:\/\/www.elamazonico.com\/portal\/zona-7-clausura-actividades-de-redes-de-aprendizaje-en-regimen-sierra-amazonia\/","title":{"rendered":"Zona 7 clausura actividades de Redes de Aprendizaje en r\u00e9gimen Sierra-Amazon\u00eda"},"content":{"rendered":"<p>Con el prop\u00f3sito de fortalecer la calidad educativa desde los primeros a\u00f1os de vida, durante la semana del 16 al 20 de junio se llevan a cabo los eventos de cierre del programa \u201cRedes de Aprendizaje\u201d del periodo lectivo 2024-2025 en las provincias de Loja y Zamora Chinchipe.<\/p>\n<p>Las ceremonias de clausura contaron con la participaci\u00f3n de ni\u00f1as y ni\u00f1os de los niveles de Inicial y Preparatoria, quienes exponen al p\u00fablico los trabajos y aprendizajes adquiridos a lo largo del a\u00f1o.<\/p>\n<p>En la Zona 7, este programa integra 44 Redes de Aprendizaje que benefician a 14.278 estudiantes de 309 instituciones educativas de todos los sostenimientos en r\u00e9gimen Sierra &#8211; Amazon\u00eda. La labor educativa est\u00e1 liderada por 755 docentes comprometidos con la mejora continua de la Educaci\u00f3n Inicial.<\/p>\n<p>Mediante el intercambio de experiencias innovadoras y pr\u00e1cticas inclusivas, las redes han fortalecido aspectos clave como el trabajo en equipo, la elaboraci\u00f3n de material did\u00e1ctico, el dise\u00f1o de ambientes de aprendizaje, y el desarrollo de habilidades en lenguaje, motricidad, cuidado e higiene, nutrici\u00f3n y salud, todo ello fundamentado en valores y principios.<\/p>\n<p>Uno de los eventos destacados se realiz\u00f3 en la Escuela de Educaci\u00f3n B\u00e1sica Ciudad de Loja, donde se clausur\u00f3 la Red de Aprendizaje N.\u00b0 13, del Distrito Loja. Durante la casa abierta, las docentes mostraron mediante actividades l\u00fadicas las t\u00e9cnicas implementadas en el aula para potenciar las capacidades de los ni\u00f1os de 3 a 5 a\u00f1os.<\/p>\n<p>Andrea Delgado, directora del plantel, dio la bienvenida a los asistentes y destac\u00f3: \u201cCreo que la capacitaci\u00f3n y mantenerse actualizados es la mejor manera de manifestar el compromiso que tenemos con nuestra ni\u00f1ez\u201d.<\/p>\n<p>Por su parte, Nancy Armijos, docente y coordinadora de la Red N.\u00b0 13, expres\u00f3 su satisfacci\u00f3n por los logros alcanzados: \u201cNos hemos enriquecido con los conocimientos y experiencias compartidas por nuestras compa\u00f1eras de otras instituciones\u201d.<\/p>\n<p>Las Redes de Aprendizaje constituyen una valiosa estrategia de formaci\u00f3n docente, basada en talleres, capacitaciones, foros y espacios de reflexi\u00f3n sobre tem\u00e1ticas como planificaci\u00f3n, metodolog\u00eda l\u00fadica, gimnasia cerebral, primeros auxilios, animaci\u00f3n lectora, nutrici\u00f3n, disciplina positiva, entre otros. Estas acciones impulsan la innovaci\u00f3n y el mejoramiento continuo del proceso educativo.<\/p>\n","protected":false},"excerpt":{"rendered":"<p>Con el prop\u00f3sito de fortalecer la calidad educativa desde los primeros a\u00f1os de vida, durante la semana del 16 al 20 de junio se llevan a cabo los eventos de cierre del programa \u201cRedes de Aprendizaje\u201d del periodo lectivo 2024-2025 en las provincias de Loja y Zamora Chinchipe. Las ceremonias de clausura contaron con la participaci\u00f3n de ni\u00f1as y ni\u00f1os de los niveles de Inicial y Preparatoria, quienes exponen al p\u00fablico los trabajos y aprendizajes adquiridos a lo largo del a\u00f1o. En la Zona 7, este programa integra 44 Redes de Aprendizaje que benefician a 14.278 estudiantes de 309 instituciones educativas de todos los sostenimientos en r\u00e9gimen Sierra &#8211; Amazon\u00eda. La labor educativa est\u00e1 liderada por 755 docentes comprometidos con la mejora continua de la Educaci\u00f3n Inicial. Mediante el intercambio de experiencias innovadoras y pr\u00e1cticas inclusivas, las redes han fortalecido aspectos clave como el trabajo en equipo, la elaboraci\u00f3n de material did\u00e1ctico, el dise\u00f1o de ambientes de aprendizaje, y el desarrollo de habilidades en lenguaje, motricidad, cuidado e higiene, nutrici\u00f3n y salud, todo ello fundamentado en valores y principios. Uno de los eventos destacados se realiz\u00f3 en la Escuela de Educaci\u00f3n B\u00e1sica Ciudad de Loja, donde se clausur\u00f3 la Red de Aprendizaje N.\u00b0 13, del Distrito Loja. Durante la casa abierta, las docentes mostraron mediante actividades l\u00fadicas las t\u00e9cnicas implementadas en el aula para potenciar las capacidades de los ni\u00f1os de 3 a 5 a\u00f1os. Andrea Delgado, directora del plantel, dio la bienvenida a los asistentes y destac\u00f3: \u201cCreo que la capacitaci\u00f3n y mantenerse actualizados es la mejor manera de manifestar el compromiso que tenemos con nuestra ni\u00f1ez\u201d. Por su parte, Nancy Armijos, docente y coordinadora de la Red N.\u00b0 13, expres\u00f3 su satisfacci\u00f3n por los logros alcanzados: \u201cNos hemos enriquecido con los conocimientos y experiencias compartidas por nuestras compa\u00f1eras de otras instituciones\u201d. Las Redes de Aprendizaje constituyen una valiosa estrategia de formaci\u00f3n docente, basada en talleres, capacitaciones, foros y espacios de reflexi\u00f3n sobre tem\u00e1ticas como planificaci\u00f3n, metodolog\u00eda l\u00fadica, gimnasia cerebral, primeros auxilios, animaci\u00f3n lectora, nutrici\u00f3n, disciplina positiva, entre otros. Estas acciones impulsan la innovaci\u00f3n y el mejoramiento continuo del proceso educativo.<\/p>\n","protected":false},"author":1,"featured_media":24388,"comment_status":"open","ping_status":"open","sticky":false,"template":"","format":"standard","meta":{"footnotes":""},"categories":[243],"tags":[],"class_list":["post-24387","post","type-post","status-publish","format-standard","has-post-thumbnail","hentry","category-noticias-zamora"],"_links":{"self":[{"href":"https:\/\/www.elamazonico.com\/portal\/wp-json\/wp\/v2\/posts\/24387","targetHints":{"allow":["GET"]}}],"collection":[{"href":"https:\/\/www.elamazonico.com\/portal\/wp-json\/wp\/v2\/posts"}],"about":[{"href":"https:\/\/www.elamazonico.com\/portal\/wp-json\/wp\/v2\/types\/post"}],"author":[{"embeddable":true,"href":"https:\/\/www.elamazonico.com\/portal\/wp-json\/wp\/v2\/users\/1"}],"replies":[{"embeddable":true,"href":"https:\/\/www.elamazonico.com\/portal\/wp-json\/wp\/v2\/comments?post=24387"}],"version-history":[{"count":1,"href":"https:\/\/www.elamazonico.com\/portal\/wp-json\/wp\/v2\/posts\/24387\/revisions"}],"predecessor-version":[{"id":24389,"href":"https:\/\/www.elamazonico.com\/portal\/wp-json\/wp\/v2\/posts\/24387\/revisions\/24389"}],"wp:featuredmedia":[{"embeddable":true,"href":"https:\/\/www.elamazonico.com\/portal\/wp-json\/wp\/v2\/media\/24388"}],"wp:attachment":[{"href":"https:\/\/www.elamazonico.com\/portal\/wp-json\/wp\/v2\/media?parent=24387"}],"wp:term":[{"taxonomy":"category","embeddable":true,"href":"https:\/\/www.elamazonico.com\/portal\/wp-json\/wp\/v2\/categories?post=24387"},{"taxonomy":"post_tag","embeddable":true,"href":"https:\/\/www.elamazonico.com\/portal\/wp-json\/wp\/v2\/tags?post=24387"}],"curies":[{"name":"wp","href":"https:\/\/api.w.org\/{rel}","templated":true}]}}