{"id":24376,"date":"2025-06-18T16:40:16","date_gmt":"2025-06-18T21:40:16","guid":{"rendered":"https:\/\/www.elamazonico.com\/portal\/?p=24376"},"modified":"2025-06-18T16:41:21","modified_gmt":"2025-06-18T21:41:21","slug":"fuerzas-politicas-de-yacuambi-advierten-descontento-ciudadano-y-exigen-coherencia-con-el-mandato-popular","status":"publish","type":"post","link":"https:\/\/www.elamazonico.com\/portal\/fuerzas-politicas-de-yacuambi-advierten-descontento-ciudadano-y-exigen-coherencia-con-el-mandato-popular\/","title":{"rendered":"Fuerzas pol\u00edticas de Yacuambi advierten descontento ciudadano y exigen coherencia con el mandato popular"},"content":{"rendered":"<p>En el marco del fortalecimiento democr\u00e1tico y la corresponsabilidad pol\u00edtica asumida en campa\u00f1a, los representantes de las fuerzas que conforman la Unidad y Alianza Pol\u00edtica Cantonal del cant\u00f3n Yacuambi han solicitado formalmente una sesi\u00f3n de trabajo para este mi\u00e9rcoles con el se\u00f1or Luis Alfonso Seas, alcalde del GAD Municipal, as\u00ed como con los honorables concejales de mayor\u00eda: Prof. Manuel Asunci\u00f3n Gonz\u00e1lez, Sra. Marlene Cabrera Espinoza y Sra. Mayra Alexandra Tsukaka.<\/p>\n<p>La misiva, firmada por los representantes pol\u00edticos de los movimientos (Movimiento MAS, Lista 63), (Partido Socialista Ecuatoriano, Lista 17), (Centro Democr\u00e1tico, Listas 1 y el Coordinador de campa\u00f1a de la Unidad y Alianza, obedece a la necesidad de evaluar colectivamente el avance de la gesti\u00f3n administrativa y pol\u00edtica emprendida tras el triunfo electoral.<\/p>\n<p><strong>Motivos de la convocatoria<\/strong><\/p>\n<p>Los firmantes expresan su preocupaci\u00f3n frente a la falta de comunicaci\u00f3n institucional y pol\u00edtica con el bloque de organizaciones aliadas, y subrayan que la ciudadan\u00eda ha manifestado creciente descontento, lo que motiva a propiciar espacios de evaluaci\u00f3n, rendici\u00f3n de cuentas y reajuste program\u00e1tico, con miras a consolidar la unidad de cara a los pr\u00f3ximos procesos electorales cantonales y provinciales.<\/p>\n<p>Entre los temas centrales propuestos para la sesi\u00f3n de trabajo se destacan:<\/p>\n<p><strong>Evaluaci\u00f3n y propuesta de reestructuraci\u00f3n del equipo directivo y funcionarios de libre remoci\u00f3n.<\/strong><\/p>\n<p><strong>Revisi\u00f3n exhaustiva de los acuerdos pol\u00edticos de campa\u00f1a suscritos entre las organizaciones aliadas.<\/strong><\/p>\n<p><strong>Solicitud de informaci\u00f3n sobre la figura de la silla vac\u00eda en el Concejo Municipal y su participaci\u00f3n efectiva.<\/strong><\/p>\n<p><strong>Informe detallado sobre el presupuesto y ejecuci\u00f3n de la obra de asfaltado y regeneraci\u00f3n urbana.<\/strong><\/p>\n<p><strong>Evaluaci\u00f3n de atenci\u00f3n a compromisos adquiridos con los electores en el \u00e1mbito de obras y servicio social.<\/strong><\/p>\n<p><strong>Presentaci\u00f3n del avance del plan de trabajo aprobado por el CNE.<\/strong><\/p>\n<p><strong>Informe sobre el uso de maquinaria municipal en obras adjudicadas a contratistas.<\/strong><\/p>\n<p><strong>Solicitud de transparencia en los procesos de adjudicaci\u00f3n y conformaci\u00f3n de la comisi\u00f3n t\u00e9cnica respectiva.<\/strong><\/p>\n<p><strong>Llamado al di\u00e1logo responsable<\/strong><\/p>\n<p>Los l\u00edderes de la alianza han enfatizado que este pedido se realiza con el m\u00e1s alto sentido de responsabilidad pol\u00edtica, \u00e9tica p\u00fablica y compromiso ciudadano, en busca de garantizar la transparencia, la eficacia administrativa y la fidelidad a los principios que dieron origen a la victoria electoral.<\/p>\n<p>La sesi\u00f3n de trabajo se plantea como una oportunidad para restablecer canales de di\u00e1logo, alinear objetivos institucionales y garantizar una gesti\u00f3n participativa y eficiente al servicio del cant\u00f3n Yacuambi.<\/p>\n<p><img fetchpriority=\"high\" decoding=\"async\" class=\"alignnone size-medium wp-image-24377\" src=\"https:\/\/www.elamazonico.com\/portal\/wp-content\/uploads\/2025\/06\/564e1ba1-4c36-405e-a82c-c7ee2e53d4a81-226x300.jpg\" alt=\"\" width=\"226\" height=\"300\" srcset=\"https:\/\/www.elamazonico.com\/portal\/wp-content\/uploads\/2025\/06\/564e1ba1-4c36-405e-a82c-c7ee2e53d4a81-226x300.jpg 226w, https:\/\/www.elamazonico.com\/portal\/wp-content\/uploads\/2025\/06\/564e1ba1-4c36-405e-a82c-c7ee2e53d4a81-771x1024.jpg 771w, https:\/\/www.elamazonico.com\/portal\/wp-content\/uploads\/2025\/06\/564e1ba1-4c36-405e-a82c-c7ee2e53d4a81-768x1021.jpg 768w, https:\/\/www.elamazonico.com\/portal\/wp-content\/uploads\/2025\/06\/564e1ba1-4c36-405e-a82c-c7ee2e53d4a81-1156x1536.jpg 1156w, https:\/\/www.elamazonico.com\/portal\/wp-content\/uploads\/2025\/06\/564e1ba1-4c36-405e-a82c-c7ee2e53d4a81.jpg 1204w\" sizes=\"(max-width: 226px) 100vw, 226px\" \/><\/p>\n","protected":false},"excerpt":{"rendered":"<p>En el marco del fortalecimiento democr\u00e1tico y la corresponsabilidad pol\u00edtica asumida en campa\u00f1a, los representantes de las fuerzas que conforman la Unidad y Alianza Pol\u00edtica Cantonal del cant\u00f3n Yacuambi han solicitado formalmente una sesi\u00f3n de trabajo para este mi\u00e9rcoles con el se\u00f1or Luis Alfonso Seas, alcalde del GAD Municipal, as\u00ed como con los honorables concejales de mayor\u00eda: Prof. Manuel Asunci\u00f3n Gonz\u00e1lez, Sra. Marlene Cabrera Espinoza y Sra. Mayra Alexandra Tsukaka. La misiva, firmada por los representantes pol\u00edticos de los movimientos (Movimiento MAS, Lista 63), (Partido Socialista Ecuatoriano, Lista 17), (Centro Democr\u00e1tico, Listas 1 y el Coordinador de campa\u00f1a de la Unidad y Alianza, obedece a la necesidad de evaluar colectivamente el avance de la gesti\u00f3n administrativa y pol\u00edtica emprendida tras el triunfo electoral. Motivos de la convocatoria Los firmantes expresan su preocupaci\u00f3n frente a la falta de comunicaci\u00f3n institucional y pol\u00edtica con el bloque de organizaciones aliadas, y subrayan que la ciudadan\u00eda ha manifestado creciente descontento, lo que motiva a propiciar espacios de evaluaci\u00f3n, rendici\u00f3n de cuentas y reajuste program\u00e1tico, con miras a consolidar la unidad de cara a los pr\u00f3ximos procesos electorales cantonales y provinciales. Entre los temas centrales propuestos para la sesi\u00f3n de trabajo se destacan: Evaluaci\u00f3n y propuesta de reestructuraci\u00f3n del equipo directivo y funcionarios de libre remoci\u00f3n. Revisi\u00f3n exhaustiva de los acuerdos pol\u00edticos de campa\u00f1a suscritos entre las organizaciones aliadas. Solicitud de informaci\u00f3n sobre la figura de la silla vac\u00eda en el Concejo Municipal y su participaci\u00f3n efectiva. Informe detallado sobre el presupuesto y ejecuci\u00f3n de la obra de asfaltado y regeneraci\u00f3n urbana. Evaluaci\u00f3n de atenci\u00f3n a compromisos adquiridos con los electores en el \u00e1mbito de obras y servicio social. Presentaci\u00f3n del avance del plan de trabajo aprobado por el CNE. Informe sobre el uso de maquinaria municipal en obras adjudicadas a contratistas. Solicitud de transparencia en los procesos de adjudicaci\u00f3n y conformaci\u00f3n de la comisi\u00f3n t\u00e9cnica respectiva. Llamado al di\u00e1logo responsable Los l\u00edderes de la alianza han enfatizado que este pedido se realiza con el m\u00e1s alto sentido de responsabilidad pol\u00edtica, \u00e9tica p\u00fablica y compromiso ciudadano, en busca de garantizar la transparencia, la eficacia administrativa y la fidelidad a los principios que dieron origen a la victoria electoral. La sesi\u00f3n de trabajo se plantea como una oportunidad para restablecer canales de di\u00e1logo, alinear objetivos institucionales y garantizar una gesti\u00f3n participativa y eficiente al servicio del cant\u00f3n Yacuambi.<\/p>\n","protected":false},"author":1,"featured_media":24379,"comment_status":"open","ping_status":"open","sticky":false,"template":"","format":"standard","meta":{"footnotes":""},"categories":[243],"tags":[],"class_list":["post-24376","post","type-post","status-publish","format-standard","has-post-thumbnail","hentry","category-noticias-zamora"],"_links":{"self":[{"href":"https:\/\/www.elamazonico.com\/portal\/wp-json\/wp\/v2\/posts\/24376","targetHints":{"allow":["GET"]}}],"collection":[{"href":"https:\/\/www.elamazonico.com\/portal\/wp-json\/wp\/v2\/posts"}],"about":[{"href":"https:\/\/www.elamazonico.com\/portal\/wp-json\/wp\/v2\/types\/post"}],"author":[{"embeddable":true,"href":"https:\/\/www.elamazonico.com\/portal\/wp-json\/wp\/v2\/users\/1"}],"replies":[{"embeddable":true,"href":"https:\/\/www.elamazonico.com\/portal\/wp-json\/wp\/v2\/comments?post=24376"}],"version-history":[{"count":1,"href":"https:\/\/www.elamazonico.com\/portal\/wp-json\/wp\/v2\/posts\/24376\/revisions"}],"predecessor-version":[{"id":24378,"href":"https:\/\/www.elamazonico.com\/portal\/wp-json\/wp\/v2\/posts\/24376\/revisions\/24378"}],"wp:featuredmedia":[{"embeddable":true,"href":"https:\/\/www.elamazonico.com\/portal\/wp-json\/wp\/v2\/media\/24379"}],"wp:attachment":[{"href":"https:\/\/www.elamazonico.com\/portal\/wp-json\/wp\/v2\/media?parent=24376"}],"wp:term":[{"taxonomy":"category","embeddable":true,"href":"https:\/\/www.elamazonico.com\/portal\/wp-json\/wp\/v2\/categories?post=24376"},{"taxonomy":"post_tag","embeddable":true,"href":"https:\/\/www.elamazonico.com\/portal\/wp-json\/wp\/v2\/tags?post=24376"}],"curies":[{"name":"wp","href":"https:\/\/api.w.org\/{rel}","templated":true}]}}