{"id":24373,"date":"2025-06-18T15:04:54","date_gmt":"2025-06-18T20:04:54","guid":{"rendered":"https:\/\/www.elamazonico.com\/portal\/?p=24373"},"modified":"2025-06-18T15:04:54","modified_gmt":"2025-06-18T20:04:54","slug":"correismo-y-adn-se-disputan-la-fiscalizacion-de-los-contratos-de-progen-firmados-por-el-gobierno","status":"publish","type":"post","link":"https:\/\/www.elamazonico.com\/portal\/correismo-y-adn-se-disputan-la-fiscalizacion-de-los-contratos-de-progen-firmados-por-el-gobierno\/","title":{"rendered":"Corre\u00edsmo y ADN se disputan la fiscalizaci\u00f3n de los contratos de Progen firmados por el Gobierno"},"content":{"rendered":"<p>Aunque mermada en la Asamblea de Ecuador, la bancada de la Revoluci\u00f3n Ciudadana (RC) busca investigar, desde las pocas comisiones legislativas que domina, la gesti\u00f3n del gobierno del presidente Daniel Noboa.<\/p>\n<p>Este 18 de junio, la asamble\u00edsta Diana J\u00e1come de Acci\u00f3n Democr\u00e1tica Nacional (ADN) denunci\u00f3 que la comisi\u00f3n de Garant\u00edas Constitucionales, de mayor\u00eda corre\u00edsta, quiere apropiarse del proceso de fiscalizaci\u00f3n de los contratos de Progen firmados por Estado en la administraci\u00f3n de Noboa.<\/p>\n<p>El problema, seg\u00fan J\u00e1come, es que el Consejo de Administraci\u00f3n Legislativa (CAL) ya hab\u00eda decidido y notificado que ser\u00e1 la mesa de Transparencia y Participaci\u00f3n Ciudadana, liderada por la propia J\u00e1come y dominada por ADN, la que conozca el caso.<\/p>\n<blockquote><p>\u00abLa Ley Org\u00e1nica de la Funci\u00f3n Legislativa es clara y establece que cuando una comisi\u00f3n conoce un proceso de Fiscalizaci\u00f3n se debe respetar y otra no puede intervenir ni llamar a autoridades y dem\u00e1s servidores\u00bb. <strong>Diana J\u00e1come, legisladora de ADN.\u00a0<\/strong><\/p><\/blockquote>\n<p>La Comisi\u00f3n de Transparencia tiene previsto reunirse la tarde de este 18 de junio para establecer un cronograma de comparecencias. Esta mesa est\u00e1 conformada por:<\/p>\n<p>Diana J\u00e1come (ADN)<br \/>\nEdmundo Cerda (Pachakutik)<br \/>\nJorge Chamba (ADN)<br \/>\nJorge Guevara (ADN)<br \/>\nIsaac Solano (ADN)<br \/>\nDominique Serrano (ADN)<br \/>\nOtto Vera (PSC)<br \/>\nBlasco Luna (RC)<br \/>\nGermania Romero (RC)<br \/>\nAndr\u00e9s Mendoza (RC)<br \/>\nJ\u00e1come neg\u00f3 que la mesa legislativa que preside se vaya a convertir en una \u00abcomisi\u00f3n de archivo\u00bb, y asegur\u00f3 que har\u00e1n una fiscalizaci\u00f3n transparente.<\/p>\n<p>El pasado 11 de junio el corre\u00edsta Blasco Luna mocion\u00f3 que el Pleno de la Asamblea inicie un proceso de fiscalizaci\u00f3n a los contratos para la provisi\u00f3n de energ\u00eda firmados con la empresa estadounidense.<\/p>\n<p>Progen presenta solicitud de arbitraje de \u00abemergencia\u00bb por sus dos proyectos de plantas el\u00e9ctricas<br \/>\nUno de los objetivos era que la ministra de Energ\u00eda, In\u00e9s Manzano, comparezca ante los 151 legisladores para explicar los problemas y contratiempos en los contratos de Progen.<\/p>\n<p>La bancada de Acci\u00f3n Democr\u00e1tica Nacional (ADN) volvi\u00f3 a contar con cinco integrantes de la facci\u00f3n aliada de Pachakutik y logr\u00f3 bloquear el intento corre\u00edsta.<\/p>\n","protected":false},"excerpt":{"rendered":"<p>Aunque mermada en la Asamblea de Ecuador, la bancada de la Revoluci\u00f3n Ciudadana (RC) busca investigar, desde las pocas comisiones legislativas que domina, la gesti\u00f3n del gobierno del presidente Daniel Noboa. Este 18 de junio, la asamble\u00edsta Diana J\u00e1come de Acci\u00f3n Democr\u00e1tica Nacional (ADN) denunci\u00f3 que la comisi\u00f3n de Garant\u00edas Constitucionales, de mayor\u00eda corre\u00edsta, quiere apropiarse del proceso de fiscalizaci\u00f3n de los contratos de Progen firmados por Estado en la administraci\u00f3n de Noboa. El problema, seg\u00fan J\u00e1come, es que el Consejo de Administraci\u00f3n Legislativa (CAL) ya hab\u00eda decidido y notificado que ser\u00e1 la mesa de Transparencia y Participaci\u00f3n Ciudadana, liderada por la propia J\u00e1come y dominada por ADN, la que conozca el caso. \u00abLa Ley Org\u00e1nica de la Funci\u00f3n Legislativa es clara y establece que cuando una comisi\u00f3n conoce un proceso de Fiscalizaci\u00f3n se debe respetar y otra no puede intervenir ni llamar a autoridades y dem\u00e1s servidores\u00bb. Diana J\u00e1come, legisladora de ADN.\u00a0 La Comisi\u00f3n de Transparencia tiene previsto reunirse la tarde de este 18 de junio para establecer un cronograma de comparecencias. Esta mesa est\u00e1 conformada por: Diana J\u00e1come (ADN) Edmundo Cerda (Pachakutik) Jorge Chamba (ADN) Jorge Guevara (ADN) Isaac Solano (ADN) Dominique Serrano (ADN) Otto Vera (PSC) Blasco Luna (RC) Germania Romero (RC) Andr\u00e9s Mendoza (RC) J\u00e1come neg\u00f3 que la mesa legislativa que preside se vaya a convertir en una \u00abcomisi\u00f3n de archivo\u00bb, y asegur\u00f3 que har\u00e1n una fiscalizaci\u00f3n transparente. El pasado 11 de junio el corre\u00edsta Blasco Luna mocion\u00f3 que el Pleno de la Asamblea inicie un proceso de fiscalizaci\u00f3n a los contratos para la provisi\u00f3n de energ\u00eda firmados con la empresa estadounidense. Progen presenta solicitud de arbitraje de \u00abemergencia\u00bb por sus dos proyectos de plantas el\u00e9ctricas Uno de los objetivos era que la ministra de Energ\u00eda, In\u00e9s Manzano, comparezca ante los 151 legisladores para explicar los problemas y contratiempos en los contratos de Progen. La bancada de Acci\u00f3n Democr\u00e1tica Nacional (ADN) volvi\u00f3 a contar con cinco integrantes de la facci\u00f3n aliada de Pachakutik y logr\u00f3 bloquear el intento corre\u00edsta.<\/p>\n","protected":false},"author":1,"featured_media":24374,"comment_status":"open","ping_status":"open","sticky":false,"template":"","format":"standard","meta":{"footnotes":""},"categories":[268],"tags":[],"class_list":["post-24373","post","type-post","status-publish","format-standard","has-post-thumbnail","hentry","category-nacionales"],"_links":{"self":[{"href":"https:\/\/www.elamazonico.com\/portal\/wp-json\/wp\/v2\/posts\/24373","targetHints":{"allow":["GET"]}}],"collection":[{"href":"https:\/\/www.elamazonico.com\/portal\/wp-json\/wp\/v2\/posts"}],"about":[{"href":"https:\/\/www.elamazonico.com\/portal\/wp-json\/wp\/v2\/types\/post"}],"author":[{"embeddable":true,"href":"https:\/\/www.elamazonico.com\/portal\/wp-json\/wp\/v2\/users\/1"}],"replies":[{"embeddable":true,"href":"https:\/\/www.elamazonico.com\/portal\/wp-json\/wp\/v2\/comments?post=24373"}],"version-history":[{"count":1,"href":"https:\/\/www.elamazonico.com\/portal\/wp-json\/wp\/v2\/posts\/24373\/revisions"}],"predecessor-version":[{"id":24375,"href":"https:\/\/www.elamazonico.com\/portal\/wp-json\/wp\/v2\/posts\/24373\/revisions\/24375"}],"wp:featuredmedia":[{"embeddable":true,"href":"https:\/\/www.elamazonico.com\/portal\/wp-json\/wp\/v2\/media\/24374"}],"wp:attachment":[{"href":"https:\/\/www.elamazonico.com\/portal\/wp-json\/wp\/v2\/media?parent=24373"}],"wp:term":[{"taxonomy":"category","embeddable":true,"href":"https:\/\/www.elamazonico.com\/portal\/wp-json\/wp\/v2\/categories?post=24373"},{"taxonomy":"post_tag","embeddable":true,"href":"https:\/\/www.elamazonico.com\/portal\/wp-json\/wp\/v2\/tags?post=24373"}],"curies":[{"name":"wp","href":"https:\/\/api.w.org\/{rel}","templated":true}]}}