{"id":24370,"date":"2025-06-18T15:01:05","date_gmt":"2025-06-18T20:01:05","guid":{"rendered":"https:\/\/www.elamazonico.com\/portal\/?p=24370"},"modified":"2025-06-18T15:01:05","modified_gmt":"2025-06-18T20:01:05","slug":"muertes-violentas-contra-mujeres-aumentaron-350-en-ecuador-en-cuatro-anos-alerta-la-onu","status":"publish","type":"post","link":"https:\/\/www.elamazonico.com\/portal\/muertes-violentas-contra-mujeres-aumentaron-350-en-ecuador-en-cuatro-anos-alerta-la-onu\/","title":{"rendered":"Muertes violentas contra mujeres aumentaron 350% en Ecuador en cuatro a\u00f1os, alerta la ONU"},"content":{"rendered":"<p>En Ecuador, seis\u00a0de cada 10 mujeres han vivido alg\u00fan tipo de violencia a lo largo de su vida. Esta realidad, reconocida por el ministro del Interior, John Reimberg, motiv\u00f3 la firma de un memorando de entendimiento con ONU Mujeres este 18 de junio de 2025 en Quito.<\/p>\n<p>La alianza busca consolidar una respuesta estatal m\u00e1s efectiva, con enfoque de g\u00e9nero, frente a las m\u00faltiples formas de violencia que enfrentan las mujeres y ni\u00f1as en el pa\u00eds.<\/p>\n<p>El acuerdo, suscrito entre el Ministerio del Interior y la Entidad de las Naciones Unidas para la Igualdad de G\u00e9nero y el Empoderamiento de las Mujeres, contempla una hoja de ruta con cuatro pilares centrales que marcar\u00e1n las acciones a desarrollar:<\/p>\n<p>Formaci\u00f3n institucional con enfoque de g\u00e9nero<\/p>\n<p>Se fortalecer\u00e1n las capacidades del personal del Ministerio del Interior y de la Polic\u00eda Nacional para atender con sensibilidad y sin revictimizaci\u00f3n a las mujeres v\u00edctimas de violencia.<br \/>\nPromoci\u00f3n de la igualdad en la gesti\u00f3n p\u00fablica<\/p>\n<p>Se incluir\u00e1 el enfoque de g\u00e9nero en la toma de decisiones y procedimientos institucionales.<br \/>\nIntercambio de informaci\u00f3n estrat\u00e9gica<\/p>\n<p>Se generar\u00e1 evidencia para mejorar pol\u00edticas p\u00fablicas y dise\u00f1ar acciones preventivas eficaces.<br \/>\nImplementaci\u00f3n de proyectos conjuntos<\/p>\n<p>Se dar\u00e1 continuidad a iniciativas como Spotlight y Ciudades Seguras, que ya han mostrado resultados positivos en comunidades locales.<br \/>\nDurante la firma, el ministro Reimberg enfatiz\u00f3 que este compromiso no es simb\u00f3lico, sino una apuesta concreta por transformar la institucionalidad.<\/p>\n<blockquote><p>\u201cLa seguridad se construye desde la equidad de g\u00e9nero, el respeto y la justicia. Las mujeres no solo son parte de la seguridad de Ecuador, son su fuerza, su conciencia y su futuro\u201d. John Reimberg, ministro del Interior.<\/p><\/blockquote>\n<p>El documento tambi\u00e9n prev\u00e9 una especializaci\u00f3n de la Polic\u00eda Nacional en \u00e1reas como violencia contra ni\u00f1as y ni\u00f1os, femicidio y delitos que afectan a mujeres adolescentes, con herramientas pr\u00e1cticas y protocolos de atenci\u00f3n.<\/p>\n<p><strong>Cifras de la realidad ecuatoriana<\/strong><br \/>\nPor su parte, Alison V\u00e1sconez, representante (i) de ONU Mujeres en Ecuador, recalc\u00f3 que la violencia de g\u00e9nero no solo tiene un alto costo humano, sino tambi\u00e9n econ\u00f3mico. Cit\u00f3 un estudio de la Cooperaci\u00f3n Alemana (GIZ) que estima que el pa\u00eds pierde cerca de USD 4.000 millones anuales, equivalentes al 4,28% del PIB, a causa de la violencia contra mujeres y ni\u00f1as.<\/p>\n<p>Ecuador registr\u00f3 un 58% m\u00e1s de homicidios en el primer cuatrimestre de 2025<br \/>\nV\u00e1sconez alert\u00f3 tambi\u00e9n sobre el impacto del crimen organizado en la vida de las mujeres. Las muertes violentas, que incluyen femicidios, asesinatos y sicariatos, se dispararon de 165 casos en 2020 a m\u00e1s de 600 en 2024, un aumento de m\u00e1s del 350%.<\/p>\n<blockquote><p>\n\u201cLa violencia no es solo un problema de seguridad o delincuencia. Se agrava por factores culturales y sociales que perpet\u00faan la desigualdad y el miedo. Por eso, cuando hablamos de seguridad ciudadana, no podemos olvidar los riesgos diferenciados que enfrentan las mujeres\u201d.\u00a0Alison V\u00e1sconez, representante (i) de ONU Mujeres en Ecuador.<\/p><\/blockquote>\n<p>Este acuerdo representa un paso m\u00e1s en una colaboraci\u00f3n iniciada a\u00f1os atr\u00e1s entre ONU Mujeres y el Ministerio del Interior, que, seg\u00fan anunciaron, ya ha dado frutos como el desarrollo de un sistema de alerta temprana de femicidios y la capacitaci\u00f3n policial con perspectiva de g\u00e9nero.<\/p>\n<p>La meta, seg\u00fan Reimberg, es tener una sociedad donde la seguridad no sea un privilegio, sino un derecho garantizado para todas, sin importar el lugar, la edad o el contexto. \u201cEstamos convencidos de que una sociedad m\u00e1s justa y segura para las mujeres es una sociedad mejor para todos\u201d, concluy\u00f3. <strong>Fuente: Primicias<\/strong><\/p>\n","protected":false},"excerpt":{"rendered":"<p>En Ecuador, seis\u00a0de cada 10 mujeres han vivido alg\u00fan tipo de violencia a lo largo de su vida. Esta realidad, reconocida por el ministro del Interior, John Reimberg, motiv\u00f3 la firma de un memorando de entendimiento con ONU Mujeres este 18 de junio de 2025 en Quito. La alianza busca consolidar una respuesta estatal m\u00e1s efectiva, con enfoque de g\u00e9nero, frente a las m\u00faltiples formas de violencia que enfrentan las mujeres y ni\u00f1as en el pa\u00eds. El acuerdo, suscrito entre el Ministerio del Interior y la Entidad de las Naciones Unidas para la Igualdad de G\u00e9nero y el Empoderamiento de las Mujeres, contempla una hoja de ruta con cuatro pilares centrales que marcar\u00e1n las acciones a desarrollar: Formaci\u00f3n institucional con enfoque de g\u00e9nero Se fortalecer\u00e1n las capacidades del personal del Ministerio del Interior y de la Polic\u00eda Nacional para atender con sensibilidad y sin revictimizaci\u00f3n a las mujeres v\u00edctimas de violencia. Promoci\u00f3n de la igualdad en la gesti\u00f3n p\u00fablica Se incluir\u00e1 el enfoque de g\u00e9nero en la toma de decisiones y procedimientos institucionales. Intercambio de informaci\u00f3n estrat\u00e9gica Se generar\u00e1 evidencia para mejorar pol\u00edticas p\u00fablicas y dise\u00f1ar acciones preventivas eficaces. Implementaci\u00f3n de proyectos conjuntos Se dar\u00e1 continuidad a iniciativas como Spotlight y Ciudades Seguras, que ya han mostrado resultados positivos en comunidades locales. Durante la firma, el ministro Reimberg enfatiz\u00f3 que este compromiso no es simb\u00f3lico, sino una apuesta concreta por transformar la institucionalidad. \u201cLa seguridad se construye desde la equidad de g\u00e9nero, el respeto y la justicia. Las mujeres no solo son parte de la seguridad de Ecuador, son su fuerza, su conciencia y su futuro\u201d. John Reimberg, ministro del Interior. El documento tambi\u00e9n prev\u00e9 una especializaci\u00f3n de la Polic\u00eda Nacional en \u00e1reas como violencia contra ni\u00f1as y ni\u00f1os, femicidio y delitos que afectan a mujeres adolescentes, con herramientas pr\u00e1cticas y protocolos de atenci\u00f3n. Cifras de la realidad ecuatoriana Por su parte, Alison V\u00e1sconez, representante (i) de ONU Mujeres en Ecuador, recalc\u00f3 que la violencia de g\u00e9nero no solo tiene un alto costo humano, sino tambi\u00e9n econ\u00f3mico. Cit\u00f3 un estudio de la Cooperaci\u00f3n Alemana (GIZ) que estima que el pa\u00eds pierde cerca de USD 4.000 millones anuales, equivalentes al 4,28% del PIB, a causa de la violencia contra mujeres y ni\u00f1as. Ecuador registr\u00f3 un 58% m\u00e1s de homicidios en el primer cuatrimestre de 2025 V\u00e1sconez alert\u00f3 tambi\u00e9n sobre el impacto del crimen organizado en la vida de las mujeres. Las muertes violentas, que incluyen femicidios, asesinatos y sicariatos, se dispararon de 165 casos en 2020 a m\u00e1s de 600 en 2024, un aumento de m\u00e1s del 350%. \u201cLa violencia no es solo un problema de seguridad o delincuencia. Se agrava por factores culturales y sociales que perpet\u00faan la desigualdad y el miedo. Por eso, cuando hablamos de seguridad ciudadana, no podemos olvidar los riesgos diferenciados que enfrentan las mujeres\u201d.\u00a0Alison V\u00e1sconez, representante (i) de ONU Mujeres en Ecuador. Este acuerdo representa un paso m\u00e1s en una colaboraci\u00f3n iniciada a\u00f1os atr\u00e1s entre ONU Mujeres y el Ministerio del Interior, que, seg\u00fan anunciaron, ya ha dado frutos como el desarrollo de un sistema de alerta temprana de femicidios y la capacitaci\u00f3n policial con perspectiva de g\u00e9nero. La meta, seg\u00fan Reimberg, es tener una sociedad donde la seguridad no sea un privilegio, sino un derecho garantizado para todas, sin importar el lugar, la edad o el contexto. \u201cEstamos convencidos de que una sociedad m\u00e1s justa y segura para las mujeres es una sociedad mejor para todos\u201d, concluy\u00f3. Fuente: Primicias<\/p>\n","protected":false},"author":1,"featured_media":24371,"comment_status":"open","ping_status":"open","sticky":false,"template":"","format":"standard","meta":{"footnotes":""},"categories":[268],"tags":[],"class_list":["post-24370","post","type-post","status-publish","format-standard","has-post-thumbnail","hentry","category-nacionales"],"_links":{"self":[{"href":"https:\/\/www.elamazonico.com\/portal\/wp-json\/wp\/v2\/posts\/24370","targetHints":{"allow":["GET"]}}],"collection":[{"href":"https:\/\/www.elamazonico.com\/portal\/wp-json\/wp\/v2\/posts"}],"about":[{"href":"https:\/\/www.elamazonico.com\/portal\/wp-json\/wp\/v2\/types\/post"}],"author":[{"embeddable":true,"href":"https:\/\/www.elamazonico.com\/portal\/wp-json\/wp\/v2\/users\/1"}],"replies":[{"embeddable":true,"href":"https:\/\/www.elamazonico.com\/portal\/wp-json\/wp\/v2\/comments?post=24370"}],"version-history":[{"count":1,"href":"https:\/\/www.elamazonico.com\/portal\/wp-json\/wp\/v2\/posts\/24370\/revisions"}],"predecessor-version":[{"id":24372,"href":"https:\/\/www.elamazonico.com\/portal\/wp-json\/wp\/v2\/posts\/24370\/revisions\/24372"}],"wp:featuredmedia":[{"embeddable":true,"href":"https:\/\/www.elamazonico.com\/portal\/wp-json\/wp\/v2\/media\/24371"}],"wp:attachment":[{"href":"https:\/\/www.elamazonico.com\/portal\/wp-json\/wp\/v2\/media?parent=24370"}],"wp:term":[{"taxonomy":"category","embeddable":true,"href":"https:\/\/www.elamazonico.com\/portal\/wp-json\/wp\/v2\/categories?post=24370"},{"taxonomy":"post_tag","embeddable":true,"href":"https:\/\/www.elamazonico.com\/portal\/wp-json\/wp\/v2\/tags?post=24370"}],"curies":[{"name":"wp","href":"https:\/\/api.w.org\/{rel}","templated":true}]}}