{"id":24366,"date":"2025-06-18T11:04:36","date_gmt":"2025-06-18T16:04:36","guid":{"rendered":"https:\/\/www.elamazonico.com\/portal\/?p=24366"},"modified":"2025-06-18T11:04:36","modified_gmt":"2025-06-18T16:04:36","slug":"la-utpl-y-la-bienal-de-cuenca-se-unen-para-impulsar-el-arte-y-la-educacion-en-el-sur-del-ecuador","status":"publish","type":"post","link":"https:\/\/www.elamazonico.com\/portal\/la-utpl-y-la-bienal-de-cuenca-se-unen-para-impulsar-el-arte-y-la-educacion-en-el-sur-del-ecuador\/","title":{"rendered":"La UTPL y la Bienal de Cuenca se unen para impulsar el arte y la educaci\u00f3n en el sur del Ecuador"},"content":{"rendered":"<p data-start=\"206\" data-end=\"562\">La Universidad T\u00e9cnica Particular de Loja (UTPL) y la Bienal de Cuenca han suscrito un convenio de cooperaci\u00f3n interinstitucional para la organizaci\u00f3n del <strong data-start=\"501\" data-end=\"561\">Congreso de las Nuevas Pedagog\u00edas del Arte Contempor\u00e1neo<\/strong>.<\/p>\n<p data-start=\"564\" data-end=\"864\">Este evento de relevancia internacional se llevar\u00e1 a cabo en la ciudad de Loja los d\u00edas <strong data-start=\"652\" data-end=\"682\">27 y 28 de octubre de 2025<\/strong>, y contar\u00e1 con la participaci\u00f3n de <strong data-start=\"718\" data-end=\"764\">17 curadores de museos de renombre mundial<\/strong>, quienes compartir\u00e1n su visi\u00f3n sobre las nuevas din\u00e1micas entre arte, educaci\u00f3n y gesti\u00f3n cultural.<\/p>\n<p data-start=\"866\" data-end=\"1138\">La iniciativa forma parte de la <strong data-start=\"898\" data-end=\"928\">Bienal de Puertas Abiertas<\/strong>, un proyecto que busca descentralizar las actividades art\u00edsticas y ampliar el acceso a espacios de reflexi\u00f3n cultural en el sur del Ecuador, abriendo nuevas oportunidades para artistas, gestores y estudiantes.<\/p>\n<p data-start=\"1140\" data-end=\"1252\"><strong data-start=\"1140\" data-end=\"1252\">Muy pronto se dar\u00e1n a conocer m\u00e1s detalles sobre la programaci\u00f3n, conferencistas y actividades del Congreso.<\/strong><\/p>\n","protected":false},"excerpt":{"rendered":"<p>La Universidad T\u00e9cnica Particular de Loja (UTPL) y la Bienal de Cuenca han suscrito un convenio de cooperaci\u00f3n interinstitucional para la organizaci\u00f3n del Congreso de las Nuevas Pedagog\u00edas del Arte Contempor\u00e1neo. Este evento de relevancia internacional se llevar\u00e1 a cabo en la ciudad de Loja los d\u00edas 27 y 28 de octubre de 2025, y contar\u00e1 con la participaci\u00f3n de 17 curadores de museos de renombre mundial, quienes compartir\u00e1n su visi\u00f3n sobre las nuevas din\u00e1micas entre arte, educaci\u00f3n y gesti\u00f3n cultural. La iniciativa forma parte de la Bienal de Puertas Abiertas, un proyecto que busca descentralizar las actividades art\u00edsticas y ampliar el acceso a espacios de reflexi\u00f3n cultural en el sur del Ecuador, abriendo nuevas oportunidades para artistas, gestores y estudiantes. Muy pronto se dar\u00e1n a conocer m\u00e1s detalles sobre la programaci\u00f3n, conferencistas y actividades del Congreso.<\/p>\n","protected":false},"author":1,"featured_media":24367,"comment_status":"open","ping_status":"open","sticky":false,"template":"","format":"standard","meta":{"footnotes":""},"categories":[284],"tags":[],"class_list":["post-24366","post","type-post","status-publish","format-standard","has-post-thumbnail","hentry","category-noticias-loja"],"_links":{"self":[{"href":"https:\/\/www.elamazonico.com\/portal\/wp-json\/wp\/v2\/posts\/24366","targetHints":{"allow":["GET"]}}],"collection":[{"href":"https:\/\/www.elamazonico.com\/portal\/wp-json\/wp\/v2\/posts"}],"about":[{"href":"https:\/\/www.elamazonico.com\/portal\/wp-json\/wp\/v2\/types\/post"}],"author":[{"embeddable":true,"href":"https:\/\/www.elamazonico.com\/portal\/wp-json\/wp\/v2\/users\/1"}],"replies":[{"embeddable":true,"href":"https:\/\/www.elamazonico.com\/portal\/wp-json\/wp\/v2\/comments?post=24366"}],"version-history":[{"count":1,"href":"https:\/\/www.elamazonico.com\/portal\/wp-json\/wp\/v2\/posts\/24366\/revisions"}],"predecessor-version":[{"id":24368,"href":"https:\/\/www.elamazonico.com\/portal\/wp-json\/wp\/v2\/posts\/24366\/revisions\/24368"}],"wp:featuredmedia":[{"embeddable":true,"href":"https:\/\/www.elamazonico.com\/portal\/wp-json\/wp\/v2\/media\/24367"}],"wp:attachment":[{"href":"https:\/\/www.elamazonico.com\/portal\/wp-json\/wp\/v2\/media?parent=24366"}],"wp:term":[{"taxonomy":"category","embeddable":true,"href":"https:\/\/www.elamazonico.com\/portal\/wp-json\/wp\/v2\/categories?post=24366"},{"taxonomy":"post_tag","embeddable":true,"href":"https:\/\/www.elamazonico.com\/portal\/wp-json\/wp\/v2\/tags?post=24366"}],"curies":[{"name":"wp","href":"https:\/\/api.w.org\/{rel}","templated":true}]}}