{"id":24346,"date":"2025-06-17T19:06:12","date_gmt":"2025-06-18T00:06:12","guid":{"rendered":"https:\/\/www.elamazonico.com\/portal\/?p=24346"},"modified":"2025-06-17T19:06:12","modified_gmt":"2025-06-18T00:06:12","slug":"reforma-al-codigo-monetario-plantea-que-gerente-del-banco-central-sea-designado-por-el-presidente","status":"publish","type":"post","link":"https:\/\/www.elamazonico.com\/portal\/reforma-al-codigo-monetario-plantea-que-gerente-del-banco-central-sea-designado-por-el-presidente\/","title":{"rendered":"Reforma al C\u00f3digo Monetario plantea que Gerente del Banco Central sea designado por el Presidente"},"content":{"rendered":"<p>Una propuesta de reforma al C\u00f3digo Monetario y Financiero, que se encuentra en tratamiento en la Asamblea Nacional, plantea que el Gerente General del Banco Central del Ecuador (BCE) sea designado por el Presidente de la Rep\u00fablica.<\/p>\n<p>Actualmente, esta autoridad es designada por la Junta de Pol\u00edtica y Regulaci\u00f3n Monetaria para un per\u00edodo de cuatro a\u00f1os, renovables por una sola vez.\u00a0Adem\u00e1s del cambio en la designaci\u00f3n, el art\u00edculo propuesto ya no hace referencia al lapso de tiempo que deber\u00eda durar el Gerente en su cargo.<\/p>\n<p>La reforma al art\u00edculo 50 del C\u00f3digo fue incluida en el informe para primer debate del Proyecto de Ley de Integridad P\u00fablica, aprobado por la Comisi\u00f3n de Desarrollo Econ\u00f3mico, el 12 de junio de 2025.<\/p>\n<p>La exgerente del Banco Central, Ver\u00f3nica Artola, cree que la designaci\u00f3n por parte del Presidente podr\u00eda ser una ventaja al ser un proceso m\u00e1s \u00e1gil.\u00a0\u00abNo creo que tenga impacto en la autonom\u00eda del Banco porque igual los miembros de la Junta ya son elegidos de la terna que manda el Presidente de la Rep\u00fablica\u00a0 a la Asamblea\u00bb, recuerda.<\/p>\n<p>Artola a\u00f1ade que el Banco Central es una entidad que debe dar cumplimiento a la pol\u00edtica monetaria delineada por el Ejecutivo.<\/p>\n<p>\u00abEsta opci\u00f3n da la flexibilidad al Presidente de que si el Gerente del Banco Central no est\u00e1 funcionando, pueda ser cambiado en el momento que se necesite para reactivar la econom\u00eda. Actualmente, la Junta Monetaria lo elige por cuatro a\u00f1os, eso es una camisa de fuerzas\u00bb, se\u00f1ala la extitular del BCE.<\/p>\n<p>Por el contrario, al exministro de Econom\u00eda, Mauricio Pozo, le preocupa que este cambio en la elecci\u00f3n del Gerente se materialice, pues considera que con esto la instituci\u00f3n se pueda volver dependiente del Ejecutivo, lo que contraviene con su autonom\u00eda.<\/p>\n<p>Para Pozo,\u00a0 lo ideal es que sea una entidad independiente de cualquier gobierno, como ocurre en otros pa\u00edses de la regi\u00f3n como Per\u00fa y Chile.<\/p>\n<p>\u00abMe preocupa el objetivo que se busque sea controlar\u00a0un poco m\u00e1s otra instancia. Una instituci\u00f3n como esta debe ser proveedora de informaci\u00f3n econ\u00f3mica para la toma de decisiones, por tanto, no puede ser ni parte del Gobierno ni del sector privado; debe ser una entidad de alta credibilidad\u00bb, explica Pozo.<\/p>\n<p><strong>Problema de base<\/strong><br \/>\nSin embargo, los dos analistas coinciden en que la forma en que se elige actualmente, por designaci\u00f3n de la Junta Monetaria, tampoco es la m\u00e1s id\u00f3nea, pues -seg\u00fan ellos- parte de un error de base:\u00a0la existencia de dos juntas de regulaci\u00f3n, una monetaria y otra financiera, como lo determin\u00f3 la Ley de Defensa de la Dolarizaci\u00f3n, en abril de 2021.<\/p>\n<p>Pozo considera que esa divisi\u00f3n ha creado un conflicto de facultades y competencias, y por ende, tambi\u00e9n ha limitado las funciones del Gerente del Banco Central.<\/p>\n<p>Por otro lado, la exgerente del Central, Ver\u00f3nica Artola, recuerda que la divisi\u00f3n de la anterior junta en dos fue resultado de una asesor\u00eda del Fondo Monetario Internacional (FMI). El multilateral adem\u00e1s era partidario de que la elecci\u00f3n del Gerente del Central sea independiente a los per\u00edodos de Gobierno.<\/p>\n<p>Por ello, Artola considera que el cambio que se est\u00e1 planteando podr\u00eda generar ruido en el FMI. <strong>Fuente: Primicias<\/strong><\/p>\n","protected":false},"excerpt":{"rendered":"<p>Una propuesta de reforma al C\u00f3digo Monetario y Financiero, que se encuentra en tratamiento en la Asamblea Nacional, plantea que el Gerente General del Banco Central del Ecuador (BCE) sea designado por el Presidente de la Rep\u00fablica. Actualmente, esta autoridad es designada por la Junta de Pol\u00edtica y Regulaci\u00f3n Monetaria para un per\u00edodo de cuatro a\u00f1os, renovables por una sola vez.\u00a0Adem\u00e1s del cambio en la designaci\u00f3n, el art\u00edculo propuesto ya no hace referencia al lapso de tiempo que deber\u00eda durar el Gerente en su cargo. La reforma al art\u00edculo 50 del C\u00f3digo fue incluida en el informe para primer debate del Proyecto de Ley de Integridad P\u00fablica, aprobado por la Comisi\u00f3n de Desarrollo Econ\u00f3mico, el 12 de junio de 2025. La exgerente del Banco Central, Ver\u00f3nica Artola, cree que la designaci\u00f3n por parte del Presidente podr\u00eda ser una ventaja al ser un proceso m\u00e1s \u00e1gil.\u00a0\u00abNo creo que tenga impacto en la autonom\u00eda del Banco porque igual los miembros de la Junta ya son elegidos de la terna que manda el Presidente de la Rep\u00fablica\u00a0 a la Asamblea\u00bb, recuerda. Artola a\u00f1ade que el Banco Central es una entidad que debe dar cumplimiento a la pol\u00edtica monetaria delineada por el Ejecutivo. \u00abEsta opci\u00f3n da la flexibilidad al Presidente de que si el Gerente del Banco Central no est\u00e1 funcionando, pueda ser cambiado en el momento que se necesite para reactivar la econom\u00eda. Actualmente, la Junta Monetaria lo elige por cuatro a\u00f1os, eso es una camisa de fuerzas\u00bb, se\u00f1ala la extitular del BCE. Por el contrario, al exministro de Econom\u00eda, Mauricio Pozo, le preocupa que este cambio en la elecci\u00f3n del Gerente se materialice, pues considera que con esto la instituci\u00f3n se pueda volver dependiente del Ejecutivo, lo que contraviene con su autonom\u00eda. Para Pozo,\u00a0 lo ideal es que sea una entidad independiente de cualquier gobierno, como ocurre en otros pa\u00edses de la regi\u00f3n como Per\u00fa y Chile. \u00abMe preocupa el objetivo que se busque sea controlar\u00a0un poco m\u00e1s otra instancia. Una instituci\u00f3n como esta debe ser proveedora de informaci\u00f3n econ\u00f3mica para la toma de decisiones, por tanto, no puede ser ni parte del Gobierno ni del sector privado; debe ser una entidad de alta credibilidad\u00bb, explica Pozo. Problema de base Sin embargo, los dos analistas coinciden en que la forma en que se elige actualmente, por designaci\u00f3n de la Junta Monetaria, tampoco es la m\u00e1s id\u00f3nea, pues -seg\u00fan ellos- parte de un error de base:\u00a0la existencia de dos juntas de regulaci\u00f3n, una monetaria y otra financiera, como lo determin\u00f3 la Ley de Defensa de la Dolarizaci\u00f3n, en abril de 2021. Pozo considera que esa divisi\u00f3n ha creado un conflicto de facultades y competencias, y por ende, tambi\u00e9n ha limitado las funciones del Gerente del Banco Central. Por otro lado, la exgerente del Central, Ver\u00f3nica Artola, recuerda que la divisi\u00f3n de la anterior junta en dos fue resultado de una asesor\u00eda del Fondo Monetario Internacional (FMI). El multilateral adem\u00e1s era partidario de que la elecci\u00f3n del Gerente del Central sea independiente a los per\u00edodos de Gobierno. Por ello, Artola considera que el cambio que se est\u00e1 planteando podr\u00eda generar ruido en el FMI. Fuente: Primicias<\/p>\n","protected":false},"author":1,"featured_media":24347,"comment_status":"open","ping_status":"open","sticky":false,"template":"","format":"standard","meta":{"footnotes":""},"categories":[268],"tags":[],"class_list":["post-24346","post","type-post","status-publish","format-standard","has-post-thumbnail","hentry","category-nacionales"],"_links":{"self":[{"href":"https:\/\/www.elamazonico.com\/portal\/wp-json\/wp\/v2\/posts\/24346","targetHints":{"allow":["GET"]}}],"collection":[{"href":"https:\/\/www.elamazonico.com\/portal\/wp-json\/wp\/v2\/posts"}],"about":[{"href":"https:\/\/www.elamazonico.com\/portal\/wp-json\/wp\/v2\/types\/post"}],"author":[{"embeddable":true,"href":"https:\/\/www.elamazonico.com\/portal\/wp-json\/wp\/v2\/users\/1"}],"replies":[{"embeddable":true,"href":"https:\/\/www.elamazonico.com\/portal\/wp-json\/wp\/v2\/comments?post=24346"}],"version-history":[{"count":1,"href":"https:\/\/www.elamazonico.com\/portal\/wp-json\/wp\/v2\/posts\/24346\/revisions"}],"predecessor-version":[{"id":24348,"href":"https:\/\/www.elamazonico.com\/portal\/wp-json\/wp\/v2\/posts\/24346\/revisions\/24348"}],"wp:featuredmedia":[{"embeddable":true,"href":"https:\/\/www.elamazonico.com\/portal\/wp-json\/wp\/v2\/media\/24347"}],"wp:attachment":[{"href":"https:\/\/www.elamazonico.com\/portal\/wp-json\/wp\/v2\/media?parent=24346"}],"wp:term":[{"taxonomy":"category","embeddable":true,"href":"https:\/\/www.elamazonico.com\/portal\/wp-json\/wp\/v2\/categories?post=24346"},{"taxonomy":"post_tag","embeddable":true,"href":"https:\/\/www.elamazonico.com\/portal\/wp-json\/wp\/v2\/tags?post=24346"}],"curies":[{"name":"wp","href":"https:\/\/api.w.org\/{rel}","templated":true}]}}